{"id":150222,"date":"2022-05-23T10:16:51","date_gmt":"2022-05-23T08:16:51","guid":{"rendered":"https:\/\/up.lublin.pl\/srodowiskowa\/?p=150222"},"modified":"2022-05-26T19:50:12","modified_gmt":"2022-05-26T17:50:12","slug":"oferta-wsparcia-dla-studentow-przez-mup-w-lublinie","status":"publish","type":"post","link":"https:\/\/up.lublin.pl\/srodowiskowa\/oferta-wsparcia-dla-studentow-przez-mup-w-lublinie\/","title":{"rendered":"Oferta wsparcia dla student\u00f3w przez MUP w Lublinie"},"content":{"rendered":"<p>Drodzy studenci \u2013 Miejski Urz\u0105d Pracy w Lublinie zaprasza do korzystania z dost\u0119pnej dla os\u00f3b m\u0142odych szerokiej oferty wsparcia. Mo\u017cna zyska\u0107 nie tylko ubezpieczenie zdrowotne, ale przede wszystkim \u0142atwy dost\u0119p do ofert pracy i miejsc czekaj\u0105cych na sta\u017cyst\u00f3w, czy te\u017c wzi\u0105\u0107 udzia\u0142 w szkoleniu zawodowym.<\/p>\n<p>&nbsp;<\/p>\n<p>Na osoby z pomys\u0142em na w\u0142asn\u0105 dzia\u0142alno\u015b\u0107 gospodarcz\u0105 czekaj\u0105 dotacje na jej rozpocz\u0119cie. Wszystkie szczeg\u00f3\u0142y znajduj\u0105 si\u0119 tu: <span style=\"color: #0000ff\">muplublin.praca.gov.pl<span style=\"color: #000000\">,<\/span><\/span> a formalno\u015bci mo\u017cna szybko za\u0142atwi\u0107 przez internet.<br \/>\nZapraszamy do kontaktu 814665257; promocjauslug@mup.lublin.pl<\/p>\n<p>&nbsp;<\/p>\n<p style=\"text-align: center\"><img loading=\"lazy\" class=\"alignnone wp-image-150223\" src=\"https:\/\/up.lublin.pl\/srodowiskowa\/wp-content\/uploads\/sites\/5\/2022\/05\/Zal.-2.-Ulotka-plakat-Konczysz-studia-I-co-dalej.jpg\" alt=\"\" width=\"713\" height=\"1009\" \/><\/p>\n","protected":false},"excerpt":{"rendered":"<p>Drodzy studenci \u2013 Miejski Urz\u0105d Pracy w Lublinie zaprasza do korzystania z dost\u0119pnej dla os\u00f3b m\u0142odych szerokiej oferty wsparcia. Mo\u017cna zyska\u0107 nie tylko ubezpieczenie zdrowotne, ale przede wszystkim \u0142atwy dost\u0119p do ofert pracy i miejsc czekaj\u0105cych na sta\u017cyst\u00f3w, czy te\u017c wzi\u0105\u0107 udzia\u0142 w szkoleniu zawodowym. &nbsp; Na osoby z pomys\u0142em na w\u0142asn\u0105 dzia\u0142alno\u015b\u0107 gospodarcz\u0105 czekaj\u0105 [&hellip;]<\/p>\n","protected":false},"author":201,"featured_media":150330,"comment_status":"closed","ping_status":"open","sticky":false,"template":"","format":"standard","meta":{"_monsterinsights_skip_tracking":false,"_monsterinsights_sitenote_active":false,"_monsterinsights_sitenote_note":"","_monsterinsights_sitenote_category":0},"categories":[24],"tags":[],"_links":{"self":[{"href":"https:\/\/up.lublin.pl\/srodowiskowa\/wp-json\/wp\/v2\/posts\/150222"}],"collection":[{"href":"https:\/\/up.lublin.pl\/srodowiskowa\/wp-json\/wp\/v2\/posts"}],"about":[{"href":"https:\/\/up.lublin.pl\/srodowiskowa\/wp-json\/wp\/v2\/types\/post"}],"author":[{"embeddable":true,"href":"https:\/\/up.lublin.pl\/srodowiskowa\/wp-json\/wp\/v2\/users\/201"}],"replies":[{"embeddable":true,"href":"https:\/\/up.lublin.pl\/srodowiskowa\/wp-json\/wp\/v2\/comments?post=150222"}],"version-history":[{"count":2,"href":"https:\/\/up.lublin.pl\/srodowiskowa\/wp-json\/wp\/v2\/posts\/150222\/revisions"}],"predecessor-version":[{"id":150228,"href":"https:\/\/up.lublin.pl\/srodowiskowa\/wp-json\/wp\/v2\/posts\/150222\/revisions\/150228"}],"wp:featuredmedia":[{"embeddable":true,"href":"https:\/\/up.lublin.pl\/srodowiskowa\/wp-json\/wp\/v2\/media\/150330"}],"wp:attachment":[{"href":"https:\/\/up.lublin.pl\/srodowiskowa\/wp-json\/wp\/v2\/media?parent=150222"}],"wp:term":[{"taxonomy":"category","embeddable":true,"href":"https:\/\/up.lublin.pl\/srodowiskowa\/wp-json\/wp\/v2\/categories?post=150222"},{"taxonomy":"post_tag","embeddable":true,"href":"https:\/\/up.lublin.pl\/srodowiskowa\/wp-json\/wp\/v2\/tags?post=150222"}],"curies":[{"name":"wp","href":"https:\/\/api.w.org\/{rel}","templated":true}]}}