{"id":150137,"date":"2022-05-18T11:56:01","date_gmt":"2022-05-18T09:56:01","guid":{"rendered":"https:\/\/up.lublin.pl\/srodowiskowa\/?p=150137"},"modified":"2022-06-07T14:04:00","modified_gmt":"2022-06-07T12:04:00","slug":"wspolpraca-w-ramach-programu-erasmus-staff-mobility-for-teaching","status":"publish","type":"post","link":"https:\/\/up.lublin.pl\/srodowiskowa\/wspolpraca-w-ramach-programu-erasmus-staff-mobility-for-teaching\/","title":{"rendered":"Wsp\u00f3\u0142praca w ramach programu Erasmus+ &#8211; Staff Mobility for Teaching"},"content":{"rendered":"<p>&nbsp;<\/p>\n<p>W dniach 9-13 maja 2022 roku w Katedrze Hydrobiologii i Ochrony Ekosystem\u00f3w Wydzia\u0142u Biologii \u015arodowiskowej go\u015bcili\u015bmy prof. Bell\u0119 Japoshvili z Katedry Hydrobiologii i Ichtiologii Uniwersytetu w Tbilisi w Gruzji (Ilia State University).<\/p>\n<p>&nbsp;<\/p>\n<p><img loading=\"lazy\" class=\"wp-image-150138 aligncenter\" src=\"https:\/\/up.lublin.pl\/srodowiskowa\/wp-content\/uploads\/sites\/5\/2022\/05\/Fot.-11.jpg\" alt=\"\" width=\"765\" height=\"574\" \/><\/p>\n<p>&nbsp;<\/p>\n<p>Pani Profesor przeprowadzi\u0142a cykl wyk\u0142ad\u00f3w z zakresu ekologii, hydrobiologii i ochrony przyrody dla student\u00f3w kierunk\u00f3w: Ochrona \u015arodowiska oraz Biobezpiecze\u0144stwo i zarz\u0105dzanie kryzysowe, jak r\u00f3wnie\u017c wyg\u0142osi\u0142a wyk\u0142ad na zebraniu Polskiego Towarzystwa Hydrobiologicznego \u2013 oddzia\u0142 Lublin. Jej wizyta odby\u0142a si\u0119 w ramach mobilno\u015bci programu Erasmus+ (Staff Mobility for Teaching).<\/p>\n<p>&nbsp;<\/p>\n<p style=\"text-align: center\"><img loading=\"lazy\" class=\"alignnone wp-image-150142\" src=\"https:\/\/up.lublin.pl\/srodowiskowa\/wp-content\/uploads\/sites\/5\/2022\/05\/Fot.-21.jpg\" alt=\"\" width=\"765\" height=\"574\" \/><\/p>\n<p><img loading=\"lazy\" class=\"aligncenter wp-image-150146\" src=\"https:\/\/up.lublin.pl\/srodowiskowa\/wp-content\/uploads\/sites\/5\/2022\/05\/Fot.-31.jpg\" alt=\"\" width=\"765\" height=\"650\" \/><\/p>\n<p>&nbsp;<\/p>\n<p><img loading=\"lazy\" class=\"wp-image-150154 aligncenter\" src=\"https:\/\/up.lublin.pl\/srodowiskowa\/wp-content\/uploads\/sites\/5\/2022\/05\/Fot.-51.jpg\" alt=\"\" width=\"765\" height=\"574\" \/><\/p>\n<p>&nbsp;<\/p>\n<p>Podobna wizyta w uczelni partnerskiej w Tbilisi odb\u0119dzie si\u0119 w czerwcu b.r., gdzie zaj\u0119cia dydaktyczne b\u0119dzie prowadzi\u0107 dr hab. Wojciech P\u0119czu\u0142a prof. UP. Rozwijaj\u0105ca si\u0119 wsp\u00f3\u0142praca w zakresie dydaktyki ma szans\u0119 zaowocowa\u0107 wsp\u00f3lnymi przedsi\u0119wzi\u0119ciami o charakterze naukowym ze wzgl\u0119du na zbli\u017cony profil badawczy obu jednostek.<\/p>\n<p>&nbsp;<\/p>\n<p><img loading=\"lazy\" class=\"aligncenter wp-image-150150\" src=\"https:\/\/up.lublin.pl\/srodowiskowa\/wp-content\/uploads\/sites\/5\/2022\/05\/Fot.-41.jpg\" alt=\"\" width=\"765\" height=\"684\" \/><\/p>\n","protected":false},"excerpt":{"rendered":"<p>&nbsp; W dniach 9-13 maja 2022 roku w Katedrze Hydrobiologii i Ochrony Ekosystem\u00f3w Wydzia\u0142u Biologii \u015arodowiskowej go\u015bcili\u015bmy prof. Bell\u0119 Japoshvili z Katedry Hydrobiologii i Ichtiologii Uniwersytetu w Tbilisi w Gruzji (Ilia State University). &nbsp; &nbsp; Pani Profesor przeprowadzi\u0142a cykl wyk\u0142ad\u00f3w z zakresu ekologii, hydrobiologii i ochrony przyrody dla student\u00f3w kierunk\u00f3w: Ochrona \u015arodowiska oraz Biobezpiecze\u0144stwo i [&hellip;]<\/p>\n","protected":false},"author":201,"featured_media":150522,"comment_status":"closed","ping_status":"open","sticky":false,"template":"","format":"standard","meta":{"_monsterinsights_skip_tracking":false,"_monsterinsights_sitenote_active":false,"_monsterinsights_sitenote_note":"","_monsterinsights_sitenote_category":0},"categories":[24],"tags":[],"_links":{"self":[{"href":"https:\/\/up.lublin.pl\/srodowiskowa\/wp-json\/wp\/v2\/posts\/150137"}],"collection":[{"href":"https:\/\/up.lublin.pl\/srodowiskowa\/wp-json\/wp\/v2\/posts"}],"about":[{"href":"https:\/\/up.lublin.pl\/srodowiskowa\/wp-json\/wp\/v2\/types\/post"}],"author":[{"embeddable":true,"href":"https:\/\/up.lublin.pl\/srodowiskowa\/wp-json\/wp\/v2\/users\/201"}],"replies":[{"embeddable":true,"href":"https:\/\/up.lublin.pl\/srodowiskowa\/wp-json\/wp\/v2\/comments?post=150137"}],"version-history":[{"count":5,"href":"https:\/\/up.lublin.pl\/srodowiskowa\/wp-json\/wp\/v2\/posts\/150137\/revisions"}],"predecessor-version":[{"id":150162,"href":"https:\/\/up.lublin.pl\/srodowiskowa\/wp-json\/wp\/v2\/posts\/150137\/revisions\/150162"}],"wp:featuredmedia":[{"embeddable":true,"href":"https:\/\/up.lublin.pl\/srodowiskowa\/wp-json\/wp\/v2\/media\/150522"}],"wp:attachment":[{"href":"https:\/\/up.lublin.pl\/srodowiskowa\/wp-json\/wp\/v2\/media?parent=150137"}],"wp:term":[{"taxonomy":"category","embeddable":true,"href":"https:\/\/up.lublin.pl\/srodowiskowa\/wp-json\/wp\/v2\/categories?post=150137"},{"taxonomy":"post_tag","embeddable":true,"href":"https:\/\/up.lublin.pl\/srodowiskowa\/wp-json\/wp\/v2\/tags?post=150137"}],"curies":[{"name":"wp","href":"https:\/\/api.w.org\/{rel}","templated":true}]}}