{"id":149885,"date":"2022-05-12T07:46:09","date_gmt":"2022-05-12T05:46:09","guid":{"rendered":"https:\/\/up.lublin.pl\/srodowiskowa\/?p=149885"},"modified":"2022-06-13T09:20:42","modified_gmt":"2022-06-13T07:20:42","slug":"ogloszenie-o-terminach-egzaminow-dyplomowych-na-studiach-ii-stopnia-konczacych-sie-uzyskaniem-tytulu-zawodowego-magistra-w-r-ak-2021-2022","status":"publish","type":"post","link":"https:\/\/up.lublin.pl\/srodowiskowa\/ogloszenie-o-terminach-egzaminow-dyplomowych-na-studiach-ii-stopnia-konczacych-sie-uzyskaniem-tytulu-zawodowego-magistra-w-r-ak-2021-2022\/","title":{"rendered":"Og\u0142oszenie o terminach egzamin\u00f3w dyplomowych na studiach II stopnia ko\u0144cz\u0105cych si\u0119 uzyskaniem tytu\u0142u zawodowego magistra w r. ak. 2021\/2022"},"content":{"rendered":"<p style=\"text-align: center\"><strong>EGZAMIN DYPLOMOWY MAGISTERSKI DLA KIERUNK\u00d3W<\/strong><\/p>\n<p style=\"text-align: center\"><strong>\u00a0<\/strong><\/p>\n<p style=\"text-align: center\"><strong>BIOLOGIA, spec. BIOLOGIA S\u0104DOWA\u00a0<\/strong>studia stacjonarne II stopnia, profil og\u00f3lnoakademicki, nab\u00f3r 2020\/2021<\/p>\n<p style=\"text-align: center\"><strong>\u00a0<\/strong><\/p>\n<p style=\"text-align: center\"><strong>BIOLOGIA, spec. BIOLOGIA S\u0104DOWA\u00a0<\/strong>studia niestacjonarne II stopnia, profil og\u00f3lnoakademicki, nab\u00f3r 2020\/2021<\/p>\n<p style=\"text-align: center\"><strong>\u00a0<\/strong><\/p>\n<p style=\"text-align: center\"><strong>OCHRONA \u015aRODOWISKA\u00a0<\/strong>studia stacjonarne II stopnia, profil og\u00f3lnoakademicki, nab\u00f3r 2020\/2021<\/p>\n<p style=\"text-align: center\"><strong>\u00a0<\/strong><\/p>\n<p style=\"text-align: center\"><strong>planowany jest w dniach:<\/strong><\/p>\n<p style=\"text-align: center\"><strong>\u00a0<\/strong><\/p>\n<p style=\"text-align: center\"><span style=\"color: #000000\"><strong>24 czerwca 2022 r. <\/strong><\/span><\/p>\n<p style=\"text-align: center\"><span style=\"color: #000000\">(termin kierowany do student\u00f3w, kt\u00f3rzy chc\u0105 wcze\u015bniej przyst\u0105pi\u0107 do egzaminu)<\/span><\/p>\n<p style=\"text-align: center\"><strong>Rektorat, pok. 357<\/strong><\/p>\n<p>&nbsp;<\/p>\n<p>&nbsp;<\/p>\n<p style=\"text-align: center\"><strong>06 \u2013 07 \u2013 08 lipca 2022 r.<\/strong><\/p>\n<p style=\"text-align: center\"><strong>11 lipca 2022 r.<\/strong><\/p>\n<p style=\"text-align: center\"><strong>w godz. 09:00 \u2013 15:00, Sala Konferencyjna Agro II<\/strong><\/p>\n<p>&nbsp;<\/p>\n<p style=\"text-align: center\"><em>Przewodnicz\u0105ca Komisji Egzaminacyjnej\u00a0<\/em><strong><em>prof. dr hab. Bo\u017cena Denisow<\/em><\/strong><\/p>\n<p>&nbsp;<\/p>\n","protected":false},"excerpt":{"rendered":"<p>EGZAMIN DYPLOMOWY MAGISTERSKI DLA KIERUNK\u00d3W \u00a0 BIOLOGIA, spec. BIOLOGIA S\u0104DOWA\u00a0studia stacjonarne II stopnia, profil og\u00f3lnoakademicki, nab\u00f3r 2020\/2021 \u00a0 BIOLOGIA, spec. BIOLOGIA S\u0104DOWA\u00a0studia niestacjonarne II stopnia, profil og\u00f3lnoakademicki, nab\u00f3r 2020\/2021 \u00a0 OCHRONA \u015aRODOWISKA\u00a0studia stacjonarne II stopnia, profil og\u00f3lnoakademicki, nab\u00f3r 2020\/2021 \u00a0 planowany jest w dniach: \u00a0 24 czerwca 2022 r. (termin kierowany do student\u00f3w, kt\u00f3rzy chc\u0105 [&hellip;]<\/p>\n","protected":false},"author":202,"featured_media":150439,"comment_status":"closed","ping_status":"open","sticky":false,"template":"","format":"standard","meta":{"_monsterinsights_skip_tracking":false,"_monsterinsights_sitenote_active":false,"_monsterinsights_sitenote_note":"","_monsterinsights_sitenote_category":0},"categories":[24],"tags":[],"_links":{"self":[{"href":"https:\/\/up.lublin.pl\/srodowiskowa\/wp-json\/wp\/v2\/posts\/149885"}],"collection":[{"href":"https:\/\/up.lublin.pl\/srodowiskowa\/wp-json\/wp\/v2\/posts"}],"about":[{"href":"https:\/\/up.lublin.pl\/srodowiskowa\/wp-json\/wp\/v2\/types\/post"}],"author":[{"embeddable":true,"href":"https:\/\/up.lublin.pl\/srodowiskowa\/wp-json\/wp\/v2\/users\/202"}],"replies":[{"embeddable":true,"href":"https:\/\/up.lublin.pl\/srodowiskowa\/wp-json\/wp\/v2\/comments?post=149885"}],"version-history":[{"count":15,"href":"https:\/\/up.lublin.pl\/srodowiskowa\/wp-json\/wp\/v2\/posts\/149885\/revisions"}],"predecessor-version":[{"id":150625,"href":"https:\/\/up.lublin.pl\/srodowiskowa\/wp-json\/wp\/v2\/posts\/149885\/revisions\/150625"}],"wp:featuredmedia":[{"embeddable":true,"href":"https:\/\/up.lublin.pl\/srodowiskowa\/wp-json\/wp\/v2\/media\/150439"}],"wp:attachment":[{"href":"https:\/\/up.lublin.pl\/srodowiskowa\/wp-json\/wp\/v2\/media?parent=149885"}],"wp:term":[{"taxonomy":"category","embeddable":true,"href":"https:\/\/up.lublin.pl\/srodowiskowa\/wp-json\/wp\/v2\/categories?post=149885"},{"taxonomy":"post_tag","embeddable":true,"href":"https:\/\/up.lublin.pl\/srodowiskowa\/wp-json\/wp\/v2\/tags?post=149885"}],"curies":[{"name":"wp","href":"https:\/\/api.w.org\/{rel}","templated":true}]}}