{"id":149867,"date":"2022-06-06T08:33:33","date_gmt":"2022-06-06T06:33:33","guid":{"rendered":"https:\/\/up.lublin.pl\/srodowiskowa\/?p=149867"},"modified":"2022-06-06T08:32:51","modified_gmt":"2022-06-06T06:32:51","slug":"ogloszenie-o-terminach-egzaminow-dyplomowych-na-studiach-i-stopnia-konczacych-sie-uzyskaniem-tytulu-zawodowego-licencjata-i-inzyniera-w-r-ak-2021-2022","status":"publish","type":"post","link":"https:\/\/up.lublin.pl\/srodowiskowa\/ogloszenie-o-terminach-egzaminow-dyplomowych-na-studiach-i-stopnia-konczacych-sie-uzyskaniem-tytulu-zawodowego-licencjata-i-inzyniera-w-r-ak-2021-2022\/","title":{"rendered":"Og\u0142oszenie o terminach egzamin\u00f3w dyplomowych na studiach I stopnia ko\u0144cz\u0105cych si\u0119 uzyskaniem tytu\u0142u zawodowego licencjata i in\u017cyniera w r. ak. 2021\/2022"},"content":{"rendered":"<p style=\"text-align: center\"><strong>\u00a0<\/strong><\/p>\n<p style=\"text-align: center\"><strong>EGZAMIN DYPLOMOWY, w tym obrona zagadnienia problemowego DLA KIERUNKU<\/strong><\/p>\n<p style=\"text-align: center\"><strong>BIOLOGIA, spec. Biologia stosowana <\/strong>studia stacjonarne I stopnia, profil og\u00f3lnoakademicki, nab\u00f3r 2019\/2020<\/p>\n<p style=\"text-align: center\"><strong>planowany jest w dniu 30 czerwca 2022 r.<br \/>\nw godz. 08:00 \u2013 16:00,<\/strong><strong>\u00a0<\/strong><strong> Rektorat pok.357<\/strong><\/p>\n<p>&nbsp;<\/p>\n<p>&nbsp;<\/p>\n<p style=\"text-align: center\"><strong>EGZAMIN DYPLOMOWY IN\u017bYNIERSKI DLA KIERUNKU<\/strong><\/p>\n<p style=\"text-align: center\"><strong>OCHRONA \u015aRODOWISKA\u00a0<\/strong>studia niestacjonarne I stopnia, profil og\u00f3lnoakademicki, nab\u00f3r 2018\/2019<\/p>\n<p style=\"text-align: center\"><strong>planowany jest w dniu 06 lipca 2022 r. (\u015broda)<br \/>\nw godz. 09:00 \u2013 14:30, Rektorat pok.357<\/strong><\/p>\n<p>&nbsp;<\/p>\n<p style=\"text-align: center\"><em>Przewodnicz\u0105cy Komisji Egzaminacyjnej <strong>prof. dr hab. Tomasz Mieczan<\/strong><\/em><\/p>\n","protected":false},"excerpt":{"rendered":"<p>\u00a0 EGZAMIN DYPLOMOWY, w tym obrona zagadnienia problemowego DLA KIERUNKU BIOLOGIA, spec. Biologia stosowana studia stacjonarne I stopnia, profil og\u00f3lnoakademicki, nab\u00f3r 2019\/2020 planowany jest w dniu 30 czerwca 2022 r. w godz. 08:00 \u2013 16:00,\u00a0 Rektorat pok.357 &nbsp; &nbsp; EGZAMIN DYPLOMOWY IN\u017bYNIERSKI DLA KIERUNKU OCHRONA \u015aRODOWISKA\u00a0studia niestacjonarne I stopnia, profil og\u00f3lnoakademicki, nab\u00f3r 2018\/2019 planowany jest [&hellip;]<\/p>\n","protected":false},"author":202,"featured_media":150443,"comment_status":"closed","ping_status":"open","sticky":false,"template":"","format":"standard","meta":{"_monsterinsights_skip_tracking":false,"_monsterinsights_sitenote_active":false,"_monsterinsights_sitenote_note":"","_monsterinsights_sitenote_category":0},"categories":[24],"tags":[],"_links":{"self":[{"href":"https:\/\/up.lublin.pl\/srodowiskowa\/wp-json\/wp\/v2\/posts\/149867"}],"collection":[{"href":"https:\/\/up.lublin.pl\/srodowiskowa\/wp-json\/wp\/v2\/posts"}],"about":[{"href":"https:\/\/up.lublin.pl\/srodowiskowa\/wp-json\/wp\/v2\/types\/post"}],"author":[{"embeddable":true,"href":"https:\/\/up.lublin.pl\/srodowiskowa\/wp-json\/wp\/v2\/users\/202"}],"replies":[{"embeddable":true,"href":"https:\/\/up.lublin.pl\/srodowiskowa\/wp-json\/wp\/v2\/comments?post=149867"}],"version-history":[{"count":8,"href":"https:\/\/up.lublin.pl\/srodowiskowa\/wp-json\/wp\/v2\/posts\/149867\/revisions"}],"predecessor-version":[{"id":150474,"href":"https:\/\/up.lublin.pl\/srodowiskowa\/wp-json\/wp\/v2\/posts\/149867\/revisions\/150474"}],"wp:featuredmedia":[{"embeddable":true,"href":"https:\/\/up.lublin.pl\/srodowiskowa\/wp-json\/wp\/v2\/media\/150443"}],"wp:attachment":[{"href":"https:\/\/up.lublin.pl\/srodowiskowa\/wp-json\/wp\/v2\/media?parent=149867"}],"wp:term":[{"taxonomy":"category","embeddable":true,"href":"https:\/\/up.lublin.pl\/srodowiskowa\/wp-json\/wp\/v2\/categories?post=149867"},{"taxonomy":"post_tag","embeddable":true,"href":"https:\/\/up.lublin.pl\/srodowiskowa\/wp-json\/wp\/v2\/tags?post=149867"}],"curies":[{"name":"wp","href":"https:\/\/api.w.org\/{rel}","templated":true}]}}