{"id":149675,"date":"2022-04-22T10:21:57","date_gmt":"2022-04-22T08:21:57","guid":{"rendered":"https:\/\/up.lublin.pl\/srodowiskowa\/?p=149675"},"modified":"2022-05-26T19:46:22","modified_gmt":"2022-05-26T17:46:22","slug":"rok-botaniki-2022-co-nas-uczula-na-wiosne","status":"publish","type":"post","link":"https:\/\/up.lublin.pl\/srodowiskowa\/rok-botaniki-2022-co-nas-uczula-na-wiosne\/","title":{"rendered":"Rok Botaniki 2022 &#8211; Co nas uczula na wiosn\u0119?"},"content":{"rendered":"\t\t<div data-elementor-type=\"wp-post\" data-elementor-id=\"149675\" class=\"elementor elementor-149675\" data-elementor-settings=\"[]\">\n\t\t\t\t\t\t<div class=\"elementor-inner\">\n\t\t\t\t\t\t\t<div class=\"elementor-section-wrap\">\n\t\t\t\t\t\t\t<section class=\"elementor-section elementor-top-section elementor-element elementor-element-2373777 elementor-section-boxed elementor-section-height-default elementor-section-height-default\" data-id=\"2373777\" data-element_type=\"section\">\n\t\t\t\t\t\t<div class=\"elementor-container elementor-column-gap-default\">\n\t\t\t\t\t\t\t<div class=\"elementor-row\">\n\t\t\t\t\t<div class=\"elementor-column elementor-col-100 elementor-top-column elementor-element elementor-element-adc2eb7\" data-id=\"adc2eb7\" data-element_type=\"column\">\n\t\t\t<div class=\"elementor-column-wrap elementor-element-populated\">\n\t\t\t\t\t\t\t<div class=\"elementor-widget-wrap\">\n\t\t\t\t\t\t<div class=\"elementor-element elementor-element-e33cc60 elementor-widget elementor-widget-m5c\" data-id=\"e33cc60\" data-element_type=\"widget\" data-widget_type=\"m5c.default\">\n\t\t\t\t<div class=\"elementor-widget-container\">\n\t\t\t<section class=\"mn-m5-c mn-m5-d2 mn-bg-white\">\n\t<div class=\"mn-grid\">\n\t\t\t\t<div class=\"mn-content mn-grid-9\">\n\t\t\t                <div class=\"mn-content-block active\">\n\t                                                        <div class=\"block-text\">\n\t                                        <h3 style=\"text-align: center;\">Rok Botaniki \u2013 botanika blisko nas<\/h3>\n<p><em>\u201eW 100-lecie powstania Polskiego Towarzystwa Botanicznego, pragn\u0105c podkre\u015bli\u0107 zas\u0142ugi polskich botanik\u00f3w dla \u015bwiatowej nauki oraz przypomnie\u0107 rozw\u00f3j botaniki, jaki nast\u0105pi\u0142 po odzyskaniu przez Polsk\u0119 niepodleg\u0142o\u015bci, na wniosek Towarzystwa w&nbsp;dniu 26 listopada 2021 r. Senat Rzeczypospolitej Polskiej ustanowi\u0142 rok 2022 Rokiem Botaniki.\u201d (za: <\/em><a href=\"https:\/\/pbsociety.org.pl\/default\/rok-botaniki-2022\/\"><em>https:\/\/pbsociety.org.pl\/default\/rok-botaniki-2022\/<\/em><\/a><em>) <\/em><\/p>\n<p>W zwi\u0105zku z&nbsp;Rokiem Botaniki zapraszamy na popularnonaukowy cykl artyku\u0142\u00f3w \u201eBotanika blisko nas\u201d, przygotowany przez pracownik\u00f3w\u00a0 Wydzia\u0142u Biologii \u015arodowiskowej. W&nbsp;ramach cyklu przedstawione zostan\u0105 nast\u0119puj\u0105ce tematy: \u201eCo nas uczula na wiosn\u0119?\u201d, \u201eOsobliwo\u015bci florystyczne Lublina\u201d, \u201eSezonowe kosmetyki ro\u015blinne\u201d, \u201eMikro\u015bwiat ro\u015blin\u201d. Mamy nadziej\u0119, \u017ce artyku\u0142y spotkaj\u0105 si\u0119 z&nbsp;Pa\u0144stwa zainteresowaniem i&nbsp;przybli\u017c\u0105 fascynuj\u0105cy \u015bwiat ro\u015blin.<\/p>\n<h3 style=\"text-align: center;\">Co nas uczula na wiosn\u0119?<\/h3>\n<p>Alergia sta\u0142a si\u0119 istotnym og\u00f3lno\u015bwiatowym problemem zdrowia publicznego. Wed\u0142ug Bia\u0142ej Ksi\u0119gi Alergii na choroby alergiczne cierpi oko\u0142o 30-40% populacji \u015bwiata, a&nbsp;cz\u0119sto\u015b\u0107 wyst\u0119powania tego schorzenia ci\u0105gle ro\u015bnie. Jedn\u0105 z&nbsp;g\u0142\u00f3wnych przyczyn alergii s\u0105 ziarna py\u0142ku ro\u015blin wiatropylnych. W&nbsp;Polsce najwi\u0119cej przypadk\u00f3w alergii notuje si\u0119 z&nbsp;powodu py\u0142ku traw, brzozy i&nbsp;bylicy.<\/p>\n<p><a href=\"https:\/\/up.lublin.pl\/wp-content\/uploads\/2022\/04\/1.png\"><img loading=\"lazy\" class=\"aligncenter wp-image-265316 size-full\" src=\"https:\/\/up.lublin.pl\/wp-content\/uploads\/2022\/04\/1.png\" alt=\"\" width=\"1024\" height=\"768\" \/><\/a>Na pocz\u0105tku roku jako pierwsze pojawiaj\u0105 si\u0119 ziarna py\u0142ku leszczyny i&nbsp;olszy. Obecnie zaczyna si\u0119 sezon py\u0142kowy silnie alergizuj\u0105cej brzozy, w&nbsp;kr\u00f3tkim czasie mo\u017cemy spodziewa\u0107 si\u0119 bardzo wysokiego st\u0119\u017cenia py\u0142ku tej ro\u015bliny w&nbsp;powietrzu. W&nbsp;naszych badaniach prowadzonych w&nbsp;Lublinie wykazali\u015bmy bardzo du\u017ce zr\u00f3\u017cnicowanie st\u0119\u017cenia py\u0142ku brzozy w&nbsp;poszczeg\u00f3lnych sezonach, co wyja\u015bnia\u0142oby wyst\u0119powanie w&nbsp;niekt\u00f3rych latach znacznie nasilonych objaw\u00f3w u&nbsp;os\u00f3b uczulonych.<\/p>\n<p><a href=\"https:\/\/up.lublin.pl\/wp-content\/uploads\/2022\/04\/2.png\"><img loading=\"lazy\" class=\"aligncenter wp-image-265320 size-full\" src=\"https:\/\/up.lublin.pl\/wp-content\/uploads\/2022\/04\/2.png\" alt=\"\" width=\"1024\" height=\"768\" \/><\/a><\/p>\n<p style=\"text-align: right;\"><em>Dr hab. Krystyna Piotrowska-Weryszko, prof. uczelni<br \/><\/em><em>Katedra Botaniki i&nbsp;Fizjologii Ro\u015blin<br \/><\/em><em>Wydzia\u0142 Biologii \u015arodowiskowej <\/em><\/p>\n                                        <\/div>\n\t\t\t\t\t\t                                <\/div>\n\t\t\t\t                <div class=\"mn-content-block\">\n\t                                <\/div>\n\t\t\t\t                <div class=\"mn-content-block\">\n\t                                <\/div>\n\t\t\t\t                <div class=\"mn-content-block\">\n\t                                <\/div>\n\t\t\t\t                <div class=\"mn-content-block\">\n\t                                <\/div>\n\t\t\t\t                <div class=\"mn-content-block\">\n\t                                <\/div>\n\t\t\t\t                <div class=\"mn-content-block\">\n\t                                <\/div>\n\t\t\t\t                <div class=\"mn-content-block\">\n\t                                <\/div>\n\t\t\t\t                <div class=\"mn-content-block\">\n\t                                <\/div>\n\t\t\t\t                <div class=\"mn-content-block\">\n\t                                <\/div>\n\t\t\t\t                <div class=\"mn-content-block\">\n\t                                <\/div>\n\t\t\t\t                <div class=\"mn-content-block\">\n\t                                <\/div>\n\t\t\t\t                <div class=\"mn-content-block\">\n\t                                <\/div>\n\t\t\t\t                <div class=\"mn-content-block\">\n\t                                <\/div>\n\t\t\t\t                <div class=\"mn-content-block\">\n\t                                <\/div>\n\t\t\t\t                <div class=\"mn-content-block\">\n\t                                <\/div>\n\t\t\t\t                <div class=\"mn-content-block\">\n\t                                <\/div>\n\t\t\t\t                <div class=\"mn-content-block\">\n\t                                <\/div>\n\t\t\t\t                <div class=\"mn-content-block\">\n\t                                <\/div>\n\t\t\t\t                <div class=\"mn-content-block\">\n\t                                <\/div>\n\t\t\t\t\t\t<\/div>\n\t<\/div>\n<\/section>\n\t\t<\/div>\n\t\t\t\t<\/div>\n\t\t\t\t\t\t<\/div>\n\t\t\t\t\t<\/div>\n\t\t<\/div>\n\t\t\t\t\t\t\t\t<\/div>\n\t\t\t\t\t<\/div>\n\t\t<\/section>\n\t\t\t\t\t\t<\/div>\n\t\t\t\t\t\t<\/div>\n\t\t\t\t\t<\/div>\n\t\t","protected":false},"excerpt":{"rendered":"<p>Rok Botaniki \u2013 botanika blisko nas \u201eW 100-lecie powstania Polskiego Towarzystwa Botanicznego, pragn\u0105c podkre\u015bli\u0107 zas\u0142ugi polskich botanik\u00f3w dla \u015bwiatowej nauki oraz przypomnie\u0107 rozw\u00f3j botaniki, jaki nast\u0105pi\u0142 po odzyskaniu przez Polsk\u0119 niepodleg\u0142o\u015bci, na wniosek Towarzystwa w\u00a0dniu 26 listopada 2021 r. Senat Rzeczypospolitej Polskiej ustanowi\u0142 rok 2022 Rokiem Botaniki.\u201d (za: https:\/\/pbsociety.org.pl\/default\/rok-botaniki-2022\/) W zwi\u0105zku z\u00a0Rokiem Botaniki zapraszamy na [&hellip;]<\/p>\n","protected":false},"author":2,"featured_media":150322,"comment_status":"closed","ping_status":"open","sticky":false,"template":"elementor_header_footer","format":"standard","meta":{"_monsterinsights_skip_tracking":false,"_monsterinsights_sitenote_active":false,"_monsterinsights_sitenote_note":"","_monsterinsights_sitenote_category":0},"categories":[24],"tags":[],"_links":{"self":[{"href":"https:\/\/up.lublin.pl\/srodowiskowa\/wp-json\/wp\/v2\/posts\/149675"}],"collection":[{"href":"https:\/\/up.lublin.pl\/srodowiskowa\/wp-json\/wp\/v2\/posts"}],"about":[{"href":"https:\/\/up.lublin.pl\/srodowiskowa\/wp-json\/wp\/v2\/types\/post"}],"author":[{"embeddable":true,"href":"https:\/\/up.lublin.pl\/srodowiskowa\/wp-json\/wp\/v2\/users\/2"}],"replies":[{"embeddable":true,"href":"https:\/\/up.lublin.pl\/srodowiskowa\/wp-json\/wp\/v2\/comments?post=149675"}],"version-history":[{"count":5,"href":"https:\/\/up.lublin.pl\/srodowiskowa\/wp-json\/wp\/v2\/posts\/149675\/revisions"}],"predecessor-version":[{"id":149684,"href":"https:\/\/up.lublin.pl\/srodowiskowa\/wp-json\/wp\/v2\/posts\/149675\/revisions\/149684"}],"wp:featuredmedia":[{"embeddable":true,"href":"https:\/\/up.lublin.pl\/srodowiskowa\/wp-json\/wp\/v2\/media\/150322"}],"wp:attachment":[{"href":"https:\/\/up.lublin.pl\/srodowiskowa\/wp-json\/wp\/v2\/media?parent=149675"}],"wp:term":[{"taxonomy":"category","embeddable":true,"href":"https:\/\/up.lublin.pl\/srodowiskowa\/wp-json\/wp\/v2\/categories?post=149675"},{"taxonomy":"post_tag","embeddable":true,"href":"https:\/\/up.lublin.pl\/srodowiskowa\/wp-json\/wp\/v2\/tags?post=149675"}],"curies":[{"name":"wp","href":"https:\/\/api.w.org\/{rel}","templated":true}]}}