{"id":149608,"date":"2022-04-11T11:27:06","date_gmt":"2022-04-11T09:27:06","guid":{"rendered":"https:\/\/up.lublin.pl\/srodowiskowa\/?p=149608"},"modified":"2022-04-21T07:59:47","modified_gmt":"2022-04-21T05:59:47","slug":"miedzynarodowy-dzien-ziemi","status":"publish","type":"post","link":"https:\/\/up.lublin.pl\/srodowiskowa\/miedzynarodowy-dzien-ziemi\/","title":{"rendered":"Mi\u0119dzynarodowy Dzie\u0144 Ziemi"},"content":{"rendered":"<p>Szanowni Pa\u0144stwo,<\/p>\n<p>&nbsp;<\/p>\n<p>Wydzia\u0142 Biologii \u015arodowiskowej Uniwersytetu Przyrodniczego w Lublinie oraz Pa\u0144stwowe Gospodarstwo Wodne Wody Polskie \u2013 Regionalny Zarz\u0105d Gospodarki Wodnej w Lublinie zapraszaj\u0105 na uroczyste obchody Mi\u0119dzynarodowego Dnia Ziemi, kt\u00f3re odb\u0119d\u0105 si\u0119 <strong>22 kwietnia 2022 roku o godz. 11<sup>00<\/sup><\/strong> <strong>w Sali Konferencyjnej Agro II, ul. Akademicka 13<\/strong>. Dla szk\u00f3\u0142 przewidziany jest udzia\u0142 w formie bezpo\u015bredniej transmisji wydarzenia on-line.<\/p>\n<p>&nbsp;<\/p>\n<p style=\"text-align: center\"><img loading=\"lazy\" class=\"alignnone wp-image-149637\" src=\"https:\/\/up.lublin.pl\/srodowiskowa\/wp-content\/uploads\/sites\/5\/2022\/04\/mdz-2022_v1.jpg\" alt=\"\" width=\"679\" height=\"382\" \/><\/p>\n<p>Mi\u0119dzynarodowy Dzie\u0144 Ziemi jest coroczn\u0105 akcj\u0105 maj\u0105c\u0105 na celu propagowanie postaw ekologicznych w\u015br\u00f3d mieszka\u0144c\u00f3w naszej planety, za\u015b Organizatorzy poprzez prezentacj\u0119 cyklu wyk\u0142ad\u00f3w pragn\u0105 przybli\u017cy\u0107 Pa\u0144stwu aktualne problemy funkcjonowania \u015bwiata przyrody i racjonalnego zarz\u0105dzania zasobami \u015brodowiska.<\/p>\n<p>&nbsp;<\/p>\n<p><a href=\"https:\/\/up.lublin.pl\/srodowiskowa\/wp-content\/uploads\/sites\/5\/2022\/04\/Dzien-Ziemi.pdf\"><strong>Szczeg\u00f3\u0142owy program Seminarium &#8211; Mi\u0119dzynarodowy\u00a0 Dzie\u0144 Ziemi <\/strong><\/a><\/p>\n","protected":false},"excerpt":{"rendered":"<p>Szanowni Pa\u0144stwo, &nbsp; Wydzia\u0142 Biologii \u015arodowiskowej Uniwersytetu Przyrodniczego w Lublinie oraz Pa\u0144stwowe Gospodarstwo Wodne Wody Polskie \u2013 Regionalny Zarz\u0105d Gospodarki Wodnej w Lublinie zapraszaj\u0105 na uroczyste obchody Mi\u0119dzynarodowego Dnia Ziemi, kt\u00f3re odb\u0119d\u0105 si\u0119 22 kwietnia 2022 roku o godz. 1100 w Sali Konferencyjnej Agro II, ul. Akademicka 13. Dla szk\u00f3\u0142 przewidziany jest udzia\u0142 w formie [&hellip;]<\/p>\n","protected":false},"author":201,"featured_media":149661,"comment_status":"closed","ping_status":"open","sticky":false,"template":"","format":"standard","meta":{"_monsterinsights_skip_tracking":false,"_monsterinsights_sitenote_active":false,"_monsterinsights_sitenote_note":"","_monsterinsights_sitenote_category":0},"categories":[24],"tags":[],"_links":{"self":[{"href":"https:\/\/up.lublin.pl\/srodowiskowa\/wp-json\/wp\/v2\/posts\/149608"}],"collection":[{"href":"https:\/\/up.lublin.pl\/srodowiskowa\/wp-json\/wp\/v2\/posts"}],"about":[{"href":"https:\/\/up.lublin.pl\/srodowiskowa\/wp-json\/wp\/v2\/types\/post"}],"author":[{"embeddable":true,"href":"https:\/\/up.lublin.pl\/srodowiskowa\/wp-json\/wp\/v2\/users\/201"}],"replies":[{"embeddable":true,"href":"https:\/\/up.lublin.pl\/srodowiskowa\/wp-json\/wp\/v2\/comments?post=149608"}],"version-history":[{"count":9,"href":"https:\/\/up.lublin.pl\/srodowiskowa\/wp-json\/wp\/v2\/posts\/149608\/revisions"}],"predecessor-version":[{"id":149643,"href":"https:\/\/up.lublin.pl\/srodowiskowa\/wp-json\/wp\/v2\/posts\/149608\/revisions\/149643"}],"wp:featuredmedia":[{"embeddable":true,"href":"https:\/\/up.lublin.pl\/srodowiskowa\/wp-json\/wp\/v2\/media\/149661"}],"wp:attachment":[{"href":"https:\/\/up.lublin.pl\/srodowiskowa\/wp-json\/wp\/v2\/media?parent=149608"}],"wp:term":[{"taxonomy":"category","embeddable":true,"href":"https:\/\/up.lublin.pl\/srodowiskowa\/wp-json\/wp\/v2\/categories?post=149608"},{"taxonomy":"post_tag","embeddable":true,"href":"https:\/\/up.lublin.pl\/srodowiskowa\/wp-json\/wp\/v2\/tags?post=149608"}],"curies":[{"name":"wp","href":"https:\/\/api.w.org\/{rel}","templated":true}]}}