{"id":145745,"date":"2021-12-10T08:42:52","date_gmt":"2021-12-10T07:42:52","guid":{"rendered":"https:\/\/up.lublin.pl\/srodowiskowa\/?p=145745"},"modified":"2021-12-10T08:43:36","modified_gmt":"2021-12-10T07:43:36","slug":"przepisy-na-naturalne-kosmetyki-od-sekcji-biokosmetologii-skn-biologow","status":"publish","type":"post","link":"https:\/\/up.lublin.pl\/srodowiskowa\/przepisy-na-naturalne-kosmetyki-od-sekcji-biokosmetologii-skn-biologow\/","title":{"rendered":"Przepisy na naturalne kosmetyki od Sekcji Biokosmetologii SKN Biolog\u00f3w"},"content":{"rendered":"\t\t<div data-elementor-type=\"wp-post\" data-elementor-id=\"145745\" class=\"elementor elementor-145745\" data-elementor-settings=\"[]\">\n\t\t\t\t\t\t<div class=\"elementor-inner\">\n\t\t\t\t\t\t\t<div class=\"elementor-section-wrap\">\n\t\t\t\t\t\t\t<section class=\"elementor-section elementor-top-section elementor-element elementor-element-13ce2c7 elementor-section-boxed elementor-section-height-default elementor-section-height-default\" data-id=\"13ce2c7\" data-element_type=\"section\">\n\t\t\t\t\t\t<div class=\"elementor-container elementor-column-gap-default\">\n\t\t\t\t\t\t\t<div class=\"elementor-row\">\n\t\t\t\t\t<div class=\"elementor-column elementor-col-100 elementor-top-column elementor-element elementor-element-867266d\" data-id=\"867266d\" data-element_type=\"column\">\n\t\t\t<div class=\"elementor-column-wrap elementor-element-populated\">\n\t\t\t\t\t\t\t<div class=\"elementor-widget-wrap\">\n\t\t\t\t\t\t<div class=\"elementor-element elementor-element-87b619f elementor-widget elementor-widget-m5c\" data-id=\"87b619f\" data-element_type=\"widget\" data-widget_type=\"m5c.default\">\n\t\t\t\t<div class=\"elementor-widget-container\">\n\t\t\t<section class=\"mn-m5-c mn-m5-d2 mn-bg-white\">\n\t<div class=\"mn-grid\">\n\t\t\t\t<div class=\"mn-content mn-grid-9\">\n\t\t\t                <div class=\"mn-content-block active\">\n\t                                                        <div class=\"block-text\">\n\t                                        <p>Sekcja Biokosmetologii Studenckiego Ko\u0142a Naukowego Biolog\u00f3w na swoim <a href=\"https:\/\/www.facebook.com\/Sekcja-Biokosmetologii-UP-w-Lublinie-110873388043481\/\">profilu Facebookowym<\/a> oferuje przepisy na domowe, naturalne kosmetyki piel\u0119gnacyjne.<\/p>\n<p>Zach\u0119camy do wypr\u00f3bowania za\u0142\u0105czonych przepis\u00f3w oraz \u015bledzenia profilu Sekcji, gdzie mo\u017cna znale\u017a\u0107 nie tylko receptury, ale tak\u017ce ciekawe i&nbsp;warto\u015bciowe poradniki i&nbsp;obja\u015bnienia.<\/p>\n                                        <\/div>\n\t\t\t\t\t\t                                                        <div class=\"mn-cards-list\">\n                                            <div class=\"mn-card-container\">\n                                                <div>\n                                                    <img src=\"https:\/\/up.lublin.pl\/srodowiskowa\/wp-content\/themes\/up-lublin\/assets\/images\/doc-ico.svg\" alt=\"\" \/>\n                                                    <h5>Rozgrzewaj\u0105cy olejek do masa\u017cu<\/h5>\n                                                <\/div>\n                                                <a href=\"https:\/\/www.facebook.com\/permalink.php?story_fbid=130095399454613&id=110873388043481\" class=\"mn-more\" target=\"_blank\">Zobacz<\/a>\n                                            <\/div>\n                                        <\/div>\n\t\t\t\t\t\t                                                        <div class=\"mn-cards-list\">\n                                            <div class=\"mn-card-container\">\n                                                <div>\n                                                    <img src=\"https:\/\/up.lublin.pl\/srodowiskowa\/wp-content\/themes\/up-lublin\/assets\/images\/doc-ico.svg\" alt=\"\" \/>\n                                                    <h5>Wyg\u0142adzaj\u0105ca miodowo-cynamonowa maska do w\u0142os\u00f3w<\/h5>\n                                                <\/div>\n                                                <a href=\"https:\/\/www.facebook.com\/permalink.php?story_fbid=127294983067988&id=110873388043481\" class=\"mn-more\" target=\"_blank\">Zobacz<\/a>\n                                            <\/div>\n                                        <\/div>\n\t\t\t\t\t\t                                                        <div class=\"mn-cards-list\">\n                                            <div class=\"mn-card-container\">\n                                                <div>\n                                                    <img src=\"https:\/\/up.lublin.pl\/srodowiskowa\/wp-content\/themes\/up-lublin\/assets\/images\/doc-ico.svg\" alt=\"\" \/>\n                                                    <h5>Zimowa piel\u0119gnacja d\u0142oni \u2014 poradnik <\/h5>\n                                                <\/div>\n                                                <a href=\"https:\/\/www.facebook.com\/110873388043481\/photos\/a.114596651004488\/129690782828408\/\" class=\"mn-more\" target=\"_blank\">Zobacz<\/a>\n                                            <\/div>\n                                        <\/div>\n\t\t\t\t\t\t                                <\/div>\n\t\t\t\t                <div class=\"mn-content-block\">\n\t                                <\/div>\n\t\t\t\t                <div class=\"mn-content-block\">\n\t                                <\/div>\n\t\t\t\t                <div class=\"mn-content-block\">\n\t                                <\/div>\n\t\t\t\t                <div class=\"mn-content-block\">\n\t                                <\/div>\n\t\t\t\t                <div class=\"mn-content-block\">\n\t                                <\/div>\n\t\t\t\t                <div class=\"mn-content-block\">\n\t                                <\/div>\n\t\t\t\t                <div class=\"mn-content-block\">\n\t                                <\/div>\n\t\t\t\t                <div class=\"mn-content-block\">\n\t                                <\/div>\n\t\t\t\t                <div class=\"mn-content-block\">\n\t                                <\/div>\n\t\t\t\t                <div class=\"mn-content-block\">\n\t                                <\/div>\n\t\t\t\t                <div class=\"mn-content-block\">\n\t                                <\/div>\n\t\t\t\t                <div class=\"mn-content-block\">\n\t                                <\/div>\n\t\t\t\t                <div class=\"mn-content-block\">\n\t                                <\/div>\n\t\t\t\t                <div class=\"mn-content-block\">\n\t                                <\/div>\n\t\t\t\t                <div class=\"mn-content-block\">\n\t                                <\/div>\n\t\t\t\t                <div class=\"mn-content-block\">\n\t                                <\/div>\n\t\t\t\t                <div class=\"mn-content-block\">\n\t                                <\/div>\n\t\t\t\t                <div class=\"mn-content-block\">\n\t                                <\/div>\n\t\t\t\t                <div class=\"mn-content-block\">\n\t                                <\/div>\n\t\t\t\t\t\t<\/div>\n\t<\/div>\n<\/section>\n\t\t<\/div>\n\t\t\t\t<\/div>\n\t\t\t\t\t\t<\/div>\n\t\t\t\t\t<\/div>\n\t\t<\/div>\n\t\t\t\t\t\t\t\t<\/div>\n\t\t\t\t\t<\/div>\n\t\t<\/section>\n\t\t\t\t\t\t<\/div>\n\t\t\t\t\t\t<\/div>\n\t\t\t\t\t<\/div>\n\t\t","protected":false},"excerpt":{"rendered":"<p>Sekcja Biokosmetologii Studenckiego Ko\u0142a Naukowego Biolog\u00f3w na swoim profilu Facebookowym oferuje przepisy na domowe, naturalne kosmetyki piel\u0119gnacyjne. Zach\u0119camy do wypr\u00f3bowania za\u0142\u0105czonych przepis\u00f3w oraz \u015bledzenia profilu Sekcji, gdzie mo\u017cna znale\u017a\u0107 nie tylko receptury, ale tak\u017ce ciekawe i&nbsp;warto\u015bciowe poradniki i&nbsp;obja\u015bnienia. Rozgrzewaj\u0105cy olejek do masa\u017cu Zobacz Wyg\u0142adzaj\u0105ca miodowo-cynamonowa maska do w\u0142os\u00f3w Zobacz Zimowa piel\u0119gnacja d\u0142oni \u2014 poradnik Zobacz<\/p>\n","protected":false},"author":2,"featured_media":145746,"comment_status":"closed","ping_status":"open","sticky":false,"template":"elementor_header_footer","format":"standard","meta":{"_monsterinsights_skip_tracking":false,"_monsterinsights_sitenote_active":false,"_monsterinsights_sitenote_note":"","_monsterinsights_sitenote_category":0},"categories":[24],"tags":[],"_links":{"self":[{"href":"https:\/\/up.lublin.pl\/srodowiskowa\/wp-json\/wp\/v2\/posts\/145745"}],"collection":[{"href":"https:\/\/up.lublin.pl\/srodowiskowa\/wp-json\/wp\/v2\/posts"}],"about":[{"href":"https:\/\/up.lublin.pl\/srodowiskowa\/wp-json\/wp\/v2\/types\/post"}],"author":[{"embeddable":true,"href":"https:\/\/up.lublin.pl\/srodowiskowa\/wp-json\/wp\/v2\/users\/2"}],"replies":[{"embeddable":true,"href":"https:\/\/up.lublin.pl\/srodowiskowa\/wp-json\/wp\/v2\/comments?post=145745"}],"version-history":[{"count":7,"href":"https:\/\/up.lublin.pl\/srodowiskowa\/wp-json\/wp\/v2\/posts\/145745\/revisions"}],"predecessor-version":[{"id":145756,"href":"https:\/\/up.lublin.pl\/srodowiskowa\/wp-json\/wp\/v2\/posts\/145745\/revisions\/145756"}],"wp:featuredmedia":[{"embeddable":true,"href":"https:\/\/up.lublin.pl\/srodowiskowa\/wp-json\/wp\/v2\/media\/145746"}],"wp:attachment":[{"href":"https:\/\/up.lublin.pl\/srodowiskowa\/wp-json\/wp\/v2\/media?parent=145745"}],"wp:term":[{"taxonomy":"category","embeddable":true,"href":"https:\/\/up.lublin.pl\/srodowiskowa\/wp-json\/wp\/v2\/categories?post=145745"},{"taxonomy":"post_tag","embeddable":true,"href":"https:\/\/up.lublin.pl\/srodowiskowa\/wp-json\/wp\/v2\/tags?post=145745"}],"curies":[{"name":"wp","href":"https:\/\/api.w.org\/{rel}","templated":true}]}}