{"id":144462,"date":"2021-10-27T17:07:06","date_gmt":"2021-10-27T15:07:06","guid":{"rendered":"https:\/\/up.lublin.pl\/srodowiskowa\/?p=144462"},"modified":"2021-10-29T09:40:35","modified_gmt":"2021-10-29T07:40:35","slug":"otwarcie-pracowni-biokosmetologii","status":"publish","type":"post","link":"https:\/\/up.lublin.pl\/srodowiskowa\/otwarcie-pracowni-biokosmetologii\/","title":{"rendered":"Otwarcie Pracowni Biokosmetologii"},"content":{"rendered":"\t\t<div data-elementor-type=\"wp-post\" data-elementor-id=\"144462\" class=\"elementor elementor-144462\" data-elementor-settings=\"[]\">\n\t\t\t\t\t\t<div class=\"elementor-inner\">\n\t\t\t\t\t\t\t<div class=\"elementor-section-wrap\">\n\t\t\t\t\t\t\t<section class=\"elementor-section elementor-top-section elementor-element elementor-element-f84ab07 elementor-section-boxed elementor-section-height-default elementor-section-height-default\" data-id=\"f84ab07\" data-element_type=\"section\">\n\t\t\t\t\t\t<div class=\"elementor-container elementor-column-gap-default\">\n\t\t\t\t\t\t\t<div class=\"elementor-row\">\n\t\t\t\t\t<div class=\"elementor-column elementor-col-100 elementor-top-column elementor-element elementor-element-6c6d751\" data-id=\"6c6d751\" data-element_type=\"column\">\n\t\t\t<div class=\"elementor-column-wrap elementor-element-populated\">\n\t\t\t\t\t\t\t<div class=\"elementor-widget-wrap\">\n\t\t\t\t\t\t<div class=\"elementor-element elementor-element-55baf49 elementor-widget elementor-widget-m5c\" data-id=\"55baf49\" data-element_type=\"widget\" data-widget_type=\"m5c.default\">\n\t\t\t\t<div class=\"elementor-widget-container\">\n\t\t\t<section class=\"mn-m5-c mn-m5-d2 mn-bg-white\">\n\t<div class=\"mn-grid\">\n\t\t\t\t<div class=\"mn-content mn-grid-9\">\n\t\t\t                <div class=\"mn-content-block active\">\n\t                                                        <div class=\"block-text\">\n\t                                        <p class=\"mcntmsonormal\"><strong><span style=\"font-family: 'Arial',sans-serif\">27 pa\u017adziernika 2021 r. odby\u0142o si\u0119 uroczyste otwarcie Pracowni Biokosmetologii. Pracownia zlokalizowana jest w&nbsp;Centrum Kultury Fizycznej i&nbsp;Sportu UP w&nbsp;Lublinie przy ul. G\u0142\u0119bokiej 31.<\/span><\/strong><\/p>\n<p><a href=\"https:\/\/up.lublin.pl\/wp-content\/uploads\/2021\/10\/DSC_9736.jpg\"><img loading=\"lazy\" class=\"aligncenter size-full wp-image-206506\" src=\"https:\/\/up.lublin.pl\/wp-content\/uploads\/2021\/10\/DSC_9736.jpg\" alt=\"\" width=\"1500\" height=\"1000\" \/><\/a><\/p>\n                                        <\/div>\n\t\t\t\t\t\t                                                        <div class=\"mn-cards-list\">\n                                            <div class=\"mn-card-container\">\n                                                <div>\n                                                    <img src=\"https:\/\/up.lublin.pl\/srodowiskowa\/wp-content\/themes\/up-lublin\/assets\/images\/doc-ico.svg\" alt=\"\" \/>\n                                                    <h5>Galeria zdj\u0119\u0107<\/h5>\n                                                <\/div>\n                                                <a href=\"https:\/\/up.lublin.pl\/blog\/galeria\/otwarcie-pracowni-biokosmetologii\/\" class=\"mn-more\" target=\"_blank\">Zobacz<\/a>\n                                            <\/div>\n                                        <\/div>\n\t\t\t\t\t\t                                                        <div class=\"block-text\">\n\t                                        <p>W wydarzeniu, kt\u00f3remu przewodniczy\u0142 Dziekan Wydzia\u0142u Biologii \u015arodowiskowej prof. dr hab. <strong>Tomasz Mieczan<\/strong>, wzi\u0119li udzia\u0142: JM Rektor Uniwersytetu Przyrodniczego w&nbsp;Lublinie prof. dr hab. <strong>Krzysztof Kowalczyk<\/strong>, Prorektor ds. Nauki i&nbsp;Wsp\u00f3\u0142pracy z&nbsp;Zagranic\u0105 dr hab. <strong>Bartosz So\u0142owiej<\/strong>, prof. uczelni, Prorektor ds. Kadr prof. dr hab. <strong>Andrzej Marczuk<\/strong>, Prorektor ds. Studenckich i&nbsp;Dydaktyki dr hab. <strong>Urszula Kosior-Korzecka<\/strong>, prof. uczelni, Prorektor ds. Rozwoju Uczelni dr hab. Adam Wa\u015bko, prof. uczelni, Dziekan Wydzia\u0142u Medycyny Weterynaryjnej dr hab. <strong>Iwona Puzio<\/strong>, prof. uczelni, Dziekan Wydzia\u0142u Nauk o&nbsp;Zwierz\u0119tach i&nbsp;Biogospodarki prof. dr hab. <strong>Brygida \u015alaska<\/strong>, Prodziekan Wydzia\u0142u Biologii \u015arodowiskowej prof. dr hab. <strong>Bo\u017cena Denisow<\/strong>, Dyrektor Centrum Nauki mgr <strong>Izabela Czaja-Banasiak<\/strong>, ks. <strong>Mariusz Nakonieczny<\/strong>, duszpasterz akademicki UP w&nbsp;Lublinie oraz przedstawiciele rady programowej dla kierunku biokosmetologia: dr hab. in\u017c. <strong>Zbigniew Kobus<\/strong>, prof. uczelni i&nbsp;dr <strong>Katarzyna Rubinowska<\/strong>.<\/p>\n<p><a href=\"https:\/\/up.lublin.pl\/wp-content\/uploads\/2021\/10\/DSC_9679.jpg\"><img loading=\"lazy\" class=\"aligncenter size-full wp-image-206434\" src=\"https:\/\/up.lublin.pl\/wp-content\/uploads\/2021\/10\/DSC_9679.jpg\" alt=\"\" width=\"1500\" height=\"1000\" \/><\/a><\/p>\n<p>Pracownia zosta\u0142a stworzona dla potrzeb kierunku Biokosmetologia realizowanego na Wydziale Biologii \u015arodowiskowej.<\/p>\n<p>Powsta\u0142a dzi\u0119ki funduszom pozyskanym w&nbsp;ramach projektu \u201ePrzyrodniczy MIT program dostosowania Uniwersytetu Przyrodniczego w&nbsp;Lublinie do wyzwa\u0144 Nauki 2.0\u201d\u00a0 (projekt wsp\u00f3\u0142finansowany jest z&nbsp;Europejskiego Funduszu Spo\u0142ecznego w&nbsp;ramach Programu Operacyjnego Wiedza Edukacja Rozw\u00f3j na lata 2014-2020) oraz dzi\u0119ki \u015brodkom w\u0142asnym Uniwersytetu i&nbsp;Wydzia\u0142u Biologii \u015arodowiskowej.<\/p>\n<p><a href=\"https:\/\/up.lublin.pl\/wp-content\/uploads\/2021\/10\/DSC_9764.jpg\"><img loading=\"lazy\" class=\"aligncenter size-full wp-image-206526\" src=\"https:\/\/up.lublin.pl\/wp-content\/uploads\/2021\/10\/DSC_9764.jpg\" alt=\"\" width=\"1500\" height=\"1000\" \/><\/a><\/p>\n<p>Jest wyposa\u017cona w&nbsp;najnowocze\u015bniejszy sprz\u0119t wykorzystywany w&nbsp;biokosmetologii i&nbsp;kosmetologii estetycznej: fotele kosmetyczne, urz\u0105dzenia do diagnostyki sk\u00f3ry i&nbsp;w\u0142os\u00f3w, aparatur\u0119 do piel\u0119gnacji sk\u00f3ry i&nbsp;wykonywania r\u00f3\u017cnego rodzaju peeling\u00f3w, np. kawitacyjnych, mezoterapii, mikrodermabrazji, infuzji tlenowej, aparat do nawil\u017cania sk\u00f3ry. Studenci mog\u0105 tak\u017ce korzysta\u0107 ze sprz\u0119t\u00f3w przeznaczonych do nauki wiza\u017cu: mobilnych luster, specjalnego o\u015bwietlenia, ram do analizy kolorystycznej, sprz\u0119tu do manicure i&nbsp;pedicure.<\/p>\n<p><a href=\"https:\/\/up.lublin.pl\/wp-content\/uploads\/2021\/10\/DSC_9798.jpg\"><img loading=\"lazy\" class=\"aligncenter size-full wp-image-206566\" src=\"https:\/\/up.lublin.pl\/wp-content\/uploads\/2021\/10\/DSC_9798.jpg\" alt=\"\" width=\"1500\" height=\"1000\" \/><\/a><\/p>\n<p>Powstanie Pracowni Biokosmetologii stwarza doskona\u0142e warunki do kszta\u0142cenia student\u00f3w, w&nbsp;tym zdobycia wielu umiej\u0119tno\u015bci praktycznych, dzi\u0119ki kt\u00f3rym studenci b\u0119d\u0105 bardziej konkurencyjni na rynku pracy.<\/p>\n<p><a href=\"https:\/\/up.lublin.pl\/wp-content\/uploads\/2021\/10\/DSC_9783.jpg\"><img loading=\"lazy\" class=\"aligncenter size-full wp-image-206550\" src=\"https:\/\/up.lublin.pl\/wp-content\/uploads\/2021\/10\/DSC_9783.jpg\" alt=\"\" width=\"1500\" height=\"1000\" \/><\/a><\/p>\n<p>W trakcie uroczysto\u015bci JM Rektor prof. dr hab. Krzysztof Kowalczyk z\u0142o\u017cy\u0142 podzi\u0119kowania zespo\u0142owi pracownik\u00f3w, kt\u00f3rzy w\u0142o\u017cyli ogromny wk\u0142ad w&nbsp;powstanie Pracowni: prof. dr hab. Bo\u017cenie Denisow, dr hab. <strong>Miros\u0142awie Chwil<\/strong>, prof. uczelni, dr. <strong>Micha\u0142owi Nied\u017awieckiemu<\/strong> oraz dr Katarzynie Rubinowskiej. W&nbsp;swoim przem\u00f3wieniu podkre\u015bli\u0142, \u017ce wa\u017cne jest pozyskiwanie \u015brodk\u00f3w finansowych, ale r\u00f3wnie wa\u017cne jest w\u0142a\u015bciwe ich wykorzystanie. Nowo otwarta Pracownia Biokosmetologii jest tego doskona\u0142ym przyk\u0142adem.<\/p>\n<p><a href=\"https:\/\/up.lublin.pl\/wp-content\/uploads\/2021\/10\/DSC_9716.jpg\"><img loading=\"lazy\" class=\"aligncenter size-full wp-image-206482\" src=\"https:\/\/up.lublin.pl\/wp-content\/uploads\/2021\/10\/DSC_9716.jpg\" alt=\"\" width=\"1500\" height=\"1000\" \/><\/a><\/p>\n<p>Biokosmetologia jest kierunkiem unikatowym (Uniwersytet Przyrodniczy w&nbsp;Lublinie jest jedyn\u0105 uczelni\u0105 w&nbsp;Polsce, kt\u00f3ra go realizuje) i\u00a0cieszy si\u0119 ogromn\u0105 popularno\u015bci\u0105.<\/p>\n<p><a href=\"https:\/\/up.lublin.pl\/wp-content\/uploads\/2021\/10\/DSC_9747.jpg\"><img loading=\"lazy\" class=\"aligncenter size-full wp-image-206514\" src=\"https:\/\/up.lublin.pl\/wp-content\/uploads\/2021\/10\/DSC_9747.jpg\" alt=\"\" width=\"1500\" height=\"1000\" \/><\/a><\/p>\n<p>Prowadzenie tego kierunku i&nbsp;ci\u0105g\u0142e doskonalenie bazy dydaktycznej stwarza mo\u017cliwo\u015b\u0107 wykszta\u0142cenia wysoko wykwalifikowanych specjalist\u00f3w z\u00a0zakresu biokosmetologii.<\/p>\n<p><a href=\"https:\/\/up.lublin.pl\/wp-content\/uploads\/2021\/10\/DSC_9706.jpg\"><img loading=\"lazy\" class=\"aligncenter size-full wp-image-206470\" src=\"https:\/\/up.lublin.pl\/wp-content\/uploads\/2021\/10\/DSC_9706.jpg\" alt=\"\" width=\"1500\" height=\"1000\" \/><\/a><\/p>\n<p>Realizowany program studi\u00f3w doskonale wpisuje si\u0119 w&nbsp;wieloaspektowe wykorzystanie potencja\u0142u przyrodniczego i&nbsp;gospodarczego regionu oraz kraju do wytwarzania wysokiej jako\u015bci produkt\u00f3w, na kt\u00f3re wzrasta zapotrzebowanie w&nbsp;dynamicznie rozwijaj\u0105cej si\u0119 ga\u0142\u0119zi gospodarki jak\u0105 jest produkcja kosmetyk\u00f3w w&nbsp;oparciu o\u00a0sk\u0142adniki naturalne (ro\u015blinne, mineralne). Program kszta\u0142cenia obejmuje tak\u017ce takie przedmioty jak chemia kosmetyczna, histologia, biologia molekularna z&nbsp;podstawami genetyki, surowce pochodzenia zwierz\u0119cego oraz ro\u015blinnego w&nbsp;kosmetyce, endokrynologia, dermatologia piel\u0119gnacyjna, produkcja i&nbsp;technologia kosmetyk\u00f3w, genokosmetyki czy genetyczne podstawy projektowania kosmetyk\u00f3w.<\/p>\n<p><a href=\"https:\/\/up.lublin.pl\/wp-content\/uploads\/2021\/10\/DSC_9809.jpg\"><img loading=\"lazy\" class=\"aligncenter size-full wp-image-206582\" src=\"https:\/\/up.lublin.pl\/wp-content\/uploads\/2021\/10\/DSC_9809.jpg\" alt=\"\" width=\"1500\" height=\"1000\" \/><\/a><\/p>\n<p>Na zako\u0144czenie uroczysto\u015bci studentki kierunku Bioksometologia rozda\u0142y zaproszonym go\u015bciom naturalne kosmetyki stworzone w&nbsp;pracowniach Uniwersytetu Przyrodniczego w&nbsp;Lublinie.<\/p>\n<p><a href=\"https:\/\/up.lublin.pl\/wp-content\/uploads\/2021\/10\/DSC_9671.jpg\"><img loading=\"lazy\" class=\"aligncenter size-full wp-image-206422\" src=\"https:\/\/up.lublin.pl\/wp-content\/uploads\/2021\/10\/DSC_9671.jpg\" alt=\"\" width=\"1500\" height=\"1000\" \/><\/a><\/p>\n<h5 style=\"text-align: right\">Fot. Alicja Jaroszewska \/ DKiWA<\/h5>\n<p><a href=\"https:\/\/up.lublin.pl\/wp-content\/uploads\/2021\/10\/logotypy_ue_poziom_kolor_2.png\"><img loading=\"lazy\" class=\"aligncenter size-full wp-image-206590\" src=\"https:\/\/up.lublin.pl\/wp-content\/uploads\/2021\/10\/logotypy_ue_poziom_kolor_2.png\" alt=\"\" width=\"3146\" height=\"176\" \/><\/a><\/p>\n                                        <\/div>\n\t\t\t\t\t\t                                                        <div class=\"mn-cards-list\">\n                                            <div class=\"mn-card-container\">\n                                                <div>\n                                                    <img src=\"https:\/\/up.lublin.pl\/srodowiskowa\/wp-content\/themes\/up-lublin\/assets\/images\/doc-ico.svg\" alt=\"\" \/>\n                                                    <h5>radio.lublin.pl z&nbsp;dn. 27.10.2021 r.<\/h5>\n                                                <\/div>\n                                                <a href=\"https:\/\/radio.lublin.pl\/2021\/10\/nowoczesny-sprzet-i-kosmetyki-dobrej-jakosci-studenci-biokosmetologii-up-beda-uczyc-sie-w-nowej-pracowni-zdjecia\/\" class=\"mn-more\" target=\"_blank\">Zobacz<\/a>\n                                            <\/div>\n                                        <\/div>\n\t\t\t\t\t\t                                                        <div class=\"mn-cards-list\">\n                                            <div class=\"mn-card-container\">\n                                                <div>\n                                                    <img src=\"https:\/\/up.lublin.pl\/srodowiskowa\/wp-content\/themes\/up-lublin\/assets\/images\/doc-ico.svg\" alt=\"\" \/>\n                                                    <h5>voxfm.pl  z&nbsp;dn. 27.10.2021 r.<\/h5>\n                                                <\/div>\n                                                <a href=\"https:\/\/www.voxfm.pl\/lublin\/na-studiach-produkuja-ekokosmetyki-jedyny-taki-kierunek-w-polsce-ak-dRMb-HZWt-Vg13.html\" class=\"mn-more\" target=\"_blank\">Zobacz<\/a>\n                                            <\/div>\n                                        <\/div>\n\t\t\t\t\t\t                                                        <div class=\"mn-cards-list\">\n                                            <div class=\"mn-card-container\">\n                                                <div>\n                                                    <img src=\"https:\/\/up.lublin.pl\/srodowiskowa\/wp-content\/themes\/up-lublin\/assets\/images\/doc-ico.svg\" alt=\"\" \/>\n                                                    <h5>dziennikwschodni.pl z&nbsp;dn. 27.10.2021 r.<\/h5>\n                                                <\/div>\n                                                <a href=\"https:\/\/www.dziennikwschodni.pl\/studia\/lublin-jedyny-taki-kierunek-w-polsce-ma-nowa-pracownie,n,1000297761.html\" class=\"mn-more\" target=\"_blank\">Zobacz<\/a>\n                                            <\/div>\n                                        <\/div>\n\t\t\t\t\t\t                                                        <div class=\"mn-cards-list\">\n                                            <div class=\"mn-card-container\">\n                                                <div>\n                                                    <img src=\"https:\/\/up.lublin.pl\/srodowiskowa\/wp-content\/themes\/up-lublin\/assets\/images\/doc-ico.svg\" alt=\"\" \/>\n                                                    <h5>forumakademickie.pl z&nbsp;dn.28.10.2021 r.<\/h5>\n                                                <\/div>\n                                                <a href=\"https:\/\/forumakademickie.pl\/zycie-akademickie\/w-lublinie-powstala-jedyna-w-kraju-pracownia-biokosmetologii\/\" class=\"mn-more\" target=\"_blank\">Zobacz<\/a>\n                                            <\/div>\n                                        <\/div>\n\t\t\t\t\t\t                                <\/div>\n\t\t\t\t                <div class=\"mn-content-block\">\n\t                                <\/div>\n\t\t\t\t                <div class=\"mn-content-block\">\n\t                                <\/div>\n\t\t\t\t                <div class=\"mn-content-block\">\n\t                                <\/div>\n\t\t\t\t                <div class=\"mn-content-block\">\n\t                                <\/div>\n\t\t\t\t                <div class=\"mn-content-block\">\n\t                                <\/div>\n\t\t\t\t                <div class=\"mn-content-block\">\n\t                                <\/div>\n\t\t\t\t                <div class=\"mn-content-block\">\n\t                                <\/div>\n\t\t\t\t                <div class=\"mn-content-block\">\n\t                                <\/div>\n\t\t\t\t                <div class=\"mn-content-block\">\n\t                                <\/div>\n\t\t\t\t                <div class=\"mn-content-block\">\n\t                                <\/div>\n\t\t\t\t                <div class=\"mn-content-block\">\n\t                                <\/div>\n\t\t\t\t                <div class=\"mn-content-block\">\n\t                                <\/div>\n\t\t\t\t                <div class=\"mn-content-block\">\n\t                                <\/div>\n\t\t\t\t                <div class=\"mn-content-block\">\n\t                                <\/div>\n\t\t\t\t                <div class=\"mn-content-block\">\n\t                                <\/div>\n\t\t\t\t                <div class=\"mn-content-block\">\n\t                                <\/div>\n\t\t\t\t                <div class=\"mn-content-block\">\n\t                                <\/div>\n\t\t\t\t                <div class=\"mn-content-block\">\n\t                                <\/div>\n\t\t\t\t                <div class=\"mn-content-block\">\n\t                                <\/div>\n\t\t\t\t\t\t<\/div>\n\t<\/div>\n<\/section>\n\t\t<\/div>\n\t\t\t\t<\/div>\n\t\t\t\t\t\t<\/div>\n\t\t\t\t\t<\/div>\n\t\t<\/div>\n\t\t\t\t\t\t\t\t<\/div>\n\t\t\t\t\t<\/div>\n\t\t<\/section>\n\t\t\t\t\t\t<\/div>\n\t\t\t\t\t\t<\/div>\n\t\t\t\t\t<\/div>\n\t\t","protected":false},"excerpt":{"rendered":"<p>27 pa\u017adziernika 2021 r. odby\u0142o si\u0119 uroczyste otwarcie Pracowni Biokosmetologii. Pracownia zlokalizowana jest w&nbsp;Centrum Kultury Fizycznej i&nbsp;Sportu UP w&nbsp;Lublinie przy ul. G\u0142\u0119bokiej 31. Galeria zdj\u0119\u0107 Zobacz W wydarzeniu, kt\u00f3remu przewodniczy\u0142 Dziekan Wydzia\u0142u Biologii \u015arodowiskowej prof. dr hab. Tomasz Mieczan, wzi\u0119li udzia\u0142: JM Rektor Uniwersytetu Przyrodniczego w&nbsp;Lublinie prof. dr hab. Krzysztof Kowalczyk, Prorektor ds. Nauki i&nbsp;Wsp\u00f3\u0142pracy [&hellip;]<\/p>\n","protected":false},"author":2,"featured_media":144463,"comment_status":"closed","ping_status":"open","sticky":false,"template":"elementor_header_footer","format":"standard","meta":{"_monsterinsights_skip_tracking":false,"_monsterinsights_sitenote_active":false,"_monsterinsights_sitenote_note":"","_monsterinsights_sitenote_category":0},"categories":[24],"tags":[],"_links":{"self":[{"href":"https:\/\/up.lublin.pl\/srodowiskowa\/wp-json\/wp\/v2\/posts\/144462"}],"collection":[{"href":"https:\/\/up.lublin.pl\/srodowiskowa\/wp-json\/wp\/v2\/posts"}],"about":[{"href":"https:\/\/up.lublin.pl\/srodowiskowa\/wp-json\/wp\/v2\/types\/post"}],"author":[{"embeddable":true,"href":"https:\/\/up.lublin.pl\/srodowiskowa\/wp-json\/wp\/v2\/users\/2"}],"replies":[{"embeddable":true,"href":"https:\/\/up.lublin.pl\/srodowiskowa\/wp-json\/wp\/v2\/comments?post=144462"}],"version-history":[{"count":13,"href":"https:\/\/up.lublin.pl\/srodowiskowa\/wp-json\/wp\/v2\/posts\/144462\/revisions"}],"predecessor-version":[{"id":144525,"href":"https:\/\/up.lublin.pl\/srodowiskowa\/wp-json\/wp\/v2\/posts\/144462\/revisions\/144525"}],"wp:featuredmedia":[{"embeddable":true,"href":"https:\/\/up.lublin.pl\/srodowiskowa\/wp-json\/wp\/v2\/media\/144463"}],"wp:attachment":[{"href":"https:\/\/up.lublin.pl\/srodowiskowa\/wp-json\/wp\/v2\/media?parent=144462"}],"wp:term":[{"taxonomy":"category","embeddable":true,"href":"https:\/\/up.lublin.pl\/srodowiskowa\/wp-json\/wp\/v2\/categories?post=144462"},{"taxonomy":"post_tag","embeddable":true,"href":"https:\/\/up.lublin.pl\/srodowiskowa\/wp-json\/wp\/v2\/tags?post=144462"}],"curies":[{"name":"wp","href":"https:\/\/api.w.org\/{rel}","templated":true}]}}