{"id":142283,"date":"2021-07-23T10:57:24","date_gmt":"2021-07-23T08:57:24","guid":{"rendered":"https:\/\/up.lublin.pl\/srodowiskowa\/?p=142283"},"modified":"2021-07-23T11:49:51","modified_gmt":"2021-07-23T09:49:51","slug":"egzamin-z-praktyk-studenckich","status":"publish","type":"post","link":"https:\/\/up.lublin.pl\/srodowiskowa\/egzamin-z-praktyk-studenckich\/","title":{"rendered":"Egzamin z praktyk zawodowych"},"content":{"rendered":"<p><strong>Szanowni Studenci Wydzia\u0142u Biologii \u015arodowiskowej<\/strong><\/p>\n<p>&nbsp;<\/p>\n<p>Uprzejmie prosz\u0119 zapozna\u0107 si\u0119 z zamieszczonym poni\u017cej szczeg\u00f3\u0142owym harmonogramem przeprowadzania egzaminu z praktyk zawodowych oraz z procedur\u0105 przeprowadzania egzaminu.<\/p>\n<p>&nbsp;<\/p>\n<p style=\"text-align: center\"><span style=\"text-decoration: underline\">SZCZEG\u00d3\u0141OWY HARMONOGRAM PRZEPROWADZENIA EGZAMINU Z PRAKTYK ZAWODOWYCH DLA STUDENT\u00d3W KIERUNKU<\/span><\/p>\n<p>&nbsp;<\/p>\n<p style=\"text-align: center\"><strong>BIOKOSMETOLOGIA<\/strong><br \/>\n<strong>studia I stopnia stacjonarne<\/strong><br \/>\n<strong>s. konferencyjna, ul. Akademicka 15<\/strong><\/p>\n<table style=\"width: 99.3008%\" width=\"0\">\n<tbody>\n<tr>\n<td style=\"text-align: center;width: 32.8549%\" width=\"202\"><strong>Data<\/strong><\/td>\n<td style=\"text-align: center;width: 32.6954%\" width=\"201\"><strong>Godzina<\/strong><\/td>\n<td style=\"text-align: center;width: 32.6954%\" width=\"201\"><strong>Nazwiska<\/strong><\/td>\n<\/tr>\n<tr>\n<td style=\"width: 32.8549%;text-align: center\" width=\"202\"><strong>13<\/strong>.09.2021<\/td>\n<td style=\"width: 32.6954%;text-align: center\" width=\"201\">8.00-8.50<\/td>\n<td style=\"width: 32.6954%;text-align: center\" width=\"201\">na litery A\u2026-Brz\u2026<\/td>\n<\/tr>\n<tr>\n<td style=\"width: 32.8549%;text-align: center\" width=\"202\">13.09.2021<\/td>\n<td style=\"width: 32.6954%;text-align: center\" width=\"201\">8.50-9.40<\/td>\n<td style=\"width: 32.6954%;text-align: center\" width=\"201\">na litery Bu\u2026-Cie\u0107\u2026<\/td>\n<\/tr>\n<tr>\n<td style=\"width: 32.8549%;text-align: center\" width=\"202\">13.09.2021<\/td>\n<td style=\"width: 32.6954%;text-align: center\" width=\"201\">9.55-10.45<\/td>\n<td style=\"width: 32.6954%;text-align: center\" width=\"201\">na litery Ciep\u2026-Fa\u2026<\/td>\n<\/tr>\n<tr>\n<td style=\"width: 32.8549%;text-align: center\" width=\"202\">13.09.2021<\/td>\n<td style=\"width: 32.6954%;text-align: center\" width=\"201\">10.45-11.35<\/td>\n<td style=\"width: 32.6954%;text-align: center\" width=\"201\">na litery Fi\u2026-Ga\u2026<\/td>\n<\/tr>\n<tr>\n<td style=\"width: 32.8549%;text-align: center\" width=\"202\">13.09.2021<\/td>\n<td style=\"width: 32.6954%;text-align: center\" width=\"201\">11.35-12.25<\/td>\n<td style=\"width: 32.6954%;text-align: center\" width=\"201\">na litery Gn\u2026-Gruszcz\u2026<\/td>\n<\/tr>\n<tr>\n<td style=\"width: 32.8549%;text-align: center\" width=\"202\">13.09.2021<\/td>\n<td style=\"width: 32.6954%;text-align: center\" width=\"201\">12.40-13.30<\/td>\n<td style=\"width: 32.6954%;text-align: center\" width=\"201\">na litery Gruszk\u2026-Juch\u2026<\/td>\n<\/tr>\n<tr>\n<td style=\"width: 32.8549%;text-align: center\" width=\"202\"><strong>14<\/strong>.09.2021<\/td>\n<td style=\"width: 32.6954%;text-align: center\" width=\"201\">8.00-8.50<\/td>\n<td style=\"width: 32.6954%;text-align: center\" width=\"201\">na litery Jur\u2026-Ko\u2026<\/td>\n<\/tr>\n<tr>\n<td style=\"width: 32.8549%;text-align: center\" width=\"202\">14.09.2021<\/td>\n<td style=\"width: 32.6954%;text-align: center\" width=\"201\">8.50-9.40<\/td>\n<td style=\"width: 32.6954%;text-align: center\" width=\"201\">na litery Kow\u2026-Mal\u2026<\/td>\n<\/tr>\n<tr>\n<td style=\"width: 32.8549%;text-align: center\" width=\"202\">14.09.2021<\/td>\n<td style=\"width: 32.6954%;text-align: center\" width=\"201\">9.55-10.45<\/td>\n<td style=\"width: 32.6954%;text-align: center\" width=\"201\">na litery Ma\u0142\u2026-O\u2026<\/td>\n<\/tr>\n<tr>\n<td style=\"width: 32.8549%;text-align: center\" width=\"202\">14.09.2021<\/td>\n<td style=\"width: 32.6954%;text-align: center\" width=\"201\">10.45-11.35<\/td>\n<td style=\"width: 32.6954%;text-align: center\" width=\"201\">na litery P\u2026-Se\u2026<\/td>\n<\/tr>\n<tr>\n<td style=\"width: 32.8549%;text-align: center\" width=\"202\">14.09.2021<\/td>\n<td style=\"width: 32.6954%;text-align: center\" width=\"201\">11.35-12.25<\/td>\n<td style=\"width: 32.6954%;text-align: center\" width=\"201\">na litery S\u0142\u2026-\u015am\u2026<\/td>\n<\/tr>\n<tr>\n<td style=\"width: 32.8549%;text-align: center\" width=\"202\">14.09.2021<\/td>\n<td style=\"width: 32.6954%;text-align: center\" width=\"201\">12.40-13.30<\/td>\n<td style=\"width: 32.6954%;text-align: center\" width=\"201\">na litery T\u2026-War\u2026<\/td>\n<\/tr>\n<tr>\n<td style=\"width: 32.8549%;text-align: center\" width=\"202\">14.09.2021<\/td>\n<td style=\"width: 32.6954%;text-align: center\" width=\"201\">13.30-14.20<\/td>\n<td style=\"width: 32.6954%;text-align: center\" width=\"201\">na litery Waw\u2026-Z\u2026<\/td>\n<\/tr>\n<\/tbody>\n<\/table>\n<p>&nbsp;<\/p>\n<p style=\"text-align: center\"><strong>BIOLOGIA<\/strong><br \/>\n<strong>studia I stopnia stacjonarne<\/strong><br \/>\n<strong>s. konferencyjna, ul. Akademicka 15<\/strong><\/p>\n<table>\n<tbody>\n<tr>\n<td style=\"text-align: center\" width=\"202\"><strong>Data<\/strong><\/td>\n<td style=\"text-align: center\" width=\"201\"><strong>Godzina<\/strong><\/td>\n<td style=\"text-align: center\" width=\"201\"><strong>Nazwiska<\/strong><\/td>\n<\/tr>\n<tr>\n<td style=\"text-align: center\" width=\"202\"><strong>09<\/strong>.09.2021<\/td>\n<td style=\"text-align: center\" width=\"201\">8.00-8.50<\/td>\n<td style=\"text-align: center\" width=\"201\">na litery A\u2026-C\u2026<\/td>\n<\/tr>\n<tr>\n<td style=\"text-align: center\" width=\"202\">09.09.2021<\/td>\n<td style=\"text-align: center\" width=\"201\">8.50-9.40<\/td>\n<td style=\"text-align: center\" width=\"201\">na litery D\u2026-Kol\u2026<\/td>\n<\/tr>\n<tr>\n<td style=\"text-align: center\" width=\"202\">09.09.2021<\/td>\n<td style=\"text-align: center\" width=\"201\">9.55-10.45<\/td>\n<td style=\"text-align: center\" width=\"201\">na litery Ko\u0142\u2026-Sz\u2026<\/td>\n<\/tr>\n<\/tbody>\n<\/table>\n<p>&nbsp;<\/p>\n<p style=\"text-align: center\"><strong>OCHRONA \u015aRODOWISKA<\/strong><br \/>\n<strong>studia I stopnia stacjonarne<\/strong><br \/>\n<strong>s. konferencyjna, ul. Akademicka 15<\/strong><\/p>\n<table>\n<tbody>\n<tr>\n<td style=\"text-align: center\" width=\"202\"><strong>Data<\/strong><\/td>\n<td style=\"text-align: center\" width=\"201\"><strong>Godzina<\/strong><\/td>\n<td style=\"text-align: center\" width=\"201\"><strong>Nazwiska<\/strong><\/td>\n<\/tr>\n<tr>\n<td style=\"text-align: center\" width=\"202\"><strong>10<\/strong>.09.2021<\/td>\n<td style=\"text-align: center\" width=\"201\">8.00-8.50<\/td>\n<td style=\"text-align: center\" width=\"201\">na litery A\u2026-J\u2026<\/td>\n<\/tr>\n<tr>\n<td style=\"text-align: center\" width=\"202\">10.09.2021<\/td>\n<td style=\"text-align: center\" width=\"201\">8.50-9.40<\/td>\n<td style=\"text-align: center\" width=\"201\">na litery K\u2026-O\u2026<\/td>\n<\/tr>\n<tr>\n<td style=\"text-align: center\" width=\"202\">10.09.2021<\/td>\n<td style=\"text-align: center\" width=\"201\">9.55-10.45<\/td>\n<td style=\"text-align: center\" width=\"201\">na litery P\u2026-\u017b\u2026<\/td>\n<\/tr>\n<\/tbody>\n<\/table>\n<p>&nbsp;<\/p>\n<p style=\"text-align: center\"><strong>OCHRONA \u015aRODOWISKA<\/strong><br \/>\n<strong>studia I stopnia niestacjonarne<\/strong><br \/>\n<strong>s. konferencyjna, ul. Akademicka 15<\/strong><\/p>\n<table>\n<tbody>\n<tr>\n<td style=\"text-align: center\" width=\"202\"><strong>Data<\/strong><\/td>\n<td style=\"text-align: center\" width=\"201\"><strong>Godzina<\/strong><\/td>\n<td style=\"text-align: center\" width=\"201\"><strong>Nazwiska<\/strong><\/td>\n<\/tr>\n<tr>\n<td style=\"text-align: center\" width=\"202\"><strong>10<\/strong>.09.2021<\/td>\n<td style=\"text-align: center\" width=\"201\">10.45-11.35<\/td>\n<td style=\"text-align: center\" width=\"201\">na litery C\u2026-K\u2026<\/td>\n<\/tr>\n<tr>\n<td style=\"text-align: center\" width=\"202\">10.09.2021<\/td>\n<td style=\"text-align: center\" width=\"201\">11.35-12.25<\/td>\n<td style=\"text-align: center\" width=\"201\">na litery R\u2026-\u017b\u2026<\/td>\n<\/tr>\n<\/tbody>\n<\/table>\n<p>&nbsp;<\/p>\n<p><a href=\"https:\/\/up.lublin.pl\/srodowiskowa\/wp-content\/uploads\/sites\/5\/2021\/07\/Procedura-praktyki.pdf\"><strong>Procedura przeprowadzania egzaminu z praktyk zawodowych<\/strong><\/a><\/p>\n","protected":false},"excerpt":{"rendered":"<p>Szanowni Studenci Wydzia\u0142u Biologii \u015arodowiskowej &nbsp; Uprzejmie prosz\u0119 zapozna\u0107 si\u0119 z zamieszczonym poni\u017cej szczeg\u00f3\u0142owym harmonogramem przeprowadzania egzaminu z praktyk zawodowych oraz z procedur\u0105 przeprowadzania egzaminu. &nbsp; SZCZEG\u00d3\u0141OWY HARMONOGRAM PRZEPROWADZENIA EGZAMINU Z PRAKTYK ZAWODOWYCH DLA STUDENT\u00d3W KIERUNKU &nbsp; BIOKOSMETOLOGIA studia I stopnia stacjonarne s. konferencyjna, ul. Akademicka 15 Data Godzina Nazwiska 13.09.2021 8.00-8.50 na litery A\u2026-Brz\u2026 [&hellip;]<\/p>\n","protected":false},"author":201,"featured_media":0,"comment_status":"closed","ping_status":"open","sticky":false,"template":"","format":"standard","meta":{"_monsterinsights_skip_tracking":false,"_monsterinsights_sitenote_active":false,"_monsterinsights_sitenote_note":"","_monsterinsights_sitenote_category":0},"categories":[24],"tags":[],"_links":{"self":[{"href":"https:\/\/up.lublin.pl\/srodowiskowa\/wp-json\/wp\/v2\/posts\/142283"}],"collection":[{"href":"https:\/\/up.lublin.pl\/srodowiskowa\/wp-json\/wp\/v2\/posts"}],"about":[{"href":"https:\/\/up.lublin.pl\/srodowiskowa\/wp-json\/wp\/v2\/types\/post"}],"author":[{"embeddable":true,"href":"https:\/\/up.lublin.pl\/srodowiskowa\/wp-json\/wp\/v2\/users\/201"}],"replies":[{"embeddable":true,"href":"https:\/\/up.lublin.pl\/srodowiskowa\/wp-json\/wp\/v2\/comments?post=142283"}],"version-history":[{"count":5,"href":"https:\/\/up.lublin.pl\/srodowiskowa\/wp-json\/wp\/v2\/posts\/142283\/revisions"}],"predecessor-version":[{"id":142299,"href":"https:\/\/up.lublin.pl\/srodowiskowa\/wp-json\/wp\/v2\/posts\/142283\/revisions\/142299"}],"wp:attachment":[{"href":"https:\/\/up.lublin.pl\/srodowiskowa\/wp-json\/wp\/v2\/media?parent=142283"}],"wp:term":[{"taxonomy":"category","embeddable":true,"href":"https:\/\/up.lublin.pl\/srodowiskowa\/wp-json\/wp\/v2\/categories?post=142283"},{"taxonomy":"post_tag","embeddable":true,"href":"https:\/\/up.lublin.pl\/srodowiskowa\/wp-json\/wp\/v2\/tags?post=142283"}],"curies":[{"name":"wp","href":"https:\/\/api.w.org\/{rel}","templated":true}]}}