{"id":142263,"date":"2021-07-21T09:27:48","date_gmt":"2021-07-21T07:27:48","guid":{"rendered":"https:\/\/up.lublin.pl\/srodowiskowa\/?p=142263"},"modified":"2021-07-21T09:39:47","modified_gmt":"2021-07-21T07:39:47","slug":"pracownicy-wydzialu-biologii-srodowiskowej-realizuja-projekt-w-ramach-krajowego-monitoringu-ichtiofauny-rzek","status":"publish","type":"post","link":"https:\/\/up.lublin.pl\/srodowiskowa\/pracownicy-wydzialu-biologii-srodowiskowej-realizuja-projekt-w-ramach-krajowego-monitoringu-ichtiofauny-rzek\/","title":{"rendered":"Pracownicy Wydzia\u0142u Biologii \u015arodowiskowej realizuj\u0105 projekt w ramach krajowego monitoringu ichtiofauny rzek"},"content":{"rendered":"<p>&nbsp;<\/p>\n<p>Mi\u0142o nam poinformowa\u0107, \u017ce Uniwersytet Przyrodniczy w Lublinie w dniu 12 lipca 2021 roku podpisa\u0142 umow\u0119 z Instytutem Rybactwa \u015ar\u00f3dl\u0105dowego im. Stanis\u0142aw Sakowicza w Olsztynie dotycz\u0105c\u0105 realizacji projektu pt.: \u201eMonitoring ichtiofauny rzecznej w latach 2019-2021 na potrzeby oceny stanu lub potencja\u0142u ekologicznego jednolitych cz\u0119\u015bci w\u00f3d powierzchniowych\u201d.<\/p>\n<p>&nbsp;<\/p>\n<p style=\"text-align: center\"><img loading=\"lazy\" class=\"alignnone wp-image-142264\" src=\"https:\/\/up.lublin.pl\/srodowiskowa\/wp-content\/uploads\/sites\/5\/2021\/07\/Fot.-1.jpg\" alt=\"\" width=\"579\" height=\"325\" \/><\/p>\n<p>Projekt realizowany jest w Katedrze Hydrobiologii i Ochrony Ekosystem\u00f3w na Wydziale Biologii \u015arodowiskowej. Zesp\u00f3\u0142 projektowy stanowi\u0105: dr hab. Jacek Rechulicz (kierownik projektu), Prof. dr hab. Tomasz Mieczan, dr Wojciech P\u0142aska oraz dr Micha\u0142 Nied\u017awiecki.<\/p>\n<p>&nbsp;<\/p>\n<p style=\"text-align: center\"><img loading=\"lazy\" class=\"alignnone wp-image-142268\" src=\"https:\/\/up.lublin.pl\/srodowiskowa\/wp-content\/uploads\/sites\/5\/2021\/07\/Fot.-2.jpg\" alt=\"\" width=\"586\" height=\"329\" \/><\/p>\n<p>Celem projektu s\u0105 od\u0142owy kontrolne ryb w rzekach wojew\u00f3dztwa lubelskiego przy wykorzystaniu elektrycznych narz\u0119dzi po\u0142owu oraz ocena stanu zasiedlaj\u0105cej je ichtiofauny na tle warunk\u00f3w hydromorfologicznych. Uzyskane wyniki b\u0119d\u0105 wykorzystane m.in. przez G\u0142\u00f3wny Inspektorat Ochrony \u015arodowiska do oceny stanu ekologicznego w\u00f3d p\u0142yn\u0105cych.<\/p>\n<p>&nbsp;<\/p>\n<p style=\"text-align: center\"><img loading=\"lazy\" class=\"alignnone wp-image-142272\" src=\"https:\/\/up.lublin.pl\/srodowiskowa\/wp-content\/uploads\/sites\/5\/2021\/07\/Fot.-3.jpg\" alt=\"\" width=\"575\" height=\"323\" \/><\/p>\n<p style=\"text-align: center\"><img loading=\"lazy\" class=\"alignnone wp-image-142276\" src=\"https:\/\/up.lublin.pl\/srodowiskowa\/wp-content\/uploads\/sites\/5\/2021\/07\/Fot.-4.jpg\" alt=\"\" width=\"577\" height=\"324\" \/><\/p>\n","protected":false},"excerpt":{"rendered":"<p>&nbsp; Mi\u0142o nam poinformowa\u0107, \u017ce Uniwersytet Przyrodniczy w Lublinie w dniu 12 lipca 2021 roku podpisa\u0142 umow\u0119 z Instytutem Rybactwa \u015ar\u00f3dl\u0105dowego im. Stanis\u0142aw Sakowicza w Olsztynie dotycz\u0105c\u0105 realizacji projektu pt.: \u201eMonitoring ichtiofauny rzecznej w latach 2019-2021 na potrzeby oceny stanu lub potencja\u0142u ekologicznego jednolitych cz\u0119\u015bci w\u00f3d powierzchniowych\u201d. &nbsp; Projekt realizowany jest w Katedrze Hydrobiologii i [&hellip;]<\/p>\n","protected":false},"author":201,"featured_media":0,"comment_status":"closed","ping_status":"open","sticky":false,"template":"","format":"standard","meta":{"_monsterinsights_skip_tracking":false,"_monsterinsights_sitenote_active":false,"_monsterinsights_sitenote_note":"","_monsterinsights_sitenote_category":0},"categories":[24],"tags":[],"_links":{"self":[{"href":"https:\/\/up.lublin.pl\/srodowiskowa\/wp-json\/wp\/v2\/posts\/142263"}],"collection":[{"href":"https:\/\/up.lublin.pl\/srodowiskowa\/wp-json\/wp\/v2\/posts"}],"about":[{"href":"https:\/\/up.lublin.pl\/srodowiskowa\/wp-json\/wp\/v2\/types\/post"}],"author":[{"embeddable":true,"href":"https:\/\/up.lublin.pl\/srodowiskowa\/wp-json\/wp\/v2\/users\/201"}],"replies":[{"embeddable":true,"href":"https:\/\/up.lublin.pl\/srodowiskowa\/wp-json\/wp\/v2\/comments?post=142263"}],"version-history":[{"count":2,"href":"https:\/\/up.lublin.pl\/srodowiskowa\/wp-json\/wp\/v2\/posts\/142263\/revisions"}],"predecessor-version":[{"id":142281,"href":"https:\/\/up.lublin.pl\/srodowiskowa\/wp-json\/wp\/v2\/posts\/142263\/revisions\/142281"}],"wp:attachment":[{"href":"https:\/\/up.lublin.pl\/srodowiskowa\/wp-json\/wp\/v2\/media?parent=142263"}],"wp:term":[{"taxonomy":"category","embeddable":true,"href":"https:\/\/up.lublin.pl\/srodowiskowa\/wp-json\/wp\/v2\/categories?post=142263"},{"taxonomy":"post_tag","embeddable":true,"href":"https:\/\/up.lublin.pl\/srodowiskowa\/wp-json\/wp\/v2\/tags?post=142263"}],"curies":[{"name":"wp","href":"https:\/\/api.w.org\/{rel}","templated":true}]}}