{"id":140876,"date":"2021-07-07T09:28:46","date_gmt":"2021-07-07T07:28:46","guid":{"rendered":"https:\/\/up.lublin.pl\/srodowiskowa\/?p=140876"},"modified":"2021-07-07T09:28:46","modified_gmt":"2021-07-07T07:28:46","slug":"wspolpraca-naukowcow-z-wydzialu-biologii-srodowiskowej-z-lubelska-spoldzielnia-mieszkaniowa","status":"publish","type":"post","link":"https:\/\/up.lublin.pl\/srodowiskowa\/wspolpraca-naukowcow-z-wydzialu-biologii-srodowiskowej-z-lubelska-spoldzielnia-mieszkaniowa\/","title":{"rendered":"Wsp\u00f3\u0142praca naukowc\u00f3w z Wydzia\u0142u Biologii \u015arodowiskowej z Lubelsk\u0105 Sp\u00f3\u0142dzielni\u0105 Mieszkaniow\u0105"},"content":{"rendered":"<p>Z przyjemno\u015bci\u0105 informujemy, \u017ce Lubelska Sp\u00f3\u0142dzielnia Mieszkaniowa podpisa\u0142a porozumienie o wsp\u00f3\u0142pracy z Uniwersytetem Przyrodniczym w ramach kt\u00f3rego pod nadzorem merytorycznym dr Marka Nieoczyma z Wydzia\u0142u Biologii \u015arodowiskowej (Katedra Zoologii i Ekologii Zwierz\u0105t) zosta\u0142y podj\u0119te prace nad budow\u0105, pozyskaniem i rozmieszczeniem skrzynek l\u0119gowych dla ptak\u00f3w wyst\u0119puj\u0105cych na osiedlach Lubelskiej Sp\u00f3\u0142dzielni Mieszkaniowej. Wczesn\u0105 wiosn\u0105 budki l\u0119gowe typu A1, A i B wykonane przez pracownik\u00f3w poszczeg\u00f3lnych Administracji Osiedli w ilo\u015bci 300 sztuk zosta\u0142y powieszone na drzewach przy wykorzystaniu nowo zakupionego przez Sp\u00f3\u0142dzielni\u0119 podno\u015bnika koszowego.<\/p>\n<p style=\"text-align: center\"><img loading=\"lazy\" class=\"alignnone  wp-image-140877\" src=\"https:\/\/up.lublin.pl\/srodowiskowa\/wp-content\/uploads\/sites\/5\/2021\/07\/FOT-7N.jpg\" alt=\"\" width=\"473\" height=\"345\" \/><\/p>\n<p style=\"text-align: center\"><img loading=\"lazy\" class=\"alignnone  wp-image-140881\" src=\"https:\/\/up.lublin.pl\/srodowiskowa\/wp-content\/uploads\/sites\/5\/2021\/07\/FOT-2-N.jpg\" alt=\"\" width=\"477\" height=\"318\" \/><\/p>\n<p>Budki przeznaczone s\u0105 dla wyst\u0119puj\u0105cych tutaj sikor, mazurk\u00f3w, wr\u00f3bli, mucho\u0142\u00f3wek, pleszek, kowalik\u00f3w i szpak\u00f3w. W maju w ramach projektu z Bud\u017cetu Obywatelskiego O-38 pt. \u201eStop komarom. Witajcie jerzyki!&#8221; powieszono 140 budek dla jerzyk\u00f3w na wysokich budynkach przy ulicach: B. Chrobrego 2 i 20 (os. Piastowskie), T. Zana 13 (os. Z. Krasi\u0144skiego), T. Zana 8 (os. J. S\u0142owackiego), Pana Balcera 1 (os. M. Konopnickiej) oraz K. Wallenroda 2B (os. A. Mickiewicza).<\/p>\n<p style=\"text-align: center\"><img loading=\"lazy\" class=\"alignnone  wp-image-140885\" src=\"https:\/\/up.lublin.pl\/srodowiskowa\/wp-content\/uploads\/sites\/5\/2021\/07\/FOT-1-N.jpg\" alt=\"\" width=\"469\" height=\"625\" \/><\/p>\n<p style=\"text-align: center\"><img loading=\"lazy\" class=\"alignnone  wp-image-140889\" src=\"https:\/\/up.lublin.pl\/srodowiskowa\/wp-content\/uploads\/sites\/5\/2021\/07\/FOT-4N.jpg\" alt=\"\" width=\"470\" height=\"313\" \/><\/p>\n<p style=\"text-align: center\"><img loading=\"lazy\" class=\"alignnone wp-image-140893\" src=\"https:\/\/up.lublin.pl\/srodowiskowa\/wp-content\/uploads\/sites\/5\/2021\/07\/FOT-5N.jpg\" alt=\"\" width=\"476\" height=\"586\" \/><\/p>\n<p>&nbsp;<\/p>\n<p>Wsp\u00f3\u0142praca pomi\u0119dzy Lubelsk\u0105 Sp\u00f3\u0142dzielni\u0105 Mieszkaniow\u0105 i Wydzia\u0142em Biologii \u015arodowiskowej przyczyni si\u0119 do ochrony bior\u00f3\u017cnorodno\u015bci ptak\u00f3w, kt\u00f3re znajduj\u0105 na tym terenie dogodne warunki do bytowania dzi\u0119ki przestrzeni bogatej w ziele\u0144. Planowana jest dalsza wsp\u00f3\u0142praca w zakresie edukacji ornitologicznej, ochrony przyrody i realizacji projekt\u00f3w naukowych.<\/p>\n<p>&nbsp;<\/p>\n","protected":false},"excerpt":{"rendered":"<p>Z przyjemno\u015bci\u0105 informujemy, \u017ce Lubelska Sp\u00f3\u0142dzielnia Mieszkaniowa podpisa\u0142a porozumienie o wsp\u00f3\u0142pracy z Uniwersytetem Przyrodniczym w ramach kt\u00f3rego pod nadzorem merytorycznym dr Marka Nieoczyma z Wydzia\u0142u Biologii \u015arodowiskowej (Katedra Zoologii i Ekologii Zwierz\u0105t) zosta\u0142y podj\u0119te prace nad budow\u0105, pozyskaniem i rozmieszczeniem skrzynek l\u0119gowych dla ptak\u00f3w wyst\u0119puj\u0105cych na osiedlach Lubelskiej Sp\u00f3\u0142dzielni Mieszkaniowej. Wczesn\u0105 wiosn\u0105 budki l\u0119gowe typu [&hellip;]<\/p>\n","protected":false},"author":201,"featured_media":0,"comment_status":"closed","ping_status":"open","sticky":false,"template":"","format":"standard","meta":{"_monsterinsights_skip_tracking":false,"_monsterinsights_sitenote_active":false,"_monsterinsights_sitenote_note":"","_monsterinsights_sitenote_category":0},"categories":[24],"tags":[],"_links":{"self":[{"href":"https:\/\/up.lublin.pl\/srodowiskowa\/wp-json\/wp\/v2\/posts\/140876"}],"collection":[{"href":"https:\/\/up.lublin.pl\/srodowiskowa\/wp-json\/wp\/v2\/posts"}],"about":[{"href":"https:\/\/up.lublin.pl\/srodowiskowa\/wp-json\/wp\/v2\/types\/post"}],"author":[{"embeddable":true,"href":"https:\/\/up.lublin.pl\/srodowiskowa\/wp-json\/wp\/v2\/users\/201"}],"replies":[{"embeddable":true,"href":"https:\/\/up.lublin.pl\/srodowiskowa\/wp-json\/wp\/v2\/comments?post=140876"}],"version-history":[{"count":1,"href":"https:\/\/up.lublin.pl\/srodowiskowa\/wp-json\/wp\/v2\/posts\/140876\/revisions"}],"predecessor-version":[{"id":140897,"href":"https:\/\/up.lublin.pl\/srodowiskowa\/wp-json\/wp\/v2\/posts\/140876\/revisions\/140897"}],"wp:attachment":[{"href":"https:\/\/up.lublin.pl\/srodowiskowa\/wp-json\/wp\/v2\/media?parent=140876"}],"wp:term":[{"taxonomy":"category","embeddable":true,"href":"https:\/\/up.lublin.pl\/srodowiskowa\/wp-json\/wp\/v2\/categories?post=140876"},{"taxonomy":"post_tag","embeddable":true,"href":"https:\/\/up.lublin.pl\/srodowiskowa\/wp-json\/wp\/v2\/tags?post=140876"}],"curies":[{"name":"wp","href":"https:\/\/api.w.org\/{rel}","templated":true}]}}