{"id":140857,"date":"2021-07-02T10:13:26","date_gmt":"2021-07-02T08:13:26","guid":{"rendered":"https:\/\/up.lublin.pl\/srodowiskowa\/?p=140857"},"modified":"2021-07-02T10:18:46","modified_gmt":"2021-07-02T08:18:46","slug":"konkurs-na-najlepsza-prace-magisterska","status":"publish","type":"post","link":"https:\/\/up.lublin.pl\/srodowiskowa\/konkurs-na-najlepsza-prace-magisterska\/","title":{"rendered":"Konkurs na najlepsz\u0105 prac\u0119 magistersk\u0105 dotycz\u0105c\u0105 rynku pracy"},"content":{"rendered":"<div><\/div>\n<div>Szanowni Pa\u0144stwo<\/div>\n<div><\/div>\n<div>Uprzejmie prosz\u0119 o zapoznanie si\u0119 z tre\u015bci\u0105 komunikatu dotycz\u0105cego konkursu na najlepsz\u0105 prac\u0119 magistersk\u0105, kt\u00f3rego organizatorem jest Wojew\u00f3dzki Urz\u0105d Pracy w Lublinie.<\/div>\n<div><\/div>\n<div><\/div>\n<div><\/div>\n<div><\/div>\n<div>Poczt\u0105 uczelnian\u0105 otrzymacie Pa\u0144stwo informacj\u0119 o w\/w wydarzeniu, jednocze\u015bnie prosz\u0119 o szczeg\u00f3\u0142owe zapoznanie si\u0119 z informacjami zawartymi w poni\u017cszym linku.<\/div>\n<div><\/div>\n<div><\/div>\n<div><a href=\"http:\/\/wuplublin.praca.gov.pl\/-\/15133688-konkurs-na-najlepsza-prace-magisterska-dotyczaca-rynku-pracy\">http:\/\/wuplublin.praca.gov.pl\/-\/15133688-konkurs-na-najlepsza-prace-magisterska-dotyczaca-rynku-pracy<\/a><\/div>\n<div><\/div>\n<div><\/div>\n<div><\/div>\n","protected":false},"excerpt":{"rendered":"<p>Szanowni Pa\u0144stwo Uprzejmie prosz\u0119 o zapoznanie si\u0119 z tre\u015bci\u0105 komunikatu dotycz\u0105cego konkursu na najlepsz\u0105 prac\u0119 magistersk\u0105, kt\u00f3rego organizatorem jest Wojew\u00f3dzki Urz\u0105d Pracy w Lublinie. Poczt\u0105 uczelnian\u0105 otrzymacie Pa\u0144stwo informacj\u0119 o w\/w wydarzeniu, jednocze\u015bnie prosz\u0119 o szczeg\u00f3\u0142owe zapoznanie si\u0119 z informacjami zawartymi w poni\u017cszym linku. http:\/\/wuplublin.praca.gov.pl\/-\/15133688-konkurs-na-najlepsza-prace-magisterska-dotyczaca-rynku-pracy<\/p>\n","protected":false},"author":201,"featured_media":0,"comment_status":"closed","ping_status":"open","sticky":false,"template":"","format":"standard","meta":{"_monsterinsights_skip_tracking":false,"_monsterinsights_sitenote_active":false,"_monsterinsights_sitenote_note":"","_monsterinsights_sitenote_category":0},"categories":[24],"tags":[],"_links":{"self":[{"href":"https:\/\/up.lublin.pl\/srodowiskowa\/wp-json\/wp\/v2\/posts\/140857"}],"collection":[{"href":"https:\/\/up.lublin.pl\/srodowiskowa\/wp-json\/wp\/v2\/posts"}],"about":[{"href":"https:\/\/up.lublin.pl\/srodowiskowa\/wp-json\/wp\/v2\/types\/post"}],"author":[{"embeddable":true,"href":"https:\/\/up.lublin.pl\/srodowiskowa\/wp-json\/wp\/v2\/users\/201"}],"replies":[{"embeddable":true,"href":"https:\/\/up.lublin.pl\/srodowiskowa\/wp-json\/wp\/v2\/comments?post=140857"}],"version-history":[{"count":4,"href":"https:\/\/up.lublin.pl\/srodowiskowa\/wp-json\/wp\/v2\/posts\/140857\/revisions"}],"predecessor-version":[{"id":140861,"href":"https:\/\/up.lublin.pl\/srodowiskowa\/wp-json\/wp\/v2\/posts\/140857\/revisions\/140861"}],"wp:attachment":[{"href":"https:\/\/up.lublin.pl\/srodowiskowa\/wp-json\/wp\/v2\/media?parent=140857"}],"wp:term":[{"taxonomy":"category","embeddable":true,"href":"https:\/\/up.lublin.pl\/srodowiskowa\/wp-json\/wp\/v2\/categories?post=140857"},{"taxonomy":"post_tag","embeddable":true,"href":"https:\/\/up.lublin.pl\/srodowiskowa\/wp-json\/wp\/v2\/tags?post=140857"}],"curies":[{"name":"wp","href":"https:\/\/api.w.org\/{rel}","templated":true}]}}