{"id":140843,"date":"2021-06-25T11:20:28","date_gmt":"2021-06-25T09:20:28","guid":{"rendered":"https:\/\/up.lublin.pl\/srodowiskowa\/?p=140843"},"modified":"2021-06-28T10:10:05","modified_gmt":"2021-06-28T08:10:05","slug":"dr-hab-miroslawa-chwil-prof-uczelni-oraz-dr-hab-renata-matraszek-gawron-prof-uczelni-redaktorami-numeru-specjalnego-czasopisma-agronomy-if-2-60","status":"publish","type":"post","link":"https:\/\/up.lublin.pl\/srodowiskowa\/dr-hab-miroslawa-chwil-prof-uczelni-oraz-dr-hab-renata-matraszek-gawron-prof-uczelni-redaktorami-numeru-specjalnego-czasopisma-agronomy-if-2-60\/","title":{"rendered":"Dr hab. Miros\u0142awa Chwil, prof. uczelni oraz dr hab. Renata Matraszek-Gawron, prof. uczelni redaktorami numeru specjalnego czasopisma Agronomy (IF 2,603)"},"content":{"rendered":"\t\t<div data-elementor-type=\"wp-post\" data-elementor-id=\"140843\" class=\"elementor elementor-140843\" data-elementor-settings=\"[]\">\n\t\t\t\t\t\t<div class=\"elementor-inner\">\n\t\t\t\t\t\t\t<div class=\"elementor-section-wrap\">\n\t\t\t\t\t\t\t<section class=\"elementor-section elementor-top-section elementor-element elementor-element-7951b32 elementor-section-boxed elementor-section-height-default elementor-section-height-default\" data-id=\"7951b32\" data-element_type=\"section\">\n\t\t\t\t\t\t<div class=\"elementor-container elementor-column-gap-default\">\n\t\t\t\t\t\t\t<div class=\"elementor-row\">\n\t\t\t\t\t<div class=\"elementor-column elementor-col-100 elementor-top-column elementor-element elementor-element-1bc2afb\" data-id=\"1bc2afb\" data-element_type=\"column\">\n\t\t\t<div class=\"elementor-column-wrap elementor-element-populated\">\n\t\t\t\t\t\t\t<div class=\"elementor-widget-wrap\">\n\t\t\t\t\t\t<div class=\"elementor-element elementor-element-17fa1d5 elementor-widget elementor-widget-m5c\" data-id=\"17fa1d5\" data-element_type=\"widget\" data-widget_type=\"m5c.default\">\n\t\t\t\t<div class=\"elementor-widget-container\">\n\t\t\t<section class=\"mn-m5-c mn-m5-d2 mn-bg-white\">\n\t<div class=\"mn-grid\">\n\t\t\t\t<div class=\"mn-content mn-grid-9\">\n\t\t\t                <div class=\"mn-content-block active\">\n\t                                                        <div class=\"block-text\">\n\t                                        <p>Niezmiernie mi\u0142o nam poinformowa\u0107, \u017ce dr hab. <strong>Miros\u0142awa Chwil<\/strong>, prof. uczelni oraz dr hab. R<strong>enata Martaszek-Gawron<\/strong>, prof. uczelni z&nbsp;Katedry Botaniki i&nbsp;Fizjologii Ro\u015blin, Wydzia\u0142u Biologii \u015arodowiskowej zosta\u0142y redaktorami numeru specjalnego Phytochemicals &#8211; Occurrence, Metabolism and Biological Importance (IF 2,603) czasopisma Agronomy.<\/p>\n<p>Serdecznie gratulujemy!<\/p>\n                                        <\/div>\n\t\t\t\t\t\t                                                        <div class=\"mn-cards-list\">\n                                            <div class=\"mn-card-container\">\n                                                <div>\n                                                    <img src=\"https:\/\/up.lublin.pl\/srodowiskowa\/wp-content\/themes\/up-lublin\/assets\/images\/doc-ico.svg\" alt=\"\" \/>\n                                                    <h5>Ulotka informacyjna<\/h5>\n                                                <\/div>\n                                                <a href=\"https:\/\/up.lublin.pl\/wp-content\/uploads\/2021\/06\/Special-Issue-Flyer-Phytochemicals_herbal-1.pdf\" class=\"mn-more\" target=\"_blank\">Zobacz<\/a>\n                                            <\/div>\n                                        <\/div>\n\t\t\t\t\t\t                                <\/div>\n\t\t\t\t                <div class=\"mn-content-block\">\n\t                                <\/div>\n\t\t\t\t                <div class=\"mn-content-block\">\n\t                                <\/div>\n\t\t\t\t                <div class=\"mn-content-block\">\n\t                                <\/div>\n\t\t\t\t                <div class=\"mn-content-block\">\n\t                                <\/div>\n\t\t\t\t                <div class=\"mn-content-block\">\n\t                                <\/div>\n\t\t\t\t                <div class=\"mn-content-block\">\n\t                                <\/div>\n\t\t\t\t                <div class=\"mn-content-block\">\n\t                                <\/div>\n\t\t\t\t                <div class=\"mn-content-block\">\n\t                                <\/div>\n\t\t\t\t                <div class=\"mn-content-block\">\n\t                                <\/div>\n\t\t\t\t                <div class=\"mn-content-block\">\n\t                                <\/div>\n\t\t\t\t                <div class=\"mn-content-block\">\n\t                                <\/div>\n\t\t\t\t                <div class=\"mn-content-block\">\n\t                                <\/div>\n\t\t\t\t                <div class=\"mn-content-block\">\n\t                                <\/div>\n\t\t\t\t                <div class=\"mn-content-block\">\n\t                                <\/div>\n\t\t\t\t                <div class=\"mn-content-block\">\n\t                                <\/div>\n\t\t\t\t                <div class=\"mn-content-block\">\n\t                                <\/div>\n\t\t\t\t                <div class=\"mn-content-block\">\n\t                                <\/div>\n\t\t\t\t                <div class=\"mn-content-block\">\n\t                                <\/div>\n\t\t\t\t                <div class=\"mn-content-block\">\n\t                                <\/div>\n\t\t\t\t\t\t<\/div>\n\t<\/div>\n<\/section>\n\t\t<\/div>\n\t\t\t\t<\/div>\n\t\t\t\t\t\t<\/div>\n\t\t\t\t\t<\/div>\n\t\t<\/div>\n\t\t\t\t\t\t\t\t<\/div>\n\t\t\t\t\t<\/div>\n\t\t<\/section>\n\t\t\t\t\t\t<\/div>\n\t\t\t\t\t\t<\/div>\n\t\t\t\t\t<\/div>\n\t\t","protected":false},"excerpt":{"rendered":"<p>Niezmiernie mi\u0142o nam poinformowa\u0107, \u017ce dr hab. Miros\u0142awa Chwil, prof. uczelni oraz dr hab. Renata Martaszek-Gawron, prof. uczelni z&nbsp;Katedry Botaniki i&nbsp;Fizjologii Ro\u015blin, Wydzia\u0142u Biologii \u015arodowiskowej zosta\u0142y redaktorami numeru specjalnego Phytochemicals &#8211; Occurrence, Metabolism and Biological Importance (IF 2,603) czasopisma Agronomy. Serdecznie gratulujemy! Ulotka informacyjna Zobacz<\/p>\n","protected":false},"author":2,"featured_media":0,"comment_status":"closed","ping_status":"open","sticky":false,"template":"elementor_header_footer","format":"standard","meta":{"_monsterinsights_skip_tracking":false,"_monsterinsights_sitenote_active":false,"_monsterinsights_sitenote_note":"","_monsterinsights_sitenote_category":0},"categories":[24],"tags":[],"_links":{"self":[{"href":"https:\/\/up.lublin.pl\/srodowiskowa\/wp-json\/wp\/v2\/posts\/140843"}],"collection":[{"href":"https:\/\/up.lublin.pl\/srodowiskowa\/wp-json\/wp\/v2\/posts"}],"about":[{"href":"https:\/\/up.lublin.pl\/srodowiskowa\/wp-json\/wp\/v2\/types\/post"}],"author":[{"embeddable":true,"href":"https:\/\/up.lublin.pl\/srodowiskowa\/wp-json\/wp\/v2\/users\/2"}],"replies":[{"embeddable":true,"href":"https:\/\/up.lublin.pl\/srodowiskowa\/wp-json\/wp\/v2\/comments?post=140843"}],"version-history":[{"count":10,"href":"https:\/\/up.lublin.pl\/srodowiskowa\/wp-json\/wp\/v2\/posts\/140843\/revisions"}],"predecessor-version":[{"id":140856,"href":"https:\/\/up.lublin.pl\/srodowiskowa\/wp-json\/wp\/v2\/posts\/140843\/revisions\/140856"}],"wp:attachment":[{"href":"https:\/\/up.lublin.pl\/srodowiskowa\/wp-json\/wp\/v2\/media?parent=140843"}],"wp:term":[{"taxonomy":"category","embeddable":true,"href":"https:\/\/up.lublin.pl\/srodowiskowa\/wp-json\/wp\/v2\/categories?post=140843"},{"taxonomy":"post_tag","embeddable":true,"href":"https:\/\/up.lublin.pl\/srodowiskowa\/wp-json\/wp\/v2\/tags?post=140843"}],"curies":[{"name":"wp","href":"https:\/\/api.w.org\/{rel}","templated":true}]}}