{"id":140729,"date":"2021-06-08T09:45:20","date_gmt":"2021-06-08T07:45:20","guid":{"rendered":"https:\/\/up.lublin.pl\/srodowiskowa\/?p=140729"},"modified":"2021-06-08T09:45:20","modified_gmt":"2021-06-08T07:45:20","slug":"egzaminy-i-egzamin-dyplomowy-na-wydziale-biologii-srodowiskowej","status":"publish","type":"post","link":"https:\/\/up.lublin.pl\/srodowiskowa\/egzaminy-i-egzamin-dyplomowy-na-wydziale-biologii-srodowiskowej\/","title":{"rendered":"Egzaminy i egzamin dyplomowy na Wydziale Biologii \u015arodowiskowej"},"content":{"rendered":"<p><strong>Szanowni Pa\u0144stwo \u2013 Pracownicy i Studenci Wydzia\u0142u Biologii \u015arodowiskowej,<\/strong><\/p>\n<p>&nbsp;<\/p>\n<p>Uprzejmie informuj\u0119, \u017ce zaliczenia i egzaminy ko\u0144cowe z poszczeg\u00f3lnych modu\u0142\u00f3w odbywa\u0107 si\u0119 mog\u0105 zar\u00f3wno w formie tradycyjnej (stacjonarnie), jak i w formie zdalnej. Decyzj\u0119 o sposobie przeprowadzenia zalicze\u0144\/egzamin\u00f3w podejmuje prowadz\u0105cy dany modu\u0142. W przypadku tradycyjnej (stacjonarnej) formy egzamin\u00f3w prosz\u0119 o poinformowanie student\u00f3w z minimum 5 &#8211; dniowym wyprzedzeniem. Jednocze\u015bnie informuj\u0119, \u017ce obrony prac dyplomowych rekomendowane s\u0105 w formie tradycyjnej. W uzasadnionych przypadkach obrona mo\u017ce odby\u0107 si\u0119 w formie zdalnej.<\/p>\n<p>&nbsp;<\/p>\n<p style=\"text-align: right\"><em>Prof. dr hab. Tomasz Mieczan<\/em><\/p>\n<p style=\"text-align: right\"><em>Dziekan Wydzia\u0142u Biologii \u015arodowiskowej<\/em><\/p>\n","protected":false},"excerpt":{"rendered":"<p>Szanowni Pa\u0144stwo \u2013 Pracownicy i Studenci Wydzia\u0142u Biologii \u015arodowiskowej, &nbsp; Uprzejmie informuj\u0119, \u017ce zaliczenia i egzaminy ko\u0144cowe z poszczeg\u00f3lnych modu\u0142\u00f3w odbywa\u0107 si\u0119 mog\u0105 zar\u00f3wno w formie tradycyjnej (stacjonarnie), jak i w formie zdalnej. Decyzj\u0119 o sposobie przeprowadzenia zalicze\u0144\/egzamin\u00f3w podejmuje prowadz\u0105cy dany modu\u0142. W przypadku tradycyjnej (stacjonarnej) formy egzamin\u00f3w prosz\u0119 o poinformowanie student\u00f3w z minimum 5 [&hellip;]<\/p>\n","protected":false},"author":201,"featured_media":0,"comment_status":"closed","ping_status":"open","sticky":false,"template":"","format":"standard","meta":{"_monsterinsights_skip_tracking":false,"_monsterinsights_sitenote_active":false,"_monsterinsights_sitenote_note":"","_monsterinsights_sitenote_category":0},"categories":[24],"tags":[],"_links":{"self":[{"href":"https:\/\/up.lublin.pl\/srodowiskowa\/wp-json\/wp\/v2\/posts\/140729"}],"collection":[{"href":"https:\/\/up.lublin.pl\/srodowiskowa\/wp-json\/wp\/v2\/posts"}],"about":[{"href":"https:\/\/up.lublin.pl\/srodowiskowa\/wp-json\/wp\/v2\/types\/post"}],"author":[{"embeddable":true,"href":"https:\/\/up.lublin.pl\/srodowiskowa\/wp-json\/wp\/v2\/users\/201"}],"replies":[{"embeddable":true,"href":"https:\/\/up.lublin.pl\/srodowiskowa\/wp-json\/wp\/v2\/comments?post=140729"}],"version-history":[{"count":1,"href":"https:\/\/up.lublin.pl\/srodowiskowa\/wp-json\/wp\/v2\/posts\/140729\/revisions"}],"predecessor-version":[{"id":140730,"href":"https:\/\/up.lublin.pl\/srodowiskowa\/wp-json\/wp\/v2\/posts\/140729\/revisions\/140730"}],"wp:attachment":[{"href":"https:\/\/up.lublin.pl\/srodowiskowa\/wp-json\/wp\/v2\/media?parent=140729"}],"wp:term":[{"taxonomy":"category","embeddable":true,"href":"https:\/\/up.lublin.pl\/srodowiskowa\/wp-json\/wp\/v2\/categories?post=140729"},{"taxonomy":"post_tag","embeddable":true,"href":"https:\/\/up.lublin.pl\/srodowiskowa\/wp-json\/wp\/v2\/tags?post=140729"}],"curies":[{"name":"wp","href":"https:\/\/api.w.org\/{rel}","templated":true}]}}