{"id":140059,"date":"2021-04-22T09:47:57","date_gmt":"2021-04-22T07:47:57","guid":{"rendered":"https:\/\/up.lublin.pl\/srodowiskowa\/?p=140059"},"modified":"2021-04-23T11:51:00","modified_gmt":"2021-04-23T09:51:00","slug":"sukcesy-studentow-wydzialu-biologii-srodowiskowej-na-miedzynarodowym-sympozjum-studenckich-kol-naukowych","status":"publish","type":"post","link":"https:\/\/up.lublin.pl\/srodowiskowa\/sukcesy-studentow-wydzialu-biologii-srodowiskowej-na-miedzynarodowym-sympozjum-studenckich-kol-naukowych\/","title":{"rendered":"Sukcesy student\u00f3w Wydzia\u0142u Biologii \u015arodowiskowej na Mi\u0119dzynarodowym Sympozjum Studenckich K\u00f3\u0142 Naukowych"},"content":{"rendered":"\n<p>15 kwietnia odby\u0142o si\u0119 Mi\u0119dzynarodowe Sympozjum Studenckich K\u00f3\u0142 Naukowych. Ze wzgl\u0119du na sytuacj\u0119 epidemiczn\u0105 odbywa\u0142o si\u0119 ono w formie zdalnej. Jedn\u0105 z sekcji na kt\u00f3rej studenci prezentowali wyniki swoich bada\u0144 by\u0142a Sekcja Biologii \u015arodowiskowej koordynowana przez dr Wojciecha P\u0142ask\u0119, pracownika Katedry Hydrobiologii i Ochrony Ekosystem\u00f3w. W sk\u0142ad Komisji Oceniaj\u0105cej prace wchodzili m.in.: dr hab. prof. uczelni Monika Tarkowska-Kukuryk &#8211; przewodnicz\u0105ca oraz dr hab. Robert Stryjecki. Go\u015bcili\u015bmy r\u00f3wnie\u017c Prof. dr hab. Jaros\u0142awa Wi\u0105cka prezesa Polskiego Towarzystwa Zoolog\u00f3w, kt\u00f3ry obj\u0105\u0142 patronatem Sympozjum.<br><\/p>\n\n\n\n<p class=\"has-text-align-center\"><\/p>\n\n\n\n<div class=\"wp-block-image\"><figure class=\"aligncenter size-large is-resized\"><img loading=\"lazy\" src=\"https:\/\/up.lublin.pl\/srodowiskowa\/wp-content\/uploads\/sites\/5\/2021\/04\/Fot-Kola-naukowe1.jpg\" alt=\"\" class=\"wp-image-140060\" width=\"577\" height=\"279\" \/><\/figure><\/div>\n\n\n\n<p>Do Sekcji Biologii \u015arodowiskowej zg\u0142oszono \u0142\u0105cznie 23 prace (prezentowane jako referat lub poster) z r\u00f3\u017cnych o\u015brodk\u00f3w akademickich. Z przyjemno\u015bci\u0105 informujemy, \u017ce w\u015br\u00f3d nagrodzonych uczestnik\u00f3w Sympozjum znalaz\u0142a si\u0119 liczna grupa student\u00f3w Wydzia\u0142u Biologii \u015arodowiskowej.<br><\/p>\n\n\n\n<p><strong>W sesji referatowej:<\/strong><br><\/p>\n\n\n\n<div class=\"wp-block-image\"><figure class=\"aligncenter size-large is-resized\"><img loading=\"lazy\" src=\"https:\/\/up.lublin.pl\/srodowiskowa\/wp-content\/uploads\/sites\/5\/2021\/04\/kola-naukowe2.jpg\" alt=\"\" class=\"wp-image-140074\" width=\"492\" height=\"277\" \/><\/figure><\/div>\n\n\n\n<p>III miejsce: Arciszewski Micha\u0142, Grzegorz Grzywaczewski: Preferencje siedliskowe lelka <em>Caprimulgus europaeus<\/em> Linnaeus, 1758 w lasach Sobiborskich<br><\/p>\n\n\n\n<div class=\"wp-block-image\"><figure class=\"aligncenter size-large is-resized\"><img loading=\"lazy\" src=\"https:\/\/up.lublin.pl\/srodowiskowa\/wp-content\/uploads\/sites\/5\/2021\/04\/kola-naukowe4.jpg\" alt=\"\" class=\"wp-image-140079\" width=\"491\" height=\"275\" \/><\/figure><\/div>\n\n\n\n<p>Wyr\u00f3\u017cnienie: Eliza Wargala, Martyna S\u0142awska, Agnieszka Zalewska, Magdalena Toporowska: Mikroplastik w kosmetykach oraz jego wp\u0142yw na \u015brodowisko<br><\/p>\n\n\n\n<p><strong>W sesji posterowej:<\/strong><br><\/p>\n\n\n\n<p>I miejsce: Julia Kutek, Martyna Magda, Ewa Janu\u015b: Atuty mleka wielb\u0142\u0105dziego jako sk\u0142adnika kosmetyk\u00f3w<br><\/p>\n\n\n\n<p>III miejsce: Anna Mas\u0142owska, Julia Kusy, Marek Kowalczyk, Piotr Domaradzki, Agnieszka Kaliniak-Dziura: Ocena sensoryczna krem\u00f3w do piel\u0119gnacji sk\u00f3ry dedykowanych dla r\u00f3\u017cnych grup wiekowych<br><\/p>\n\n\n\n<p><strong>Wyr\u00f3\u017cnienie przez Polskie Towarzystwo Zoolog\u00f3w:<\/strong><br><\/p>\n\n\n\n<div class=\"wp-block-image\"><figure class=\"aligncenter size-large is-resized\"><img loading=\"lazy\" src=\"https:\/\/up.lublin.pl\/srodowiskowa\/wp-content\/uploads\/sites\/5\/2021\/04\/kola-naukowe3.jpg\" alt=\"\" class=\"wp-image-140083\" width=\"503\" height=\"283\" \/><\/figure><\/div>\n\n\n\n<p><\/p>\n\n\n\n<p>Karolina Kokoci\u0144ska, Kinga O\u015bko, Katarzyna Ko\u015bla: Gatunki inwazyjne ryb w g\u0142\u00f3wnych rzekach Lubelszczyzny<\/p>\n\n\n\n<p class=\"has-text-align-right\"><strong>Serdecznie gratulujemy!<\/strong><\/p>\n","protected":false},"excerpt":{"rendered":"<p>15 kwietnia odby\u0142o si\u0119 Mi\u0119dzynarodowe Sympozjum Studenckich K\u00f3\u0142 Naukowych. Ze wzgl\u0119du na sytuacj\u0119 epidemiczn\u0105 odbywa\u0142o si\u0119 ono w formie zdalnej. Jedn\u0105 z sekcji na kt\u00f3rej studenci prezentowali wyniki swoich bada\u0144 by\u0142a Sekcja Biologii \u015arodowiskowej koordynowana przez dr Wojciecha P\u0142ask\u0119, pracownika Katedry Hydrobiologii i Ochrony Ekosystem\u00f3w. W sk\u0142ad Komisji Oceniaj\u0105cej prace wchodzili m.in.: dr hab. prof. [&hellip;]<\/p>\n","protected":false},"author":201,"featured_media":0,"comment_status":"closed","ping_status":"open","sticky":false,"template":"","format":"standard","meta":{"_monsterinsights_skip_tracking":false,"_monsterinsights_sitenote_active":false,"_monsterinsights_sitenote_note":"","_monsterinsights_sitenote_category":0},"categories":[24],"tags":[],"_links":{"self":[{"href":"https:\/\/up.lublin.pl\/srodowiskowa\/wp-json\/wp\/v2\/posts\/140059"}],"collection":[{"href":"https:\/\/up.lublin.pl\/srodowiskowa\/wp-json\/wp\/v2\/posts"}],"about":[{"href":"https:\/\/up.lublin.pl\/srodowiskowa\/wp-json\/wp\/v2\/types\/post"}],"author":[{"embeddable":true,"href":"https:\/\/up.lublin.pl\/srodowiskowa\/wp-json\/wp\/v2\/users\/201"}],"replies":[{"embeddable":true,"href":"https:\/\/up.lublin.pl\/srodowiskowa\/wp-json\/wp\/v2\/comments?post=140059"}],"version-history":[{"count":9,"href":"https:\/\/up.lublin.pl\/srodowiskowa\/wp-json\/wp\/v2\/posts\/140059\/revisions"}],"predecessor-version":[{"id":140088,"href":"https:\/\/up.lublin.pl\/srodowiskowa\/wp-json\/wp\/v2\/posts\/140059\/revisions\/140088"}],"wp:attachment":[{"href":"https:\/\/up.lublin.pl\/srodowiskowa\/wp-json\/wp\/v2\/media?parent=140059"}],"wp:term":[{"taxonomy":"category","embeddable":true,"href":"https:\/\/up.lublin.pl\/srodowiskowa\/wp-json\/wp\/v2\/categories?post=140059"},{"taxonomy":"post_tag","embeddable":true,"href":"https:\/\/up.lublin.pl\/srodowiskowa\/wp-json\/wp\/v2\/tags?post=140059"}],"curies":[{"name":"wp","href":"https:\/\/api.w.org\/{rel}","templated":true}]}}