{"id":123754,"date":"2021-03-31T15:15:00","date_gmt":"2021-03-31T13:15:00","guid":{"rendered":"https:\/\/up.lublin.pl\/srodowiskowa\/?p=123754"},"modified":"2021-04-19T15:18:02","modified_gmt":"2021-04-19T13:18:02","slug":"zmarl-dr-zbyszek-blamowski","status":"publish","type":"post","link":"https:\/\/up.lublin.pl\/srodowiskowa\/zmarl-dr-zbyszek-blamowski\/","title":{"rendered":"Zmar\u0142 dr Zbyszek Blamowski"},"content":{"rendered":"\n<p>\u00a0<\/p>\n<p style=\"text-align: center;\"><a href=\"https:\/\/up.lublin.pl\/srodowiskowa\/wp-content\/uploads\/sites\/5\/2021\/04\/klepsydra.png\"><img loading=\"lazy\" class=\"aligncenter wp-image-123755\" src=\"https:\/\/up.lublin.pl\/srodowiskowa\/wp-content\/uploads\/sites\/5\/2021\/04\/klepsydra.png\" alt=\"\" width=\"229\" height=\"130\" \/><\/a><\/p>\n<p style=\"padding-right: 20px; margin-right: 20px; text-align: center;\"><span style=\"color: #424242; font-family: Verdana, Arial, Helvetica, sans-serif;\"><span style=\"font-size: 11px; line-height: 19.8px;\">Z g\u0142\u0119bokim \u017calem zawiadamiamy,\u00a0<\/span><\/span><span style=\"color: #424242; font-family: Verdana, Arial, Helvetica, sans-serif;\"><span style=\"font-size: 11px; line-height: 19.8px;\">\u017ce w dniu 26 marca 2021 r. zmar\u0142<\/span><\/span><\/p>\n<p style=\"padding-right: 20px; margin-right: 20px; text-align: center;\"><span style=\"color: #424242; font-family: Verdana, Arial, Helvetica, sans-serif;\"><span style=\"font-size: 11px; line-height: 19.8px;\">\u00a0<\/span><\/span><strong><span style=\"color: #424242; font-family: Verdana, Arial, Helvetica, sans-serif;\"><span style=\"font-size: 11px; line-height: 19.8px;\">dr in\u017c. Zbyszek K. Blamowski<\/span><\/span><\/strong><\/p>\n<p style=\"padding-right: 20px; margin-right: 20px; text-align: center;\"><span style=\"color: #424242; font-family: Verdana, Arial, Helvetica, sans-serif;\"><span style=\"font-size: 11px; line-height: 19.8px;\">\u00a0<\/span><\/span><span style=\"color: #424242; font-family: Verdana, Arial, Helvetica, sans-serif;\"><span style=\"font-size: 11px; line-height: 19.8px;\">d\u0142ugoletni emerytowany pracownik<\/span><\/span><\/p>\n<p style=\"padding-right: 20px; margin-right: 20px; text-align: center;\"><span style=\"color: #424242; font-family: Verdana, Arial, Helvetica, sans-serif;\"><span style=\"font-size: 11px; line-height: 19.8px;\">Katedry Fizjologii Ro\u015blin<\/span><\/span><\/p>\n<p style=\"padding-right: 20px; margin-right: 20px; text-align: center;\"><span style=\"color: #424242; font-family: Verdana, Arial, Helvetica, sans-serif;\"><span style=\"font-size: 11px; line-height: 19.8px;\">Wydzia\u0142u Ogrodnictwa i Architektury Krajobrazu<\/span><\/span><\/p>\n<p style=\"padding-right: 20px; margin-right: 20px; text-align: center;\"><span style=\"color: #424242; font-family: Verdana, Arial, Helvetica, sans-serif;\"><span style=\"font-size: 11px; line-height: 19.8px;\">Uniwersytetu Przyrodniczego w Lublinie<\/span><\/span><\/p>\n<p style=\"padding-right: 20px; margin-right: 20px; text-align: center;\"><span style=\"color: #424242; font-family: Verdana, Arial, Helvetica, sans-serif;\"><span style=\"font-size: 11px; line-height: 19.8px;\">ceniony nauczyciel akademicki, wychowawca wielu pokole\u0144 student\u00f3w.<\/span><\/span><\/p>\n<p style=\"padding-right: 20px; margin-right: 20px; text-align: center;\"><span style=\"color: #424242; font-family: Verdana, Arial, Helvetica, sans-serif;\"><span style=\"font-size: 11px; line-height: 19.8px;\">\u00a0<\/span><\/span><\/p>\n<p style=\"padding-right: 20px; margin-right: 20px; text-align: center;\"><strong><span style=\"color: #424242; font-family: Verdana, Arial, Helvetica, sans-serif;\"><span style=\"font-size: 11px; line-height: 19.8px;\">Nabo\u017ce\u0144stwo \u017ca\u0142obne odprawione zostanie\u00a0<\/span><\/span><\/strong><strong><span style=\"color: #424242; font-family: Verdana, Arial, Helvetica, sans-serif;\"><span style=\"font-size: 11px; line-height: 19.8px;\">w dniu 31 marca 2021 r. o godz. 11:00<\/span><\/span><\/strong><\/p>\n<p style=\"padding-right: 20px; margin-right: 20px; text-align: center;\"><strong><span style=\"color: #424242; font-family: Verdana, Arial, Helvetica, sans-serif;\"><span style=\"font-size: 11px; line-height: 19.8px;\">w ko\u015bciele pw. \u015bw. Agnieszki w Lublinie ul. Kalinowszczyzna 62<\/span><\/span><\/strong><\/p>\n<p style=\"padding-right: 20px; margin-right: 20px; text-align: center;\"><span style=\"color: #424242; font-family: Verdana, Arial, Helvetica, sans-serif;\"><span style=\"font-size: 11px; line-height: 19.8px;\">\u00a0<\/span><\/span><\/p>\n<p style=\"padding-right: 20px; margin-right: 20px; text-align: center;\"><span style=\"color: #424242; font-family: Verdana, Arial, Helvetica, sans-serif;\"><span style=\"font-size: 11px; line-height: 19.8px;\">Rodzinie i Bliskim Pana Doktora wyrazy g\u0142\u0119bokiego wsp\u00f3\u0142czucia sk\u0142adaj\u0105<\/span><\/span><\/p>\n<p style=\"padding-right: 20px; margin-right: 20px; text-align: center;\"><span style=\"color: #424242; font-family: Verdana, Arial, Helvetica, sans-serif;\"><span style=\"font-size: 11px; line-height: 19.8px;\">\u00a0<\/span><\/span><\/p>\n<p style=\"padding-right: 20px; margin-right: 20px; text-align: center;\"><span style=\"color: #424242; font-family: Verdana, Arial, Helvetica, sans-serif;\"><span style=\"font-size: 11px; line-height: 19.8px;\">Rektor i Senat<\/span><\/span><\/p>\n<p style=\"padding-right: 20px; margin-right: 20px; text-align: center;\"><span style=\"color: #424242; font-family: Verdana, Arial, Helvetica, sans-serif;\"><span style=\"font-size: 11px; line-height: 19.8px;\">Pracownicy Zak\u0142adu Fizjologii i Biochemii Ro\u015blin<\/span><\/span><\/p>\n<p style=\"padding-right: 20px; margin-right: 20px; text-align: center;\"><span style=\"color: #424242; font-family: Verdana, Arial, Helvetica, sans-serif;\"><span style=\"font-size: 11px; line-height: 19.8px;\">Dziekan Wydzia\u0142u Ogrodnictwa i Architektury Krajobrazu\u00a0<\/span><\/span><\/p>\n<p style=\"padding-right: 20px; margin-right: 20px; text-align: center;\"><span style=\"color: #424242; font-family: Verdana, Arial, Helvetica, sans-serif;\"><span style=\"font-size: 11px; line-height: 19.8px;\">Dziekan Wydzia\u0142u Biologii \u015arodowiskowej<\/span><\/span><\/p>\n<p style=\"padding-right: 20px; margin-right: 20px; text-align: center;\"><span style=\"color: #424242; font-family: Verdana, Arial, Helvetica, sans-serif;\"><span style=\"font-size: 11px; line-height: 19.8px;\">Uniwersytetu Przyrodniczego w Lublinie<\/span><\/span><\/p>\n<div style=\"text-align: center;\">\u00a0<\/div>\n","protected":false},"excerpt":{"rendered":"<p>\u00a0 Z g\u0142\u0119bokim \u017calem zawiadamiamy,\u00a0\u017ce w dniu 26 marca 2021 r. zmar\u0142 \u00a0dr in\u017c. Zbyszek K. Blamowski \u00a0d\u0142ugoletni emerytowany pracownik Katedry Fizjologii Ro\u015blin Wydzia\u0142u Ogrodnictwa i Architektury Krajobrazu Uniwersytetu Przyrodniczego w Lublinie ceniony nauczyciel akademicki, wychowawca wielu pokole\u0144 student\u00f3w. \u00a0 Nabo\u017ce\u0144stwo \u017ca\u0142obne odprawione zostanie\u00a0w dniu 31 marca 2021 r. o godz. 11:00 w ko\u015bciele pw. [&hellip;]<\/p>\n","protected":false},"author":2,"featured_media":0,"comment_status":"closed","ping_status":"open","sticky":false,"template":"","format":"standard","meta":{"_monsterinsights_skip_tracking":false,"_monsterinsights_sitenote_active":false,"_monsterinsights_sitenote_note":"","_monsterinsights_sitenote_category":0},"categories":[24],"tags":[],"_links":{"self":[{"href":"https:\/\/up.lublin.pl\/srodowiskowa\/wp-json\/wp\/v2\/posts\/123754"}],"collection":[{"href":"https:\/\/up.lublin.pl\/srodowiskowa\/wp-json\/wp\/v2\/posts"}],"about":[{"href":"https:\/\/up.lublin.pl\/srodowiskowa\/wp-json\/wp\/v2\/types\/post"}],"author":[{"embeddable":true,"href":"https:\/\/up.lublin.pl\/srodowiskowa\/wp-json\/wp\/v2\/users\/2"}],"replies":[{"embeddable":true,"href":"https:\/\/up.lublin.pl\/srodowiskowa\/wp-json\/wp\/v2\/comments?post=123754"}],"version-history":[{"count":1,"href":"https:\/\/up.lublin.pl\/srodowiskowa\/wp-json\/wp\/v2\/posts\/123754\/revisions"}],"predecessor-version":[{"id":123759,"href":"https:\/\/up.lublin.pl\/srodowiskowa\/wp-json\/wp\/v2\/posts\/123754\/revisions\/123759"}],"wp:attachment":[{"href":"https:\/\/up.lublin.pl\/srodowiskowa\/wp-json\/wp\/v2\/media?parent=123754"}],"wp:term":[{"taxonomy":"category","embeddable":true,"href":"https:\/\/up.lublin.pl\/srodowiskowa\/wp-json\/wp\/v2\/categories?post=123754"},{"taxonomy":"post_tag","embeddable":true,"href":"https:\/\/up.lublin.pl\/srodowiskowa\/wp-json\/wp\/v2\/tags?post=123754"}],"curies":[{"name":"wp","href":"https:\/\/api.w.org\/{rel}","templated":true}]}}