{"id":123752,"date":"2021-04-19T15:15:00","date_gmt":"2021-04-19T13:15:00","guid":{"rendered":"https:\/\/up.lublin.pl\/srodowiskowa\/?p=123752"},"modified":"2021-04-19T15:15:42","modified_gmt":"2021-04-19T13:15:42","slug":"zaproszenie-do-udzialu-w-wykladzie-pt-skorne-i-pozaskorne-objawy-chorob-przenoszonych-droga-plciowa-symptomatologia-ogolna-i-diagnostyka-obrazowa","status":"publish","type":"post","link":"https:\/\/up.lublin.pl\/srodowiskowa\/zaproszenie-do-udzialu-w-wykladzie-pt-skorne-i-pozaskorne-objawy-chorob-przenoszonych-droga-plciowa-symptomatologia-ogolna-i-diagnostyka-obrazowa\/","title":{"rendered":"Zaproszenie do udzia\u0142u w wyk\u0142adzie pt: &#8220;Sk\u00f3rne i pozask\u00f3rne objawy chor\u00f3b przenoszonych drog\u0105 p\u0142ciow\u0105 symptomatologia og\u00f3lna i diagnostyka obrazowa&#8221;"},"content":{"rendered":"\n<p>Zaproszenie do udzia\u0142u w wyk\u0142adzie pt:<\/p>\n\n\n\n<p><strong>&#8220;Sk\u00f3rne i pozask\u00f3rne objawy chor\u00f3b przenoszonych drog\u0105 p\u0142ciow\u0105 symptomatologia og\u00f3lna i diagnostyka obrazowa&#8221;<\/strong><\/p>\n\n\n\n<p><strong>Szanowni Pracownicy i Studenci Wydzia\u0142u Biologii \u015arodowiskowej<\/strong><\/p>\n\n\n\n<p>Uprzejmie zapraszam na wyk\u0142ad Pana dr n. med. Micha\u0142a Skoczylasa, pracownika badawczo-dydaktyczny Pomorskiego Uniwersytetu Medycznego w Szczecinie (Zak\u0142ad Diagnostyki Obrazowej i Radiologii Interwencyjnej).<\/p>\n\n\n\n<p>Wyk\u0142ad zostanie zaprezentowany 19.04.2021 (poniedzia\u0142ek) o godzinie 8.00 za po\u015brednictwem platformy MS Teams. Link do spotkania zostanie przes\u0142any Pa\u0144stwu na adres poczty elektronicznej.<\/p>\n\n\n\n<p>Serdecznie zapraszam,<\/p>\n\n\n\n<p class=\"has-text-align-right\"><em>Prof. dr hab. Tomasz Mieczan<\/em><\/p>\n\n\n\n<p class=\"has-text-align-right\"><em>Dziekan Wydzia\u0142u Biologii \u015arodowiskowej<\/em><\/p>\n","protected":false},"excerpt":{"rendered":"<p>Zaproszenie do udzia\u0142u w wyk\u0142adzie pt: &#8220;Sk\u00f3rne i pozask\u00f3rne objawy chor\u00f3b przenoszonych drog\u0105 p\u0142ciow\u0105 symptomatologia og\u00f3lna i diagnostyka obrazowa&#8221; Szanowni Pracownicy i Studenci Wydzia\u0142u Biologii \u015arodowiskowej Uprzejmie zapraszam na wyk\u0142ad Pana dr n. med. Micha\u0142a Skoczylasa, pracownika badawczo-dydaktyczny Pomorskiego Uniwersytetu Medycznego w Szczecinie (Zak\u0142ad Diagnostyki Obrazowej i Radiologii Interwencyjnej). Wyk\u0142ad zostanie zaprezentowany 19.04.2021 (poniedzia\u0142ek) o [&hellip;]<\/p>\n","protected":false},"author":2,"featured_media":0,"comment_status":"closed","ping_status":"open","sticky":false,"template":"","format":"standard","meta":{"_monsterinsights_skip_tracking":false,"_monsterinsights_sitenote_active":false,"_monsterinsights_sitenote_note":"","_monsterinsights_sitenote_category":0},"categories":[24],"tags":[],"_links":{"self":[{"href":"https:\/\/up.lublin.pl\/srodowiskowa\/wp-json\/wp\/v2\/posts\/123752"}],"collection":[{"href":"https:\/\/up.lublin.pl\/srodowiskowa\/wp-json\/wp\/v2\/posts"}],"about":[{"href":"https:\/\/up.lublin.pl\/srodowiskowa\/wp-json\/wp\/v2\/types\/post"}],"author":[{"embeddable":true,"href":"https:\/\/up.lublin.pl\/srodowiskowa\/wp-json\/wp\/v2\/users\/2"}],"replies":[{"embeddable":true,"href":"https:\/\/up.lublin.pl\/srodowiskowa\/wp-json\/wp\/v2\/comments?post=123752"}],"version-history":[{"count":1,"href":"https:\/\/up.lublin.pl\/srodowiskowa\/wp-json\/wp\/v2\/posts\/123752\/revisions"}],"predecessor-version":[{"id":123753,"href":"https:\/\/up.lublin.pl\/srodowiskowa\/wp-json\/wp\/v2\/posts\/123752\/revisions\/123753"}],"wp:attachment":[{"href":"https:\/\/up.lublin.pl\/srodowiskowa\/wp-json\/wp\/v2\/media?parent=123752"}],"wp:term":[{"taxonomy":"category","embeddable":true,"href":"https:\/\/up.lublin.pl\/srodowiskowa\/wp-json\/wp\/v2\/categories?post=123752"},{"taxonomy":"post_tag","embeddable":true,"href":"https:\/\/up.lublin.pl\/srodowiskowa\/wp-json\/wp\/v2\/tags?post=123752"}],"curies":[{"name":"wp","href":"https:\/\/api.w.org\/{rel}","templated":true}]}}