{"id":123216,"date":"2020-12-02T13:13:12","date_gmt":"2020-12-02T12:13:12","guid":{"rendered":"https:\/\/up.lublin.pl\/blog\/21748\/"},"modified":"2021-04-16T20:46:46","modified_gmt":"2021-04-16T18:46:46","slug":"21748","status":"publish","type":"post","link":"https:\/\/up.lublin.pl\/srodowiskowa\/21748\/","title":{"rendered":"Zaproszenie &#8211; Seminarium Wydzia\u0142u Biologii \u015arodowiskowej"},"content":{"rendered":"<p>Szanowni Pa\u0144stwo &ndash; Pracownicy i Studenci Wydzia\u0142u Biologii \u015arodowiskowej,<\/p>\n<p>&nbsp;<\/p>\n<p style=\"text-align: justify\">Uprzejmie zapraszam na seminarium naukowe w formie zdalnej, kt&oacute;re odb\u0119dzie si\u0119 dn. <strong>10 grudnia (czwartek) 2020 roku o godz. 9.30<\/strong>.<\/p>\n<p style=\"text-align: justify\">&nbsp;<\/p>\n<p><strong>Prelegent:<\/strong> dr Rados\u0142aw \u015acibior, &nbsp;Katedra Zoologii i Ekologii Zwierz\u0105t<\/p>\n<p>&nbsp;<\/p>\n<p><strong>Temat: <\/strong>Badania nad biologi\u0105 i ekologi\u0105 wybranych zoocenoz<\/p>\n<p>&nbsp;<\/p>\n<p><u>Seminarium odb\u0119dzie si\u0119 na platformie MS Teams<\/u>, za\u015b link do spotkania otrzymacie Pa\u0144stwo na adres poczty elektronicznej.&nbsp;<\/p>\n<p>&nbsp;<\/p>\n<p>&nbsp;<\/p>\n<p style=\"text-align: right\">Serdecznie zapraszam,<\/p>\n<p style=\"text-align: right\">Prof. dr hab. Tomasz Mieczan<\/p>\n<p style=\"text-align: right\">Dziekan Wydzia\u0142u Biologii \u015arodowiskowej<\/p>\n","protected":false},"excerpt":{"rendered":"<p>Szanowni Pa\u0144stwo &ndash; Pracownicy i Studenci Wydzia\u0142u Biologii \u015arodowiskowej, &nbsp; Uprzejmie zapraszam na seminarium naukowe w formie zdalnej, kt&oacute;re odb\u0119dzie si\u0119 dn. 10 grudnia (czwartek) 2020 roku o godz. 9.30. &nbsp; Prelegent: dr Rados\u0142aw \u015acibior, &nbsp;Katedra Zoologii i Ekologii Zwierz\u0105t &nbsp; Temat: Badania nad biologi\u0105 i ekologi\u0105 wybranych zoocenoz &nbsp; Seminarium odb\u0119dzie si\u0119 na platformie [&hellip;]<\/p>\n","protected":false},"author":201,"featured_media":0,"comment_status":"closed","ping_status":"closed","sticky":false,"template":"","format":"standard","meta":{"_monsterinsights_skip_tracking":false,"_monsterinsights_sitenote_active":false,"_monsterinsights_sitenote_note":"","_monsterinsights_sitenote_category":0},"categories":[24],"tags":[],"_links":{"self":[{"href":"https:\/\/up.lublin.pl\/srodowiskowa\/wp-json\/wp\/v2\/posts\/123216"}],"collection":[{"href":"https:\/\/up.lublin.pl\/srodowiskowa\/wp-json\/wp\/v2\/posts"}],"about":[{"href":"https:\/\/up.lublin.pl\/srodowiskowa\/wp-json\/wp\/v2\/types\/post"}],"author":[{"embeddable":true,"href":"https:\/\/up.lublin.pl\/srodowiskowa\/wp-json\/wp\/v2\/users\/201"}],"replies":[{"embeddable":true,"href":"https:\/\/up.lublin.pl\/srodowiskowa\/wp-json\/wp\/v2\/comments?post=123216"}],"version-history":[{"count":1,"href":"https:\/\/up.lublin.pl\/srodowiskowa\/wp-json\/wp\/v2\/posts\/123216\/revisions"}],"predecessor-version":[{"id":123648,"href":"https:\/\/up.lublin.pl\/srodowiskowa\/wp-json\/wp\/v2\/posts\/123216\/revisions\/123648"}],"wp:attachment":[{"href":"https:\/\/up.lublin.pl\/srodowiskowa\/wp-json\/wp\/v2\/media?parent=123216"}],"wp:term":[{"taxonomy":"category","embeddable":true,"href":"https:\/\/up.lublin.pl\/srodowiskowa\/wp-json\/wp\/v2\/categories?post=123216"},{"taxonomy":"post_tag","embeddable":true,"href":"https:\/\/up.lublin.pl\/srodowiskowa\/wp-json\/wp\/v2\/tags?post=123216"}],"curies":[{"name":"wp","href":"https:\/\/api.w.org\/{rel}","templated":true}]}}