{"id":123065,"date":"2020-11-04T11:56:03","date_gmt":"2020-11-04T10:56:03","guid":{"rendered":"https:\/\/up.lublin.pl\/blog\/21597\/"},"modified":"2021-04-16T20:46:46","modified_gmt":"2021-04-16T18:46:46","slug":"21597","status":"publish","type":"post","link":"https:\/\/up.lublin.pl\/srodowiskowa\/21597\/","title":{"rendered":"Sukces naukowy pracownika Wydzia\u0142u Biologii \u015arodowiskowej w konkursie Narodowego Centrum Nauki"},"content":{"rendered":"<p style=\"text-align: justify\">Z przyjemno\u015bci\u0105 informujemy, \u017ce <strong>dr Marek Nieoczym<\/strong> <strong>&ndash; pracownik Katedry Zoologii i Ekologii Zwierz\u0105t Wydzia\u0142u Biologii \u015arodowiskowej<\/strong> otrzyma\u0142 grant badawczy z Narodowego Centrum Nauki na projekt pt. &bdquo;Zmienno\u015b\u0107 genetyczna i morfologiczna dzikiej populacji wizona ameryka\u0144skiego (<em>Neovison vison<\/em>) na granicy zasi\u0119gu inwazji&rdquo; w ramach konkursu MINIATURA 4. Projekt realizowany b\u0119dzie przez okres 12 miesi\u0119cy, a jego warto\u015b\u0107 wynosi 45 978,00 z\u0142.<\/p>\n<p style=\"text-align: justify\">&nbsp;<\/p>\n<p style=\"text-align: right\">\nSerdecznie gratulujemy!<\/p>\n","protected":false},"excerpt":{"rendered":"<p>Z przyjemno\u015bci\u0105 informujemy, \u017ce dr Marek Nieoczym &ndash; pracownik Katedry Zoologii i Ekologii Zwierz\u0105t Wydzia\u0142u Biologii \u015arodowiskowej otrzyma\u0142 grant badawczy z Narodowego Centrum Nauki na projekt pt. &bdquo;Zmienno\u015b\u0107 genetyczna i morfologiczna dzikiej populacji wizona ameryka\u0144skiego (Neovison vison) na granicy zasi\u0119gu inwazji&rdquo; w ramach konkursu MINIATURA 4. Projekt realizowany b\u0119dzie przez okres 12 miesi\u0119cy, a jego [&hellip;]<\/p>\n","protected":false},"author":201,"featured_media":0,"comment_status":"closed","ping_status":"closed","sticky":false,"template":"","format":"standard","meta":{"_monsterinsights_skip_tracking":false,"_monsterinsights_sitenote_active":false,"_monsterinsights_sitenote_note":"","_monsterinsights_sitenote_category":0},"categories":[24],"tags":[],"_links":{"self":[{"href":"https:\/\/up.lublin.pl\/srodowiskowa\/wp-json\/wp\/v2\/posts\/123065"}],"collection":[{"href":"https:\/\/up.lublin.pl\/srodowiskowa\/wp-json\/wp\/v2\/posts"}],"about":[{"href":"https:\/\/up.lublin.pl\/srodowiskowa\/wp-json\/wp\/v2\/types\/post"}],"author":[{"embeddable":true,"href":"https:\/\/up.lublin.pl\/srodowiskowa\/wp-json\/wp\/v2\/users\/201"}],"replies":[{"embeddable":true,"href":"https:\/\/up.lublin.pl\/srodowiskowa\/wp-json\/wp\/v2\/comments?post=123065"}],"version-history":[{"count":1,"href":"https:\/\/up.lublin.pl\/srodowiskowa\/wp-json\/wp\/v2\/posts\/123065\/revisions"}],"predecessor-version":[{"id":123649,"href":"https:\/\/up.lublin.pl\/srodowiskowa\/wp-json\/wp\/v2\/posts\/123065\/revisions\/123649"}],"wp:attachment":[{"href":"https:\/\/up.lublin.pl\/srodowiskowa\/wp-json\/wp\/v2\/media?parent=123065"}],"wp:term":[{"taxonomy":"category","embeddable":true,"href":"https:\/\/up.lublin.pl\/srodowiskowa\/wp-json\/wp\/v2\/categories?post=123065"},{"taxonomy":"post_tag","embeddable":true,"href":"https:\/\/up.lublin.pl\/srodowiskowa\/wp-json\/wp\/v2\/tags?post=123065"}],"curies":[{"name":"wp","href":"https:\/\/api.w.org\/{rel}","templated":true}]}}