{"id":183436,"date":"2026-07-17T08:31:16","date_gmt":"2026-07-17T06:31:16","guid":{"rendered":"https:\/\/up.lublin.pl\/ogrodnictwo\/?p=183436"},"modified":"2026-08-18T08:13:47","modified_gmt":"2026-08-18T06:13:47","slug":"zapisy-na-egzamin-telc-6","status":"publish","type":"post","link":"https:\/\/up.lublin.pl\/ogrodnictwo\/zapisy-na-egzamin-telc-6\/","title":{"rendered":"Zapisy na egzamin TELC"},"content":{"rendered":"<p><img class=\"aligncenter\" src=\"https:\/\/up.lublin.pl\/biologia\/wp-content\/uploads\/sites\/4\/2026\/07\/Telc.jpg\" \/><\/p>\n<p style=\"text-align: center;\">Zapisy na egzamin TELC<\/p>\n<h3 style=\"text-align: center;\">POLSKI + ANGIELSKI + NIEMIECKI<\/h3>\n<p>&nbsp;<\/p>\n<p style=\"text-align: center;\">Centrum Nauczania J\u0119zyk\u00f3w Obcych i Certyfikacji UP w Lublinie<br \/>\nog\u0142asza<br \/>\nZAPISY NA EGZAMIN TELC<\/p>\n<p style=\"text-align: center;\"><strong>Zapisy trwaj\u0105 do 03.09.2026 r.<\/strong><\/p>\n<p>&nbsp;<\/p>\n<p>Aby wzi\u0105\u0107 udzia\u0142 w egzaminie nale\u017cy:<\/p>\n<p>&nbsp;<\/p>\n<p>1) Dokona\u0107 wp\u0142aty na konto UP w Lublinie<\/p>\n<p>Z DOPISKIEM: EGZAMIN TELC + j\u0119zyk i poziom (np. EGZAMIN TELC ANGLIESKI B2)<\/p>\n<p>w wysoko\u015bci:<br \/>\nPOZIOM Bl &#8211; 730 PLN*<br \/>\nPOZIOM 132 &#8211; 730 PLN*<br \/>\nPOZIOM CI &#8211; 780 PLN*<br \/>\nPOZIOM C2 &#8211; 830 PLN*<br \/>\nPOLISH DUAL -B2 &#8211; 750 PLN*<br \/>\n*Podana cena jest obowi\u0105zuj\u0105ca dla minimum 8 os\u00f3b.<\/p>\n<p>&nbsp;<\/p>\n<p>Do ceny egzaminu, w kt\u00f3rym bierze udzia\u0142 4-7 kandydat\u00f3w doliczana jest op\u0142ata w wysoko\u015bci 90 z\u0142 od osoby. Do ceny egzaminu, w kt\u00f3rym bierze udzia\u0142 poni\u017cej 4 kandydat\u00f3w doliczana jest op\u0142ata w wysoko\u015bci 200 z\u0142 od osoby.<\/p>\n<p>&nbsp;<\/p>\n<p>2) Dokona\u0107 rejestracji w Sekretariacie Centrum Nauczania J\u0119zyk\u00f3w Obcych i Certyfikacji, ul. G\u0142\u0119boka 28, pok\u00f3j 242, II pi\u0119tro, dostarczaj\u0105c dow\u00f3d wp\u0142aty.<\/p>\n<p>&nbsp;<\/p>\n<p>Mo\u017cliwa rejestracja poprzez e-mail. Podczas rejestracji mo\u017cna zg\u0142asza\u0107 r\u00f3wnie\u017c pary na egzamin ustny.<\/p>\n<p>&nbsp;<\/p>\n<p>Termin EGZAMINU pisemnego i ustnego:<br \/>\n<strong>25 wrze\u015bnia 2026 r., godzina 9.00<\/strong><\/p>\n","protected":false},"excerpt":{"rendered":"<p>Zapisy na egzamin TELC POLSKI + ANGIELSKI + NIEMIECKI &nbsp; Centrum Nauczania J\u0119zyk\u00f3w Obcych i Certyfikacji UP w Lublinie og\u0142asza ZAPISY NA EGZAMIN TELC Zapisy trwaj\u0105 do 03.09.2026 r. &nbsp; Aby wzi\u0105\u0107 udzia\u0142 w egzaminie nale\u017cy: &nbsp; 1) Dokona\u0107 wp\u0142aty na konto UP w Lublinie Z DOPISKIEM: EGZAMIN TELC + j\u0119zyk i poziom (np. EGZAMIN [&hellip;]<\/p>\n","protected":false},"author":279,"featured_media":173020,"comment_status":"closed","ping_status":"open","sticky":false,"template":"","format":"standard","meta":{"_monsterinsights_skip_tracking":false,"_monsterinsights_sitenote_active":false,"_monsterinsights_sitenote_note":"","_monsterinsights_sitenote_category":0},"categories":[9],"tags":[],"_links":{"self":[{"href":"https:\/\/up.lublin.pl\/ogrodnictwo\/wp-json\/wp\/v2\/posts\/183436"}],"collection":[{"href":"https:\/\/up.lublin.pl\/ogrodnictwo\/wp-json\/wp\/v2\/posts"}],"about":[{"href":"https:\/\/up.lublin.pl\/ogrodnictwo\/wp-json\/wp\/v2\/types\/post"}],"author":[{"embeddable":true,"href":"https:\/\/up.lublin.pl\/ogrodnictwo\/wp-json\/wp\/v2\/users\/279"}],"replies":[{"embeddable":true,"href":"https:\/\/up.lublin.pl\/ogrodnictwo\/wp-json\/wp\/v2\/comments?post=183436"}],"version-history":[{"count":6,"href":"https:\/\/up.lublin.pl\/ogrodnictwo\/wp-json\/wp\/v2\/posts\/183436\/revisions"}],"predecessor-version":[{"id":183543,"href":"https:\/\/up.lublin.pl\/ogrodnictwo\/wp-json\/wp\/v2\/posts\/183436\/revisions\/183543"}],"wp:featuredmedia":[{"embeddable":true,"href":"https:\/\/up.lublin.pl\/ogrodnictwo\/wp-json\/wp\/v2\/media\/173020"}],"wp:attachment":[{"href":"https:\/\/up.lublin.pl\/ogrodnictwo\/wp-json\/wp\/v2\/media?parent=183436"}],"wp:term":[{"taxonomy":"category","embeddable":true,"href":"https:\/\/up.lublin.pl\/ogrodnictwo\/wp-json\/wp\/v2\/categories?post=183436"},{"taxonomy":"post_tag","embeddable":true,"href":"https:\/\/up.lublin.pl\/ogrodnictwo\/wp-json\/wp\/v2\/tags?post=183436"}],"curies":[{"name":"wp","href":"https:\/\/api.w.org\/{rel}","templated":true}]}}