{"id":182934,"date":"2026-04-30T11:08:46","date_gmt":"2026-04-30T09:08:46","guid":{"rendered":"https:\/\/up.lublin.pl\/ogrodnictwo\/?p=182934"},"modified":"2026-04-30T11:11:59","modified_gmt":"2026-04-30T09:11:59","slug":"konsultacje-z-doradca-zawodowym-oraz-psychologiem","status":"publish","type":"post","link":"https:\/\/up.lublin.pl\/ogrodnictwo\/konsultacje-z-doradca-zawodowym-oraz-psychologiem\/","title":{"rendered":"Konsultacje z doradc\u0105 zawodowym oraz psychologiem w ramach Projektu \u201eNEVER GIVE UP!\u201d \u2013 FERS.01.05-IP.08-0053\/25"},"content":{"rendered":"\t\t<div data-elementor-type=\"wp-post\" data-elementor-id=\"182934\" class=\"elementor elementor-182934\" data-elementor-settings=\"[]\">\n\t\t\t\t\t\t<div class=\"elementor-inner\">\n\t\t\t\t\t\t\t<div class=\"elementor-section-wrap\">\n\t\t\t\t\t\t\t<section class=\"elementor-section elementor-top-section elementor-element elementor-element-826e5f7 elementor-section-boxed elementor-section-height-default elementor-section-height-default\" data-id=\"826e5f7\" data-element_type=\"section\">\n\t\t\t\t\t\t<div class=\"elementor-container elementor-column-gap-default\">\n\t\t\t\t\t\t\t<div class=\"elementor-row\">\n\t\t\t\t\t<div class=\"elementor-column elementor-col-100 elementor-top-column elementor-element elementor-element-1d4b03e\" data-id=\"1d4b03e\" data-element_type=\"column\">\n\t\t\t<div class=\"elementor-column-wrap elementor-element-populated\">\n\t\t\t\t\t\t\t<div class=\"elementor-widget-wrap\">\n\t\t\t\t\t\t<div class=\"elementor-element elementor-element-5768221 elementor-widget elementor-widget-m5c\" data-id=\"5768221\" data-element_type=\"widget\" data-widget_type=\"m5c.default\">\n\t\t\t\t<div class=\"elementor-widget-container\">\n\t\t\t<section class=\"mn-m5-c mn-m5-d2 mn-bg-white\">\n\t<div class=\"mn-grid\">\n\t\t\t\t<div class=\"mn-content mn-grid-9\">\n\t\t\t                <div class=\"mn-content-block active\">\n\t                                                        <div class=\"block-text\">\n\t                                        <h2><strong>Konsultacje z&nbsp;doradc\u0105 zawodowym oraz psychologiem w&nbsp;ramach Projektu \u201eNEVER GIVE UP!\u201d \u2013 FERS.01.05-IP.08-0053\/25<\/strong><\/h2>\n<p><img loading=\"lazy\" class=\"alignnone\" src=\"https:\/\/up.lublin.pl\/foodscience\/wp-content\/uploads\/sites\/8\/2026\/04\/Logotyp1-2.png\" alt=\"logotyp Fundusze europejskie umowa partnerstwa, flaga RP i&nbsp;napis Rzeczpospolita Polska, napis Unia Europejska Europejskie Fundusze Strukturalne i&nbsp;Inwestycyjne i&nbsp;flaga UE, logotyp NCBR\" width=\"3970\" height=\"425\" \/>Zapraszamy do skorzystania z&nbsp;konsultacji dla spo\u0142eczno\u015bci student\u00f3w w&nbsp;ramach Projektu \u201eNEVER GIVE UP!\u201d, nr projektu FERS.01.05-IP.08-0053\/25.<\/p>\n<ul>\n<li>Okres realizacji projektu: 01.10.2025 r. \u2013 31.03.2029 r.<\/li>\n<li>G\u0142\u00f3wnym celem projektu jest obni\u017cenie poziomu rezygnacji student\u00f3w z\u00a0kszta\u0142cenia na poziomie wy\u017cszym na Uniwersytecie Przyrodniczym w\u00a0Lublinie do 31 marca 2029 roku. (zjawisko drop out)<\/li>\n<\/ul>\n<p><strong>Konsultacje z&nbsp;doradc\u0105 zawodowym:<\/strong><\/p>\n<p>Zwi\u0119kszenie dost\u0119pno\u015bci doradztwa zawodowego na UPL poprzez organizacj\u0119 konsultacji indywidualnych i\u00a0warsztat\u00f3w grupowych maj\u0105cych na celu wsparcie w\u00a0rozwoju kariery zawodowej, wyposa\u017cenie w\u00a0wiedz\u0119 i\u00a0umiej\u0119tno\u015bci poruszania si\u0119 po rynku pracy. Pomoc w:\u00a0okre\u015bleniu swoich mocnych stron, kompetencji i&nbsp;predyspozycji zawodowych; w\u00a0wyborze dalszej \u015bcie\u017cki rozwoju lub specjalizacji; przygotowaniu profesjonalnego CV i&nbsp;listu motywacyjnego;\u00a0przygotowaniu si\u0119 do rozmowy kwalifikacyjnej;<\/p>\n<p><strong>Terminy<\/strong>: mo\u017cliwo\u015b\u0107 wybrania dogodnego terminu przez studenta (od poniedzia\u0142ku do pi\u0105tku) Czas trwania: 1 godzina, sala 201, budynek Agro II<\/p>\n<p><strong>Konsultacje z&nbsp;psychologiem:<\/strong><\/p>\n<p>Pomoc w&nbsp;nag\u0142ych, trudnych sytuacjach \u017cyciowych, wsparcie w&nbsp;radzeniu sobie z&nbsp;presj\u0105 czasu, l\u0119kiem, stresem przed egzaminami, wypaleniem studenckim, problemami z&nbsp;motywacj\u0105 czy organizacj\u0105 nauki;\u00a0poradnictwo w&nbsp;zakresie emocji, relacji i&nbsp;problem\u00f3w osobistych;<\/p>\n<p><strong>Terminy<\/strong>: czwartki w&nbsp;godz. 10:00 \u2013 13:00 Czas trwania: 1 godzina, sala 201, budynek Agro II<\/p>\n<p>Zar\u00f3wno konsultacje z&nbsp;psychologiem jak i&nbsp;z doradc\u0105\u00a0maj\u0105 charakter indywidualny i&nbsp;s\u0105 dostosowane do potrzeb studenta oraz etapu jego kszta\u0142cenia.<\/p>\n<p>Zapisy drog\u0105 emailow\u0105:\u00a0<a href=\"mailto:agnieszka.kosicka@up.edu.pl\">agnieszka.kosicka@up.edu.pl<\/a> lub telefonicznie\u00a0(81) 445 65 99<\/p>\n                                        <\/div>\n\t\t\t\t\t\t                                <\/div>\n\t\t\t\t                <div class=\"mn-content-block\">\n\t                                <\/div>\n\t\t\t\t                <div class=\"mn-content-block\">\n\t                                <\/div>\n\t\t\t\t                <div class=\"mn-content-block\">\n\t                                <\/div>\n\t\t\t\t                <div class=\"mn-content-block\">\n\t                                <\/div>\n\t\t\t\t                <div class=\"mn-content-block\">\n\t                                <\/div>\n\t\t\t\t                <div class=\"mn-content-block\">\n\t                                <\/div>\n\t\t\t\t                <div class=\"mn-content-block\">\n\t                                <\/div>\n\t\t\t\t                <div class=\"mn-content-block\">\n\t                                <\/div>\n\t\t\t\t                <div class=\"mn-content-block\">\n\t                                <\/div>\n\t\t\t\t                <div class=\"mn-content-block\">\n\t                                <\/div>\n\t\t\t\t                <div class=\"mn-content-block\">\n\t                                <\/div>\n\t\t\t\t                <div class=\"mn-content-block\">\n\t                                <\/div>\n\t\t\t\t                <div class=\"mn-content-block\">\n\t                                <\/div>\n\t\t\t\t                <div class=\"mn-content-block\">\n\t                                <\/div>\n\t\t\t\t                <div class=\"mn-content-block\">\n\t                                <\/div>\n\t\t\t\t                <div class=\"mn-content-block\">\n\t                                <\/div>\n\t\t\t\t                <div class=\"mn-content-block\">\n\t                                <\/div>\n\t\t\t\t                <div class=\"mn-content-block\">\n\t                                <\/div>\n\t\t\t\t                <div class=\"mn-content-block\">\n\t                                <\/div>\n\t\t\t\t\t\t<\/div>\n\t<\/div>\n<\/section>\n\t\t<\/div>\n\t\t\t\t<\/div>\n\t\t\t\t\t\t<\/div>\n\t\t\t\t\t<\/div>\n\t\t<\/div>\n\t\t\t\t\t\t\t\t<\/div>\n\t\t\t\t\t<\/div>\n\t\t<\/section>\n\t\t\t\t\t\t<\/div>\n\t\t\t\t\t\t<\/div>\n\t\t\t\t\t<\/div>\n\t\t","protected":false},"excerpt":{"rendered":"<p>Konsultacje z&nbsp;doradc\u0105 zawodowym oraz psychologiem w&nbsp;ramach Projektu \u201eNEVER GIVE UP!\u201d \u2013 FERS.01.05-IP.08-0053\/25 Zapraszamy do skorzystania z&nbsp;konsultacji dla spo\u0142eczno\u015bci student\u00f3w w&nbsp;ramach Projektu \u201eNEVER GIVE UP!\u201d, nr projektu FERS.01.05-IP.08-0053\/25. Okres realizacji projektu: 01.10.2025 r. \u2013 31.03.2029 r. G\u0142\u00f3wnym celem projektu jest obni\u017cenie poziomu rezygnacji student\u00f3w z\u00a0kszta\u0142cenia na poziomie wy\u017cszym na Uniwersytecie Przyrodniczym w\u00a0Lublinie do 31 marca 2029 [&hellip;]<\/p>\n","protected":false},"author":2,"featured_media":177378,"comment_status":"closed","ping_status":"open","sticky":false,"template":"elementor_header_footer","format":"standard","meta":{"_monsterinsights_skip_tracking":false,"_monsterinsights_sitenote_active":false,"_monsterinsights_sitenote_note":"","_monsterinsights_sitenote_category":0},"categories":[9],"tags":[],"_links":{"self":[{"href":"https:\/\/up.lublin.pl\/ogrodnictwo\/wp-json\/wp\/v2\/posts\/182934"}],"collection":[{"href":"https:\/\/up.lublin.pl\/ogrodnictwo\/wp-json\/wp\/v2\/posts"}],"about":[{"href":"https:\/\/up.lublin.pl\/ogrodnictwo\/wp-json\/wp\/v2\/types\/post"}],"author":[{"embeddable":true,"href":"https:\/\/up.lublin.pl\/ogrodnictwo\/wp-json\/wp\/v2\/users\/2"}],"replies":[{"embeddable":true,"href":"https:\/\/up.lublin.pl\/ogrodnictwo\/wp-json\/wp\/v2\/comments?post=182934"}],"version-history":[{"count":4,"href":"https:\/\/up.lublin.pl\/ogrodnictwo\/wp-json\/wp\/v2\/posts\/182934\/revisions"}],"predecessor-version":[{"id":182939,"href":"https:\/\/up.lublin.pl\/ogrodnictwo\/wp-json\/wp\/v2\/posts\/182934\/revisions\/182939"}],"wp:featuredmedia":[{"embeddable":true,"href":"https:\/\/up.lublin.pl\/ogrodnictwo\/wp-json\/wp\/v2\/media\/177378"}],"wp:attachment":[{"href":"https:\/\/up.lublin.pl\/ogrodnictwo\/wp-json\/wp\/v2\/media?parent=182934"}],"wp:term":[{"taxonomy":"category","embeddable":true,"href":"https:\/\/up.lublin.pl\/ogrodnictwo\/wp-json\/wp\/v2\/categories?post=182934"},{"taxonomy":"post_tag","embeddable":true,"href":"https:\/\/up.lublin.pl\/ogrodnictwo\/wp-json\/wp\/v2\/tags?post=182934"}],"curies":[{"name":"wp","href":"https:\/\/api.w.org\/{rel}","templated":true}]}}