{"id":182874,"date":"2026-04-27T08:16:43","date_gmt":"2026-04-27T06:16:43","guid":{"rendered":"https:\/\/up.lublin.pl\/ogrodnictwo\/?p=182874"},"modified":"2026-04-27T08:16:43","modified_gmt":"2026-04-27T06:16:43","slug":"sprawozdanie-z-mobilnosci-pracownika-katedry-ochrony-roslin","status":"publish","type":"post","link":"https:\/\/up.lublin.pl\/ogrodnictwo\/sprawozdanie-z-mobilnosci-pracownika-katedry-ochrony-roslin\/","title":{"rendered":"Sprawozdanie z mobilno\u015bci pracownika Katedry Ochrony Ro\u015blin"},"content":{"rendered":"<p><a href=\"https:\/\/up.lublin.pl\/ogrodnictwo\/wp-content\/uploads\/sites\/6\/2026\/04\/1.png\"><img loading=\"lazy\" class=\"wp-image-182875 aligncenter\" src=\"https:\/\/up.lublin.pl\/ogrodnictwo\/wp-content\/uploads\/sites\/6\/2026\/04\/1.png\" alt=\"\" width=\"725\" height=\"77\" \/><\/a><\/p>\n<p><a href=\"https:\/\/up.lublin.pl\/ogrodnictwo\/wp-content\/uploads\/sites\/6\/2026\/04\/2.png\"><img loading=\"lazy\" class=\"aligncenter wp-image-182879\" src=\"https:\/\/up.lublin.pl\/ogrodnictwo\/wp-content\/uploads\/sites\/6\/2026\/04\/2.png\" alt=\"\" width=\"450\" height=\"148\" \/><\/a><\/p>\n<p>&nbsp;<\/p>\n<p style=\"text-align: justify\">W dniach 16-27.03.2026r. dr in\u017c. Weronika Kursa odby\u0142a sta\u017c naukowy w Nanofood Laboratory na Uniwersytecie w Debreczynie (W\u0119gry). Opiek\u0119 naukow\u0105 nad realizacj\u0105 sta\u017cu sprawowa\u0142 prof. dr J\u00f3zsef Prokisch. Wyjazd zosta\u0142 zrealizowany w ramach projekt \u201ePROM \u2013 Kr\u00f3tkookresowa wymiana akademicka\u201d, finansowanego przez Narodow\u0105 Agencj\u0119 Wymiany Akademickiej, w ramach przedsi\u0119wzi\u0119cia \u201eKr\u00f3tkookresowa wymiana akademicka sposobem na podniesienie jako\u015bci kszta\u0142cenia w instytucjach szkolnictwa wy\u017cszego i nauki\u201d (nr FERS.01.05-IP.08-0218\/23), wsp\u00f3\u0142finansowanego ze \u015brodk\u00f3w Unii Europejskiej.<\/p>\n<p>&nbsp;<\/p>\n<p style=\"text-align: justify\">Podczas sta\u017cu prowadzone by\u0142y badania dotycz\u0105ce syntezy oraz charakterystyki nanocz\u0105steczek, ze szczeg\u00f3lnym uwzgl\u0119dnieniem chemicznych i biologicznych metod ich otrzymywania. Prace obejmowa\u0142y m.in. przygotowanie roztwor\u00f3w reakcyjnych, biosyntez\u0119 nanomateria\u0142\u00f3w, optymalizacj\u0119 warunk\u00f3w reakcji oraz przygotowanie zawiesin nanocz\u0105steczek do analiz fizykochemicznych. Wa\u017cnym elementem bada\u0144 by\u0142a r\u00f3wnie\u017c ocena stabilno\u015bci uk\u0142ad\u00f3w koloidalnych oraz interpretacja uzyskanych wynik\u00f3w.<\/p>\n<p>&nbsp;<\/p>\n<p><a href=\"https:\/\/up.lublin.pl\/ogrodnictwo\/wp-content\/uploads\/sites\/6\/2026\/04\/3.png\"><img loading=\"lazy\" class=\"aligncenter wp-image-182883\" src=\"https:\/\/up.lublin.pl\/ogrodnictwo\/wp-content\/uploads\/sites\/6\/2026\/04\/3.png\" alt=\"\" width=\"725\" height=\"221\" \/><\/a><\/p>\n<p style=\"text-align: center\">Fig. 1. Otrzymane zawiesiny nanocz\u0105steczek<\/p>\n<p>&nbsp;<\/p>\n<p><a href=\"https:\/\/up.lublin.pl\/ogrodnictwo\/wp-content\/uploads\/sites\/6\/2026\/04\/4.png\"><img loading=\"lazy\" class=\"aligncenter wp-image-182887\" src=\"https:\/\/up.lublin.pl\/ogrodnictwo\/wp-content\/uploads\/sites\/6\/2026\/04\/4.png\" alt=\"\" width=\"725\" height=\"502\" \/><\/a><\/p>\n<p style=\"text-align: center\">Fig. 2. Oczyszczanie i przygotowywanie materia\u0142\u00f3w do dalszych analiz<\/p>\n<p>&nbsp;<\/p>\n<p><a href=\"https:\/\/up.lublin.pl\/ogrodnictwo\/wp-content\/uploads\/sites\/6\/2026\/04\/5.png\"><img loading=\"lazy\" class=\"aligncenter wp-image-182891\" src=\"https:\/\/up.lublin.pl\/ogrodnictwo\/wp-content\/uploads\/sites\/6\/2026\/04\/5.png\" alt=\"\" width=\"725\" height=\"967\" \/><\/a><\/p>\n<p style=\"text-align: center\">Fig. 3. Dr in\u017c. Weronika Kursa w trakcie mobilno\u015bci naukowej na University of Debrecen (W\u0119gry)<\/p>\n<p>&nbsp;<\/p>\n<p style=\"text-align: justify\">Zrealizowana mobilno\u015b\u0107 umo\u017cliwi\u0142a zdobycie nowych kompetencji badawczych oraz nawi\u0105zanie wsp\u00f3\u0142pracy mi\u0119dzynarodowej. Otrzymane w ramach sta\u017cu nanocz\u0105steczki zostan\u0105 wykorzystane w dalszych badaniach prowadzonych w jednostce macierzystej &#8211; Katedrze Ochrony Ro\u015blin (Wydzia\u0142 Ogrodnictwa i Architektury Krajobrazu), a zdobyte do\u015bwiadczenia b\u0119d\u0105 stanowi\u0142y podstaw\u0119 dalszej wsp\u00f3\u0142pracy naukowej.<\/p>\n","protected":false},"excerpt":{"rendered":"<p>&nbsp; W dniach 16-27.03.2026r. dr in\u017c. Weronika Kursa odby\u0142a sta\u017c naukowy w Nanofood Laboratory na Uniwersytecie w Debreczynie (W\u0119gry). Opiek\u0119 naukow\u0105 nad realizacj\u0105 sta\u017cu sprawowa\u0142 prof. dr J\u00f3zsef Prokisch. Wyjazd zosta\u0142 zrealizowany w ramach projekt \u201ePROM \u2013 Kr\u00f3tkookresowa wymiana akademicka\u201d, finansowanego przez Narodow\u0105 Agencj\u0119 Wymiany Akademickiej, w ramach przedsi\u0119wzi\u0119cia \u201eKr\u00f3tkookresowa wymiana akademicka sposobem na podniesienie [&hellip;]<\/p>\n","protected":false},"author":279,"featured_media":0,"comment_status":"closed","ping_status":"open","sticky":false,"template":"","format":"standard","meta":{"_monsterinsights_skip_tracking":false,"_monsterinsights_sitenote_active":false,"_monsterinsights_sitenote_note":"","_monsterinsights_sitenote_category":0},"categories":[9],"tags":[],"_links":{"self":[{"href":"https:\/\/up.lublin.pl\/ogrodnictwo\/wp-json\/wp\/v2\/posts\/182874"}],"collection":[{"href":"https:\/\/up.lublin.pl\/ogrodnictwo\/wp-json\/wp\/v2\/posts"}],"about":[{"href":"https:\/\/up.lublin.pl\/ogrodnictwo\/wp-json\/wp\/v2\/types\/post"}],"author":[{"embeddable":true,"href":"https:\/\/up.lublin.pl\/ogrodnictwo\/wp-json\/wp\/v2\/users\/279"}],"replies":[{"embeddable":true,"href":"https:\/\/up.lublin.pl\/ogrodnictwo\/wp-json\/wp\/v2\/comments?post=182874"}],"version-history":[{"count":7,"href":"https:\/\/up.lublin.pl\/ogrodnictwo\/wp-json\/wp\/v2\/posts\/182874\/revisions"}],"predecessor-version":[{"id":182901,"href":"https:\/\/up.lublin.pl\/ogrodnictwo\/wp-json\/wp\/v2\/posts\/182874\/revisions\/182901"}],"wp:attachment":[{"href":"https:\/\/up.lublin.pl\/ogrodnictwo\/wp-json\/wp\/v2\/media?parent=182874"}],"wp:term":[{"taxonomy":"category","embeddable":true,"href":"https:\/\/up.lublin.pl\/ogrodnictwo\/wp-json\/wp\/v2\/categories?post=182874"},{"taxonomy":"post_tag","embeddable":true,"href":"https:\/\/up.lublin.pl\/ogrodnictwo\/wp-json\/wp\/v2\/tags?post=182874"}],"curies":[{"name":"wp","href":"https:\/\/api.w.org\/{rel}","templated":true}]}}