{"id":179386,"date":"2025-11-17T07:42:54","date_gmt":"2025-11-17T06:42:54","guid":{"rendered":"https:\/\/up.lublin.pl\/ogrodnictwo\/?p=179386"},"modified":"2025-11-18T07:43:23","modified_gmt":"2025-11-18T06:43:23","slug":"kondolencje-dla-dr-hab-katarzyny-dzida-prof-uczelni","status":"publish","type":"post","link":"https:\/\/up.lublin.pl\/ogrodnictwo\/kondolencje-dla-dr-hab-katarzyny-dzida-prof-uczelni\/","title":{"rendered":"Kondolencje dla dr hab. Katarzyny Dzida, prof. uczelni"},"content":{"rendered":"\t\t<div data-elementor-type=\"wp-post\" data-elementor-id=\"179386\" class=\"elementor elementor-179386\" data-elementor-settings=\"[]\">\n\t\t\t\t\t\t<div class=\"elementor-inner\">\n\t\t\t\t\t\t\t<div class=\"elementor-section-wrap\">\n\t\t\t\t\t\t\t<section class=\"elementor-section elementor-top-section elementor-element elementor-element-500d5a6 elementor-section-boxed elementor-section-height-default elementor-section-height-default\" data-id=\"500d5a6\" data-element_type=\"section\">\n\t\t\t\t\t\t<div class=\"elementor-container elementor-column-gap-default\">\n\t\t\t\t\t\t\t<div class=\"elementor-row\">\n\t\t\t\t\t<div class=\"elementor-column elementor-col-100 elementor-top-column elementor-element elementor-element-3f01656\" data-id=\"3f01656\" data-element_type=\"column\">\n\t\t\t<div class=\"elementor-column-wrap elementor-element-populated\">\n\t\t\t\t\t\t\t<div class=\"elementor-widget-wrap\">\n\t\t\t\t\t\t<div class=\"elementor-element elementor-element-fa9f7b1 elementor-widget elementor-widget-m5c\" data-id=\"fa9f7b1\" data-element_type=\"widget\" data-widget_type=\"m5c.default\">\n\t\t\t\t<div class=\"elementor-widget-container\">\n\t\t\t<section class=\"mn-m5-c mn-m5-d2 mn-bg-white\">\n\t<div class=\"mn-grid\">\n\t\t\t\t<div class=\"mn-content mn-grid-9\">\n\t\t\t                <div class=\"mn-content-block active\">\n\t                                                        <div class=\"block-text\">\n\t                                        <p><a href=\"https:\/\/up.lublin.pl\/wp-content\/uploads\/2025\/11\/in-memoriam-grafika2.jpg\"><img loading=\"lazy\" class=\"aligncenter wp-image-508136\" src=\"https:\/\/up.lublin.pl\/wp-content\/uploads\/2025\/11\/in-memoriam-grafika2.jpg\" alt=\"Bia\u0142a r\u00f3\u017ca ustawiona jest obok zapalonej \u015bwiecy na czarnym tle\" width=\"343\" height=\"150\" \/><\/a><\/p>\n<p style=\"text-align: center;\">Pani Dziekan dr hab. Katarzynie Dzida, prof. uczelni\u00a0<br \/>wyrazy g\u0142\u0119bokiego wsp\u00f3\u0142czucia<\/p>\n<p style=\"text-align: center;\">z powodu \u015bmierci<\/p>\n<p style=\"font-size: 28px; text-align: center;\"><em><span style=\"color: #003300;\"><strong>Taty<\/strong><\/span><\/em><\/p>\n<p style=\"text-align: center;\">sk\u0142adaj\u0105<\/p>\n<p style=\"text-align: center;\">Kolegium Wydzia\u0142u, Pracownicy Instytutu Produkcji Ogrodniczej<br \/>oraz Spo\u0142eczno\u015b\u0107 Akademicka Wydzia\u0142u Ogrodnictwa i&nbsp;Architektury Krajobrazu<\/p>\n                                        <\/div>\n\t\t\t\t\t\t                                <\/div>\n\t\t\t\t                <div class=\"mn-content-block\">\n\t                                <\/div>\n\t\t\t\t                <div class=\"mn-content-block\">\n\t                                <\/div>\n\t\t\t\t                <div class=\"mn-content-block\">\n\t                                <\/div>\n\t\t\t\t                <div class=\"mn-content-block\">\n\t                                <\/div>\n\t\t\t\t                <div class=\"mn-content-block\">\n\t                                <\/div>\n\t\t\t\t                <div class=\"mn-content-block\">\n\t                                <\/div>\n\t\t\t\t                <div class=\"mn-content-block\">\n\t                                <\/div>\n\t\t\t\t                <div class=\"mn-content-block\">\n\t                                <\/div>\n\t\t\t\t                <div class=\"mn-content-block\">\n\t                                <\/div>\n\t\t\t\t                <div class=\"mn-content-block\">\n\t                                <\/div>\n\t\t\t\t                <div class=\"mn-content-block\">\n\t                                <\/div>\n\t\t\t\t                <div class=\"mn-content-block\">\n\t                                <\/div>\n\t\t\t\t                <div class=\"mn-content-block\">\n\t                                <\/div>\n\t\t\t\t                <div class=\"mn-content-block\">\n\t                                <\/div>\n\t\t\t\t                <div class=\"mn-content-block\">\n\t                                <\/div>\n\t\t\t\t                <div class=\"mn-content-block\">\n\t                                <\/div>\n\t\t\t\t                <div class=\"mn-content-block\">\n\t                                <\/div>\n\t\t\t\t                <div class=\"mn-content-block\">\n\t                                <\/div>\n\t\t\t\t                <div class=\"mn-content-block\">\n\t                                <\/div>\n\t\t\t\t\t\t<\/div>\n\t<\/div>\n<\/section>\n\t\t<\/div>\n\t\t\t\t<\/div>\n\t\t\t\t\t\t<\/div>\n\t\t\t\t\t<\/div>\n\t\t<\/div>\n\t\t\t\t\t\t\t\t<\/div>\n\t\t\t\t\t<\/div>\n\t\t<\/section>\n\t\t\t\t\t\t<\/div>\n\t\t\t\t\t\t<\/div>\n\t\t\t\t\t<\/div>\n\t\t","protected":false},"excerpt":{"rendered":"<p>Pani Dziekan dr hab. Katarzynie Dzida, prof. uczelni\u00a0wyrazy g\u0142\u0119bokiego wsp\u00f3\u0142czucia z powodu \u015bmierci Taty sk\u0142adaj\u0105 Kolegium Wydzia\u0142u, Pracownicy Instytutu Produkcji Ogrodniczejoraz Spo\u0142eczno\u015b\u0107 Akademicka Wydzia\u0142u Ogrodnictwa i&nbsp;Architektury Krajobrazu<\/p>\n","protected":false},"author":2,"featured_media":167825,"comment_status":"closed","ping_status":"open","sticky":false,"template":"elementor_header_footer","format":"standard","meta":{"_monsterinsights_skip_tracking":false,"_monsterinsights_sitenote_active":false,"_monsterinsights_sitenote_note":"","_monsterinsights_sitenote_category":0},"categories":[9],"tags":[],"_links":{"self":[{"href":"https:\/\/up.lublin.pl\/ogrodnictwo\/wp-json\/wp\/v2\/posts\/179386"}],"collection":[{"href":"https:\/\/up.lublin.pl\/ogrodnictwo\/wp-json\/wp\/v2\/posts"}],"about":[{"href":"https:\/\/up.lublin.pl\/ogrodnictwo\/wp-json\/wp\/v2\/types\/post"}],"author":[{"embeddable":true,"href":"https:\/\/up.lublin.pl\/ogrodnictwo\/wp-json\/wp\/v2\/users\/2"}],"replies":[{"embeddable":true,"href":"https:\/\/up.lublin.pl\/ogrodnictwo\/wp-json\/wp\/v2\/comments?post=179386"}],"version-history":[{"count":10,"href":"https:\/\/up.lublin.pl\/ogrodnictwo\/wp-json\/wp\/v2\/posts\/179386\/revisions"}],"predecessor-version":[{"id":179404,"href":"https:\/\/up.lublin.pl\/ogrodnictwo\/wp-json\/wp\/v2\/posts\/179386\/revisions\/179404"}],"wp:featuredmedia":[{"embeddable":true,"href":"https:\/\/up.lublin.pl\/ogrodnictwo\/wp-json\/wp\/v2\/media\/167825"}],"wp:attachment":[{"href":"https:\/\/up.lublin.pl\/ogrodnictwo\/wp-json\/wp\/v2\/media?parent=179386"}],"wp:term":[{"taxonomy":"category","embeddable":true,"href":"https:\/\/up.lublin.pl\/ogrodnictwo\/wp-json\/wp\/v2\/categories?post=179386"},{"taxonomy":"post_tag","embeddable":true,"href":"https:\/\/up.lublin.pl\/ogrodnictwo\/wp-json\/wp\/v2\/tags?post=179386"}],"curies":[{"name":"wp","href":"https:\/\/api.w.org\/{rel}","templated":true}]}}