{"id":178643,"date":"2025-09-29T20:35:59","date_gmt":"2025-09-29T18:35:59","guid":{"rendered":"https:\/\/up.lublin.pl\/ogrodnictwo\/?p=178643"},"modified":"2025-11-07T11:43:09","modified_gmt":"2025-11-07T10:43:09","slug":"dzien-rektorski-1-pazdziernika-2025","status":"publish","type":"post","link":"https:\/\/up.lublin.pl\/ogrodnictwo\/dzien-rektorski-1-pazdziernika-2025\/","title":{"rendered":"Dzie\u0144 rektorski 1 pa\u017adziernika 2025"},"content":{"rendered":"<p style=\"text-align: center;\">Og\u0142aszam dzie\u0144 rektorski<br \/>\nwolny od zaj\u0119\u0107 dydaktycznych dla student\u00f3w<br \/>\nUniwersytetu Przyrodniczego w\u00a0Lublinie<br \/>\n<strong>w dniu<\/strong>\u00a0<strong>1 pa\u017adziernika 2025 r.<br \/>\nw zwi\u0105zku ze \u015brodowiskow\u0105 inauguracj\u0105<br \/>\nroku akademickiego 2025\/2026<\/strong><\/p>\n<p>&nbsp;<\/p>\n<p>&nbsp;<\/p>\n<h5 style=\"text-align: center;\"><em>Rektor<br \/>\n<\/em><em>Prof. dr hab. Krzysztof Kowalczyk<\/em><\/h5>\n<p>&nbsp;<\/p>\n<p style=\"text-align: center;\"><a href=\"https:\/\/up.lublin.pl\/wp-content\/uploads\/2025\/09\/SKM_28725092313190.pdf\">DOKUMENT PDF<\/a><\/p>\n","protected":false},"excerpt":{"rendered":"<p>Og\u0142aszam dzie\u0144 rektorski wolny od zaj\u0119\u0107 dydaktycznych dla student\u00f3w Uniwersytetu Przyrodniczego w\u00a0Lublinie w dniu\u00a01 pa\u017adziernika 2025 r. w zwi\u0105zku ze \u015brodowiskow\u0105 inauguracj\u0105 roku akademickiego 2025\/2026 &nbsp; &nbsp; Rektor Prof. dr hab. Krzysztof Kowalczyk &nbsp; DOKUMENT PDF<\/p>\n","protected":false},"author":279,"featured_media":179350,"comment_status":"closed","ping_status":"open","sticky":false,"template":"","format":"standard","meta":{"_monsterinsights_skip_tracking":false,"_monsterinsights_sitenote_active":false,"_monsterinsights_sitenote_note":"","_monsterinsights_sitenote_category":0},"categories":[9],"tags":[],"_links":{"self":[{"href":"https:\/\/up.lublin.pl\/ogrodnictwo\/wp-json\/wp\/v2\/posts\/178643"}],"collection":[{"href":"https:\/\/up.lublin.pl\/ogrodnictwo\/wp-json\/wp\/v2\/posts"}],"about":[{"href":"https:\/\/up.lublin.pl\/ogrodnictwo\/wp-json\/wp\/v2\/types\/post"}],"author":[{"embeddable":true,"href":"https:\/\/up.lublin.pl\/ogrodnictwo\/wp-json\/wp\/v2\/users\/279"}],"replies":[{"embeddable":true,"href":"https:\/\/up.lublin.pl\/ogrodnictwo\/wp-json\/wp\/v2\/comments?post=178643"}],"version-history":[{"count":5,"href":"https:\/\/up.lublin.pl\/ogrodnictwo\/wp-json\/wp\/v2\/posts\/178643\/revisions"}],"predecessor-version":[{"id":179354,"href":"https:\/\/up.lublin.pl\/ogrodnictwo\/wp-json\/wp\/v2\/posts\/178643\/revisions\/179354"}],"wp:featuredmedia":[{"embeddable":true,"href":"https:\/\/up.lublin.pl\/ogrodnictwo\/wp-json\/wp\/v2\/media\/179350"}],"wp:attachment":[{"href":"https:\/\/up.lublin.pl\/ogrodnictwo\/wp-json\/wp\/v2\/media?parent=178643"}],"wp:term":[{"taxonomy":"category","embeddable":true,"href":"https:\/\/up.lublin.pl\/ogrodnictwo\/wp-json\/wp\/v2\/categories?post=178643"},{"taxonomy":"post_tag","embeddable":true,"href":"https:\/\/up.lublin.pl\/ogrodnictwo\/wp-json\/wp\/v2\/tags?post=178643"}],"curies":[{"name":"wp","href":"https:\/\/api.w.org\/{rel}","templated":true}]}}