{"id":175632,"date":"2024-12-17T19:55:19","date_gmt":"2024-12-17T18:55:19","guid":{"rendered":"https:\/\/up.lublin.pl\/ogrodnictwo\/?p=175632"},"modified":"2024-12-20T14:17:46","modified_gmt":"2024-12-20T13:17:46","slug":"miedzynarodowa-konferencja-sadownicza-fruit-poland-2024","status":"publish","type":"post","link":"https:\/\/up.lublin.pl\/ogrodnictwo\/miedzynarodowa-konferencja-sadownicza-fruit-poland-2024\/","title":{"rendered":"Mi\u0119dzynarodowa Konferencja Sadownicza Fruit Poland 2024"},"content":{"rendered":"<p style=\"text-align: justify;\">W dniach 5-7 grudnia 2024 r. w hali wystawowej Ptak Warsow Expo, Nadarzyn odby\u0142a si\u0119 Mi\u0119dzynarodowa Konferencja Sadownicza Fruit Poland, kt\u00f3rej wsp\u00f3\u0142organizatorem merytorycznym by\u0142 Wydzia\u0142 Ogrodnictwa i Architektury Krajobrazu Uniwersytetu Przyrodniczego w Lublinie.<\/p>\n<p>&nbsp;<\/p>\n<p><img loading=\"lazy\" class=\"alignnone wp-image-175633\" src=\"https:\/\/up.lublin.pl\/ogrodnictwo\/wp-content\/uploads\/sites\/6\/2024\/12\/grupa.jpg\" alt=\"\" width=\"725\" height=\"544\" \/><\/p>\n<p>&nbsp;<\/p>\n<p style=\"text-align: justify;\">W takcie trzydniowej konferencji szczeg\u00f3lnym zainteresowaniem cieszy\u0142y si\u0119 wyk\u0142ady po\u015bwi\u0119cone agrotechnice ro\u015blin jagodowych. Konferencj\u0119, w kt\u00f3rej udzia\u0142 wzi\u0119\u0142o ok. 350 plantator\u00f3w z ca\u0142ej Polski, a tak\u017ce Czech, S\u0142owacji, \u0141otwy i Ukrainy, otworzy\u0142a Dziekan Wydzia\u0142u dr hab. Katarzyna Dzida, prof. uczelni. W trakcie konferencji tematyk\u0119 deserowej uprawy porzeczki czarnej i czerwonej om\u00f3wi\u0142 dr in\u017c. Piotr Bary\u0142a, temat po\u015bwi\u0119cony wymaganiom uprawy winoro\u015bli i produkcji wina przybli\u017cy\u0142a s\u0142uchaczom dr hab. Magdalena Kap\u0142an, prof. UP a zagadnienia zwi\u0105zane ze sterowaniem dojrzewania owoc\u00f3w truskawki om\u00f3wi\u0142 dr hab. Zbigniew Jarosz, prof. UP.<\/p>\n<p>&nbsp;<\/p>\n<p><img loading=\"lazy\" class=\"alignnone wp-image-175641\" src=\"https:\/\/up.lublin.pl\/ogrodnictwo\/wp-content\/uploads\/sites\/6\/2024\/12\/prof-Jarosz.jpg\" alt=\"\" width=\"725\" height=\"544\" \/><\/p>\n<p>&nbsp;<\/p>\n<p style=\"text-align: justify;\">Studenci z Ko\u0142a Naukowego Ogrodnik\u00f3w wraz z opiekunem dr in\u017c. Karolin\u0105 Pitura przygotowali reprezentacyjne stoisko Wydzia\u0142u i przeprowadzili innowacyjne warsztaty uprawy truskawki w kokedamie.<\/p>\n<p>&nbsp;<\/p>\n<p><img loading=\"lazy\" class=\"alignnone size-full wp-image-175663\" src=\"https:\/\/up.lublin.pl\/ogrodnictwo\/wp-content\/uploads\/sites\/6\/2024\/12\/kokedamaaaa.jpg\" alt=\"\" width=\"725\" height=\"967\" \/> <img loading=\"lazy\" class=\"alignnone wp-image-175645\" src=\"https:\/\/up.lublin.pl\/ogrodnictwo\/wp-content\/uploads\/sites\/6\/2024\/12\/starczyki.jpg\" alt=\"\" width=\"725\" height=\"387\" \/> <img loading=\"lazy\" class=\"alignnone wp-image-175649\" src=\"https:\/\/up.lublin.pl\/ogrodnictwo\/wp-content\/uploads\/sites\/6\/2024\/12\/studenci.jpg\" alt=\"\" width=\"725\" height=\"408\" \/> <img loading=\"lazy\" class=\"alignnone wp-image-175653\" src=\"https:\/\/up.lublin.pl\/ogrodnictwo\/wp-content\/uploads\/sites\/6\/2024\/12\/studentki.jpg\" alt=\"\" width=\"725\" height=\"544\" \/><img loading=\"lazy\" class=\"alignnone size-full wp-image-175668\" src=\"https:\/\/up.lublin.pl\/ogrodnictwo\/wp-content\/uploads\/sites\/6\/2024\/12\/warsztaty-kokedamyyyy.jpg\" alt=\"\" width=\"725\" height=\"967\" \/><\/p>\n","protected":false},"excerpt":{"rendered":"<p>W dniach 5-7 grudnia 2024 r. w hali wystawowej Ptak Warsow Expo, Nadarzyn odby\u0142a si\u0119 Mi\u0119dzynarodowa Konferencja Sadownicza Fruit Poland, kt\u00f3rej wsp\u00f3\u0142organizatorem merytorycznym by\u0142 Wydzia\u0142 Ogrodnictwa i Architektury Krajobrazu Uniwersytetu Przyrodniczego w Lublinie. &nbsp; &nbsp; W takcie trzydniowej konferencji szczeg\u00f3lnym zainteresowaniem cieszy\u0142y si\u0119 wyk\u0142ady po\u015bwi\u0119cone agrotechnice ro\u015blin jagodowych. Konferencj\u0119, w kt\u00f3rej udzia\u0142 wzi\u0119\u0142o ok. 350 [&hellip;]<\/p>\n","protected":false},"author":279,"featured_media":175633,"comment_status":"closed","ping_status":"open","sticky":false,"template":"","format":"standard","meta":{"_monsterinsights_skip_tracking":false,"_monsterinsights_sitenote_active":false,"_monsterinsights_sitenote_note":"","_monsterinsights_sitenote_category":0},"categories":[9],"tags":[],"_links":{"self":[{"href":"https:\/\/up.lublin.pl\/ogrodnictwo\/wp-json\/wp\/v2\/posts\/175632"}],"collection":[{"href":"https:\/\/up.lublin.pl\/ogrodnictwo\/wp-json\/wp\/v2\/posts"}],"about":[{"href":"https:\/\/up.lublin.pl\/ogrodnictwo\/wp-json\/wp\/v2\/types\/post"}],"author":[{"embeddable":true,"href":"https:\/\/up.lublin.pl\/ogrodnictwo\/wp-json\/wp\/v2\/users\/279"}],"replies":[{"embeddable":true,"href":"https:\/\/up.lublin.pl\/ogrodnictwo\/wp-json\/wp\/v2\/comments?post=175632"}],"version-history":[{"count":9,"href":"https:\/\/up.lublin.pl\/ogrodnictwo\/wp-json\/wp\/v2\/posts\/175632\/revisions"}],"predecessor-version":[{"id":175684,"href":"https:\/\/up.lublin.pl\/ogrodnictwo\/wp-json\/wp\/v2\/posts\/175632\/revisions\/175684"}],"wp:featuredmedia":[{"embeddable":true,"href":"https:\/\/up.lublin.pl\/ogrodnictwo\/wp-json\/wp\/v2\/media\/175633"}],"wp:attachment":[{"href":"https:\/\/up.lublin.pl\/ogrodnictwo\/wp-json\/wp\/v2\/media?parent=175632"}],"wp:term":[{"taxonomy":"category","embeddable":true,"href":"https:\/\/up.lublin.pl\/ogrodnictwo\/wp-json\/wp\/v2\/categories?post=175632"},{"taxonomy":"post_tag","embeddable":true,"href":"https:\/\/up.lublin.pl\/ogrodnictwo\/wp-json\/wp\/v2\/tags?post=175632"}],"curies":[{"name":"wp","href":"https:\/\/api.w.org\/{rel}","templated":true}]}}