{"id":145225,"date":"2022-05-31T14:44:13","date_gmt":"2022-05-31T12:44:13","guid":{"rendered":"https:\/\/up.lublin.pl\/ogrodnictwo\/?p=145225"},"modified":"2022-05-31T14:44:13","modified_gmt":"2022-05-31T12:44:13","slug":"warsztaty-ogrodnicze-w-przedszkolu-nr-33-im-kubusia-puchatka-w-lublinie","status":"publish","type":"post","link":"https:\/\/up.lublin.pl\/ogrodnictwo\/warsztaty-ogrodnicze-w-przedszkolu-nr-33-im-kubusia-puchatka-w-lublinie\/","title":{"rendered":"Warsztaty ogrodnicze w Przedszkolu nr 33 im. Kubusia Puchatka w Lublinie"},"content":{"rendered":"<p>W dniu 30.05.2022r. Studentki Ko\u0142a Naukowego Ogrodnik\u00f3w, Panie Dominika Mazurek, Paulina Nowakowska i Justyna Wasi\u0144ska wraz z opiekun Ko\u0142a dr Karolin\u0105 Pitura bra\u0142y udzia\u0142 w warsztatach ogrodniczych w Przedszkolu nr 33 im. Kubusia Puchatka w Lublinie. Nauka poprzez zabaw\u0119 podstaw uprawy ro\u015blin zaszczepi\u0142a w dzieciach pasj\u0119 ogrodnicz\u0105 a posadzone przez cz\u0142onk\u00f3w Ko\u0142a wsp\u00f3lnie z dzie\u0107mi, barwne petunie dekoruj\u0105 teren wok\u00f3\u0142 przedszkola.<\/p>\n<p><img loading=\"lazy\" class=\"alignnone  wp-image-145226\" src=\"https:\/\/up.lublin.pl\/ogrodnictwo\/wp-content\/uploads\/sites\/6\/2022\/05\/20220530_100517.jpg\" alt=\"\" width=\"557\" height=\"418\" \/><\/p>\n<p><img loading=\"lazy\" class=\"alignnone  wp-image-145230\" src=\"https:\/\/up.lublin.pl\/ogrodnictwo\/wp-content\/uploads\/sites\/6\/2022\/05\/20220530_101304.jpg\" alt=\"\" width=\"555\" height=\"416\" \/><\/p>\n","protected":false},"excerpt":{"rendered":"<p>W dniu 30.05.2022r. Studentki Ko\u0142a Naukowego Ogrodnik\u00f3w, Panie Dominika Mazurek, Paulina Nowakowska i Justyna Wasi\u0144ska wraz z opiekun Ko\u0142a dr Karolin\u0105 Pitura bra\u0142y udzia\u0142 w warsztatach ogrodniczych w Przedszkolu nr 33 im. Kubusia Puchatka w Lublinie. Nauka poprzez zabaw\u0119 podstaw uprawy ro\u015blin zaszczepi\u0142a w dzieciach pasj\u0119 ogrodnicz\u0105 a posadzone przez cz\u0142onk\u00f3w Ko\u0142a wsp\u00f3lnie z dzie\u0107mi, [&hellip;]<\/p>\n","protected":false},"author":237,"featured_media":0,"comment_status":"closed","ping_status":"open","sticky":false,"template":"","format":"standard","meta":{"_monsterinsights_skip_tracking":false,"_monsterinsights_sitenote_active":false,"_monsterinsights_sitenote_note":"","_monsterinsights_sitenote_category":0},"categories":[9],"tags":[],"_links":{"self":[{"href":"https:\/\/up.lublin.pl\/ogrodnictwo\/wp-json\/wp\/v2\/posts\/145225"}],"collection":[{"href":"https:\/\/up.lublin.pl\/ogrodnictwo\/wp-json\/wp\/v2\/posts"}],"about":[{"href":"https:\/\/up.lublin.pl\/ogrodnictwo\/wp-json\/wp\/v2\/types\/post"}],"author":[{"embeddable":true,"href":"https:\/\/up.lublin.pl\/ogrodnictwo\/wp-json\/wp\/v2\/users\/237"}],"replies":[{"embeddable":true,"href":"https:\/\/up.lublin.pl\/ogrodnictwo\/wp-json\/wp\/v2\/comments?post=145225"}],"version-history":[{"count":1,"href":"https:\/\/up.lublin.pl\/ogrodnictwo\/wp-json\/wp\/v2\/posts\/145225\/revisions"}],"predecessor-version":[{"id":145234,"href":"https:\/\/up.lublin.pl\/ogrodnictwo\/wp-json\/wp\/v2\/posts\/145225\/revisions\/145234"}],"wp:attachment":[{"href":"https:\/\/up.lublin.pl\/ogrodnictwo\/wp-json\/wp\/v2\/media?parent=145225"}],"wp:term":[{"taxonomy":"category","embeddable":true,"href":"https:\/\/up.lublin.pl\/ogrodnictwo\/wp-json\/wp\/v2\/categories?post=145225"},{"taxonomy":"post_tag","embeddable":true,"href":"https:\/\/up.lublin.pl\/ogrodnictwo\/wp-json\/wp\/v2\/tags?post=145225"}],"curies":[{"name":"wp","href":"https:\/\/api.w.org\/{rel}","templated":true}]}}