{"id":157581,"date":"2026-04-10T10:07:33","date_gmt":"2026-04-10T08:07:33","guid":{"rendered":"https:\/\/up.lublin.pl\/foodscience\/?p=157581"},"modified":"2026-04-21T10:57:32","modified_gmt":"2026-04-21T08:57:32","slug":"konkurs-regionalny-skillspoland-2026-wyjatkowa-okazja-dla-mlodych-talentow","status":"publish","type":"post","link":"https:\/\/up.lublin.pl\/foodscience\/konkurs-regionalny-skillspoland-2026-wyjatkowa-okazja-dla-mlodych-talentow\/","title":{"rendered":"Konkurs regionalny SkillsPoland 2026 \u2013 wyj\u0105tkowa okazja dla m\u0142odych talent\u00f3w"},"content":{"rendered":"\t\t<div data-elementor-type=\"wp-post\" data-elementor-id=\"157581\" class=\"elementor elementor-157581\" data-elementor-settings=\"[]\">\n\t\t\t\t\t\t<div class=\"elementor-inner\">\n\t\t\t\t\t\t\t<div class=\"elementor-section-wrap\">\n\t\t\t\t\t\t\t<section class=\"elementor-section elementor-top-section elementor-element elementor-element-9c07b10 elementor-section-boxed elementor-section-height-default elementor-section-height-default\" data-id=\"9c07b10\" data-element_type=\"section\">\n\t\t\t\t\t\t<div class=\"elementor-container elementor-column-gap-default\">\n\t\t\t\t\t\t\t<div class=\"elementor-row\">\n\t\t\t\t\t<div class=\"elementor-column elementor-col-100 elementor-top-column elementor-element elementor-element-72d0297\" data-id=\"72d0297\" data-element_type=\"column\">\n\t\t\t<div class=\"elementor-column-wrap elementor-element-populated\">\n\t\t\t\t\t\t\t<div class=\"elementor-widget-wrap\">\n\t\t\t\t\t\t<div class=\"elementor-element elementor-element-1e2a897 elementor-widget elementor-widget-m5h\" data-id=\"1e2a897\" data-element_type=\"widget\" data-widget_type=\"m5h.default\">\n\t\t\t\t<div class=\"elementor-widget-container\">\n\t\t\t<section class=\"mn-m5-h mn-bg-white\">\r\n\t<div class=\"mn-grid\">\r\n\t\t<div class=\"mn-content mn-grid-12\">\r\n\t\t\t<div class=\"mn-lead\">\r\n\t\t\t\t<p>Szansa dla kolejnych bran\u017c w&nbsp;konkursach regionalnych SkillsPoland 2026<br \/>\u200a<br \/>Trwaj\u0105 konkursy regionalne SkillsPoland 2026 \u2013 wyj\u0105tkowa okazja dla m\u0142odych talent\u00f3w, aby sprawdzi\u0107 swoje umiej\u0119tno\u015bci, zdoby\u0107 cenne do\u015bwiadczenie i&nbsp;zrobi\u0107 krok w&nbsp;stron\u0119 mistrzostwa w&nbsp;swojej bran\u017cy.<\/p>\n<p>\u200a<br \/>Fryzjerstwo | Gda\u0144sk | 26-27.05.2026 r.<\/p>\n<p><strong>Piekarstwo | Pozna\u0144 | 26-27.05.2026 r.<\/strong><\/p>\n<p><strong>Serwis restauracyjny | Krak\u00f3w | 1 tydzie\u0144 czerwca<\/strong><\/p>\n<p>\u00a0<\/p>\n<p><strong>Jak wzi\u0105\u0107 udzia\u0142?<\/strong><\/p>\n<p>Krok I&nbsp;\u2013 Rejestracja<\/p>\n<p>Zarejestruj si\u0119 \u2013 kliknij tutaj, aby wype\u0142ni\u0107 formularz<\/p>\n<p>Krok II \u2013 Test on-line<\/p>\n<p>Na podstawie wyniku testu wy\u0142onionych zostanie min. 20 najlepszych uczestnik\u00f3w, kt\u00f3rzy przejd\u0105 do etapu regionalnego<\/p>\n<p>Krok III \u2013 Konkurs regionalny<\/p>\n<p>We\u017a udzia\u0142 w&nbsp;konkursie i&nbsp;zawalcz o&nbsp;miejsce w&nbsp;finale og\u00f3lnopolskim SkillsPoland 2026<\/p>\n<p>Krok IV \u2013 Fina\u0142 og\u00f3lnopolski SkillsPoland 2026<\/p>\n<p>SkillsPoland to najwi\u0119kszy w&nbsp;Polsce konkurs umiej\u0119tno\u015bci zawodowych \u2013 przepustka do reprezentowania kraju na arenie mi\u0119dzynarodowej: EuroSkills i&nbsp;WorldSkills.<\/p>\n<p>\u200a<br \/>Zarejestruj si\u0119 teraz:<\/p>\n<p><strong><a href=\"https:\/\/worldskillspoland.org.pl\/wydarzenia\/rekrutacja-na-konkursy-regionalne-2026\/?utm_source=newsletter&amp;utm_medium=email&amp;utm_campaign=rekutacji_3\">Rejestracja<\/a><\/strong><\/p>\n<p>Nie pytaj: \u201eCzy warto?\u201d<\/p>\n<p>Zr\u00f3b pierwszy krok i&nbsp;poka\u017c, na co Ci\u0119 sta\u0107.<\/p>\n<p>\u200a<br \/>Zach\u0119camy szko\u0142y, instytucje oraz pracodawc\u00f3w do zg\u0142aszania uczestnik\u00f3w i&nbsp;wspierania m\u0142odych specjalist\u00f3w w&nbsp;ich rozwoju zawodowym.<\/p>\n<p>Niech to b\u0119dzie pocz\u0105tek drogi do mistrzostwa!<\/p>\n<p>\u00a0<\/p>\n<p>Masz pytania skontaktuj si\u0119 z&nbsp;nami, e-mail: <strong><a href=\"mailto:worldskillspoland@frse.org.pl\">worldskillspoland@frse.org.pl<\/a><\/strong><\/p>\n<p>\u00a0<\/p>\n<p>Projekt \u201ePromocja kszta\u0142cenia zawodowego poprzez krajowe i&nbsp;mi\u0119dzynarodowe konkursy umiej\u0119tno\u015bci EuroSkills i&nbsp;WorldSkills\u201d jest realizowany przy wsparciu Unii Europejskiej ze \u015brodk\u00f3w Funduszy Europejskich dla Rozwoju Spo\u0142ecznego Plus. Ca\u0142kowity koszt projektu: 29 998 320,84 PLN. Dofinansowanie projektu z&nbsp;UE: 24 754 614,36 PLN.<\/p>\n\t\t\t<\/div>\r\n\t\t<\/div>\r\n\t<\/div>\r\n<\/section>\r\n\t\t<\/div>\n\t\t\t\t<\/div>\n\t\t\t\t\t\t<\/div>\n\t\t\t\t\t<\/div>\n\t\t<\/div>\n\t\t\t\t\t\t\t\t<\/div>\n\t\t\t\t\t<\/div>\n\t\t<\/section>\n\t\t\t\t\t\t<\/div>\n\t\t\t\t\t\t<\/div>\n\t\t\t\t\t<\/div>\n\t\t","protected":false},"excerpt":{"rendered":"<p>Szansa dla kolejnych bran\u017c w\u00a0konkursach regionalnych SkillsPoland 2026 Trwaj\u0105 konkursy regionalne SkillsPoland 2026 \u2013 wyj\u0105tkowa okazja dla m\u0142odych talent\u00f3w, aby sprawdzi\u0107 swoje umiej\u0119tno\u015bci, zdoby\u0107 cenne do\u015bwiadczenie i\u00a0zrobi\u0107 krok w\u00a0stron\u0119 mistrzostwa w\u00a0swojej bran\u017cy. Fryzjerstwo | Gda\u0144sk | 26-27.05.2026 r. Piekarstwo | Pozna\u0144 | 26-27.05.2026 r. Serwis restauracyjny | Krak\u00f3w | 1 tydzie\u0144 czerwca Jak wzi\u0105\u0107 udzia\u0142? [&hellip;]<\/p>\n","protected":false},"author":209,"featured_media":156509,"comment_status":"closed","ping_status":"open","sticky":false,"template":"","format":"standard","meta":{"_monsterinsights_skip_tracking":false,"_monsterinsights_sitenote_active":false,"_monsterinsights_sitenote_note":"","_monsterinsights_sitenote_category":0},"categories":[10],"tags":[],"_links":{"self":[{"href":"https:\/\/up.lublin.pl\/foodscience\/wp-json\/wp\/v2\/posts\/157581"}],"collection":[{"href":"https:\/\/up.lublin.pl\/foodscience\/wp-json\/wp\/v2\/posts"}],"about":[{"href":"https:\/\/up.lublin.pl\/foodscience\/wp-json\/wp\/v2\/types\/post"}],"author":[{"embeddable":true,"href":"https:\/\/up.lublin.pl\/foodscience\/wp-json\/wp\/v2\/users\/209"}],"replies":[{"embeddable":true,"href":"https:\/\/up.lublin.pl\/foodscience\/wp-json\/wp\/v2\/comments?post=157581"}],"version-history":[{"count":5,"href":"https:\/\/up.lublin.pl\/foodscience\/wp-json\/wp\/v2\/posts\/157581\/revisions"}],"predecessor-version":[{"id":157635,"href":"https:\/\/up.lublin.pl\/foodscience\/wp-json\/wp\/v2\/posts\/157581\/revisions\/157635"}],"wp:featuredmedia":[{"embeddable":true,"href":"https:\/\/up.lublin.pl\/foodscience\/wp-json\/wp\/v2\/media\/156509"}],"wp:attachment":[{"href":"https:\/\/up.lublin.pl\/foodscience\/wp-json\/wp\/v2\/media?parent=157581"}],"wp:term":[{"taxonomy":"category","embeddable":true,"href":"https:\/\/up.lublin.pl\/foodscience\/wp-json\/wp\/v2\/categories?post=157581"},{"taxonomy":"post_tag","embeddable":true,"href":"https:\/\/up.lublin.pl\/foodscience\/wp-json\/wp\/v2\/tags?post=157581"}],"curies":[{"name":"wp","href":"https:\/\/api.w.org\/{rel}","templated":true}]}}