{"id":157353,"date":"2026-03-19T09:49:14","date_gmt":"2026-03-19T08:49:14","guid":{"rendered":"https:\/\/up.lublin.pl\/foodscience\/?p=157353"},"modified":"2026-04-21T11:00:15","modified_gmt":"2026-04-21T09:00:15","slug":"zajecia-kulinarno-edukacyjne-dla-uczniow-szkoly-podstawowej-nr-16-im-fryderyka-chopina-w-lublinie","status":"publish","type":"post","link":"https:\/\/up.lublin.pl\/foodscience\/zajecia-kulinarno-edukacyjne-dla-uczniow-szkoly-podstawowej-nr-16-im-fryderyka-chopina-w-lublinie\/","title":{"rendered":"Zaj\u0119cia kulinarno-edukacyjne dla uczni\u00f3w Szko\u0142y Podstawowej nr 16 im. Fryderyka Chopina w Lublinie"},"content":{"rendered":"\t\t<div data-elementor-type=\"wp-post\" data-elementor-id=\"157353\" class=\"elementor elementor-157353\" data-elementor-settings=\"[]\">\n\t\t\t\t\t\t<div class=\"elementor-inner\">\n\t\t\t\t\t\t\t<div class=\"elementor-section-wrap\">\n\t\t\t\t\t\t\t<section class=\"elementor-section elementor-top-section elementor-element elementor-element-9fe1acf elementor-section-boxed elementor-section-height-default elementor-section-height-default\" data-id=\"9fe1acf\" data-element_type=\"section\">\n\t\t\t\t\t\t<div class=\"elementor-container elementor-column-gap-default\">\n\t\t\t\t\t\t\t<div class=\"elementor-row\">\n\t\t\t\t\t<div class=\"elementor-column elementor-col-100 elementor-top-column elementor-element elementor-element-6863c11\" data-id=\"6863c11\" data-element_type=\"column\">\n\t\t\t<div class=\"elementor-column-wrap elementor-element-populated\">\n\t\t\t\t\t\t\t<div class=\"elementor-widget-wrap\">\n\t\t\t\t\t\t<div class=\"elementor-element elementor-element-d7b7035 elementor-widget elementor-widget-m5h\" data-id=\"d7b7035\" data-element_type=\"widget\" data-widget_type=\"m5h.default\">\n\t\t\t\t<div class=\"elementor-widget-container\">\n\t\t\t<section class=\"mn-m5-h mn-bg-white\">\r\n\t<div class=\"mn-grid\">\r\n\t\t<div class=\"mn-content mn-grid-12\">\r\n\t\t\t<div class=\"mn-lead\">\r\n\t\t\t\t<p class=\"mcntisselectedend\">We wtorek 17 marca 2026 r., studenci kierunku dietetyka\u00a0<b>Amelia G\u00f3ral<\/b>\u00a0i\u00a0<b>Kacper \u015amigielski<\/b>, przeprowadzili zaj\u0119cia kulinarno-edukacyjne dla uczni\u00f3w Szko\u0142y Podstawowej nr 16 im. Fryderyka Chopina w&nbsp;Lublinie. Zaj\u0119cia zosta\u0142y zorganizowane przez naszego pracownika pani\u0105<b>\u00a0mgr<\/b>\u00a0<b>Dorot\u0119 Targo\u0144sk\u0105<\/b>, a&nbsp;merytoryczny nadz\u00f3r nad przebiegiem warsztat\u00f3w sprawowa\u0142a\u00a0<b>dr Justyna Libera<\/b>\u00a0\u2013 opiekun praktykant\u00f3w.<\/p>\n<p class=\"mcntisselectedend\">Uczniowie klasy 1b mieli okazj\u0119 dowiedzie\u0107 si\u0119, jakie warto\u015bci od\u017cywcze i&nbsp;\u201esupermoce\u201d kryj\u0105 si\u0119 w&nbsp;t\u0119czowych owocach oraz warzywach. Dzieci samodzielnie przygotowa\u0142y pyszne i&nbsp;kolorowe kanapki oraz zielony koktajl z&nbsp;jarmu\u017cu i&nbsp;ananasa. Na deser uczniowie wykonali praliny migda\u0142owe bez dodatku cukru.<\/p>\n<p class=\"mcntisselectedend\">Warsztaty spotka\u0142y si\u0119 z&nbsp;du\u017cym entuzjazmem uczestnik\u00f3w i&nbsp;stanowi\u0142y doskona\u0142\u0105 okazj\u0119 do nauki poprzez zabaw\u0119. By\u0142o nie tylko smacznie, ale przede wszystkim zdrowo!<\/p>\n<p class=\"mcntisselectedend\">Tekst i&nbsp;zdj\u0119cia: J. Libera<\/p>\n<p><img loading=\"lazy\" class=\"size-full wp-image-157354 aligncenter\" src=\"https:\/\/up.lublin.pl\/foodscience\/wp-content\/uploads\/sites\/8\/2026\/03\/IMG_8954.jpeg\" alt=\"\" width=\"372\" height=\"498\" \/> <img loading=\"lazy\" class=\"size-medium wp-image-157358 aligncenter\" src=\"https:\/\/up.lublin.pl\/foodscience\/wp-content\/uploads\/sites\/8\/2026\/03\/IMG_8959.jpeg\" alt=\"\" width=\"640\" height=\"480\" \/> <img loading=\"lazy\" class=\"size-medium wp-image-157362 aligncenter\" src=\"https:\/\/up.lublin.pl\/foodscience\/wp-content\/uploads\/sites\/8\/2026\/03\/IMG_8960.jpeg\" alt=\"\" width=\"354\" height=\"437\" \/> <img loading=\"lazy\" class=\"size-medium wp-image-157366 aligncenter\" src=\"https:\/\/up.lublin.pl\/foodscience\/wp-content\/uploads\/sites\/8\/2026\/03\/IMG_8962.jpeg\" alt=\"\" width=\"474\" height=\"640\" \/> <img loading=\"lazy\" class=\"size-medium wp-image-157370 aligncenter\" src=\"https:\/\/up.lublin.pl\/foodscience\/wp-content\/uploads\/sites\/8\/2026\/03\/IMG_8966.jpeg\" alt=\"\" width=\"362\" height=\"478\" \/><\/p>\n\t\t\t<\/div>\r\n\t\t<\/div>\r\n\t<\/div>\r\n<\/section>\r\n\t\t<\/div>\n\t\t\t\t<\/div>\n\t\t\t\t\t\t<\/div>\n\t\t\t\t\t<\/div>\n\t\t<\/div>\n\t\t\t\t\t\t\t\t<\/div>\n\t\t\t\t\t<\/div>\n\t\t<\/section>\n\t\t\t\t\t\t<\/div>\n\t\t\t\t\t\t<\/div>\n\t\t\t\t\t<\/div>\n\t\t","protected":false},"excerpt":{"rendered":"<p>We wtorek 17 marca 2026 r., studenci kierunku dietetyka\u00a0Amelia G\u00f3ral\u00a0i\u00a0Kacper \u015amigielski, przeprowadzili zaj\u0119cia kulinarno-edukacyjne dla uczni\u00f3w Szko\u0142y Podstawowej nr 16 im. Fryderyka Chopina w\u00a0Lublinie. Zaj\u0119cia zosta\u0142y zorganizowane przez naszego pracownika pani\u0105\u00a0mgr\u00a0Dorot\u0119 Targo\u0144sk\u0105, a\u00a0merytoryczny nadz\u00f3r nad przebiegiem warsztat\u00f3w sprawowa\u0142a\u00a0dr Justyna Libera\u00a0\u2013 opiekun praktykant\u00f3w. Uczniowie klasy 1b mieli okazj\u0119 dowiedzie\u0107 si\u0119, jakie warto\u015bci od\u017cywcze i\u00a0\u201esupermoce\u201d kryj\u0105 si\u0119 [&hellip;]<\/p>\n","protected":false},"author":209,"featured_media":157362,"comment_status":"closed","ping_status":"open","sticky":false,"template":"","format":"standard","meta":{"_monsterinsights_skip_tracking":false,"_monsterinsights_sitenote_active":false,"_monsterinsights_sitenote_note":"","_monsterinsights_sitenote_category":0},"categories":[10],"tags":[],"_links":{"self":[{"href":"https:\/\/up.lublin.pl\/foodscience\/wp-json\/wp\/v2\/posts\/157353"}],"collection":[{"href":"https:\/\/up.lublin.pl\/foodscience\/wp-json\/wp\/v2\/posts"}],"about":[{"href":"https:\/\/up.lublin.pl\/foodscience\/wp-json\/wp\/v2\/types\/post"}],"author":[{"embeddable":true,"href":"https:\/\/up.lublin.pl\/foodscience\/wp-json\/wp\/v2\/users\/209"}],"replies":[{"embeddable":true,"href":"https:\/\/up.lublin.pl\/foodscience\/wp-json\/wp\/v2\/comments?post=157353"}],"version-history":[{"count":4,"href":"https:\/\/up.lublin.pl\/foodscience\/wp-json\/wp\/v2\/posts\/157353\/revisions"}],"predecessor-version":[{"id":157646,"href":"https:\/\/up.lublin.pl\/foodscience\/wp-json\/wp\/v2\/posts\/157353\/revisions\/157646"}],"wp:featuredmedia":[{"embeddable":true,"href":"https:\/\/up.lublin.pl\/foodscience\/wp-json\/wp\/v2\/media\/157362"}],"wp:attachment":[{"href":"https:\/\/up.lublin.pl\/foodscience\/wp-json\/wp\/v2\/media?parent=157353"}],"wp:term":[{"taxonomy":"category","embeddable":true,"href":"https:\/\/up.lublin.pl\/foodscience\/wp-json\/wp\/v2\/categories?post=157353"},{"taxonomy":"post_tag","embeddable":true,"href":"https:\/\/up.lublin.pl\/foodscience\/wp-json\/wp\/v2\/tags?post=157353"}],"curies":[{"name":"wp","href":"https:\/\/api.w.org\/{rel}","templated":true}]}}