{"id":157304,"date":"2026-03-18T08:29:43","date_gmt":"2026-03-18T07:29:43","guid":{"rendered":"https:\/\/up.lublin.pl\/foodscience\/?p=157304"},"modified":"2026-04-21T10:59:20","modified_gmt":"2026-04-21T08:59:20","slug":"warsztaty-z-autoprezentacji-podczas-rozmowy-kwalifikacyjnej","status":"publish","type":"post","link":"https:\/\/up.lublin.pl\/foodscience\/warsztaty-z-autoprezentacji-podczas-rozmowy-kwalifikacyjnej\/","title":{"rendered":"Warsztaty z autoprezentacji podczas rozmowy kwalifikacyjnej"},"content":{"rendered":"\t\t<div data-elementor-type=\"wp-post\" data-elementor-id=\"157304\" class=\"elementor elementor-157304\" data-elementor-settings=\"[]\">\n\t\t\t\t\t\t<div class=\"elementor-inner\">\n\t\t\t\t\t\t\t<div class=\"elementor-section-wrap\">\n\t\t\t\t\t\t\t<section class=\"elementor-section elementor-top-section elementor-element elementor-element-7e76383 elementor-section-boxed elementor-section-height-default elementor-section-height-default\" data-id=\"7e76383\" data-element_type=\"section\">\n\t\t\t\t\t\t<div class=\"elementor-container elementor-column-gap-default\">\n\t\t\t\t\t\t\t<div class=\"elementor-row\">\n\t\t\t\t\t<div class=\"elementor-column elementor-col-100 elementor-top-column elementor-element elementor-element-1033fad\" data-id=\"1033fad\" data-element_type=\"column\">\n\t\t\t<div class=\"elementor-column-wrap elementor-element-populated\">\n\t\t\t\t\t\t\t<div class=\"elementor-widget-wrap\">\n\t\t\t\t\t\t<div class=\"elementor-element elementor-element-d0da758 elementor-widget elementor-widget-m5h\" data-id=\"d0da758\" data-element_type=\"widget\" data-widget_type=\"m5h.default\">\n\t\t\t\t<div class=\"elementor-widget-container\">\n\t\t\t<section class=\"mn-m5-h mn-bg-white\">\r\n\t<div class=\"mn-grid\">\r\n\t\t<div class=\"mn-content mn-grid-12\">\r\n\t\t\t<div class=\"mn-lead\">\r\n\t\t\t\t<p><strong>Warsztaty z&nbsp;autoprezentacji podczas rozmowy kwalifikacyjnej<\/strong><\/p>\n<p>W minionym tygodniu studenci ostatniego roku kierunku \u201etechnologia \u017cywno\u015bci i&nbsp;\u017cywienie cz\u0142owieka\u201d wzi\u0119li udzia\u0142 w&nbsp;warsztatach pt. <em>\u201eUm\u00f3wieni z&nbsp;rekruterem \u2013 i&nbsp;co dalej? Autoprezentacja na rozmowie kwalifikacyjnej\u201d<\/em>, kt\u00f3re stanowi\u0142y cenne wsparcie w&nbsp;przygotowaniu do wej\u015bcia na rynek pracy.<\/p>\n<p>Spotkanie poprowadzi\u0142y specjalistki ds. rekrutacji firmy Concentrix: Joanna Sig\u0142owa-Powro\u017aniak, Anna Hume oraz Anna Szumielewicz-Nowomiejska. Prowadz\u0105ce podzieli\u0142y si\u0119 swoim do\u015bwiadczeniem zawodowym, przedstawiaj\u0105c proces rekrutacyjny z&nbsp;perspektywy pracodawcy oraz wskazuj\u0105c, na co zwracaj\u0105 uwag\u0119 rekruterzy podczas rozm\u00f3w kwalifikacyjnych.<\/p>\n<p>W trakcie inspiruj\u0105cych warsztat\u00f3w uczestnicy mogli pozna\u0107 zasady skutecznej autoprezentacji, odpowiedniego przygotowania si\u0119 do spotkania z&nbsp;rekruterem oraz sposob\u00f3w radzenia sobie z&nbsp;tzw. trudnymi pytaniami rekrutacyjnymi. Istotnym elementem wydarzenia by\u0142a r\u00f3wnie\u017c sesja pyta\u0144 i&nbsp;odpowiedzi, kt\u00f3ra umo\u017cliwi\u0142a studentom konsultacj\u0119 indywidualnych w\u0105tpliwo\u015bci i&nbsp;uzyskanie konkretnych wskaz\u00f3wek.<\/p>\n<p>Warsztaty odby\u0142y si\u0119 w&nbsp;ramach inicjatyw wspieraj\u0105cych rozw\u00f3j zawodowy student\u00f3w, takich jak program \u201eGra o&nbsp;Karier\u0119\u201d, kt\u00f3rego celem jest budowanie przestrzeni do dialogu mi\u0119dzy studentami, doradcami zawodowymi i&nbsp;pracodawcami. Uczestnicy mieli okazj\u0119 rozwija\u0107 kompetencje przydatne w&nbsp;procesach rekrutacyjnych oraz zwi\u0119kszy\u0107 swoj\u0105 \u015bwiadomo\u015b\u0107 zawodow\u0105, co mo\u017ce u\u0142atwi\u0107 im podejmowanie \u015bwiadomych decyzji dotycz\u0105cych przysz\u0142ej kariery.<\/p>\n<p>Organizatorami wydarzenia byli przedstawiciele Biura Karier Uniwersytetu Przyrodniczego w&nbsp;Lublinie oraz Wydzia\u0142u Nauk o&nbsp;\u017bywno\u015bci i&nbsp;Biotechnologii: mgr in\u017c. Dorota Piekutowska, mgr Magdalena Bohuniuk oraz dr in\u017c. Monika Michalak-Majewska. Foto: mgr Bart\u0142omiej D\u0105browski (Biuro Informacji i&nbsp;Marketingu)<\/p>\n<p><img loading=\"lazy\" class=\"alignnone size-full wp-image-157305\" src=\"https:\/\/up.lublin.pl\/foodscience\/wp-content\/uploads\/sites\/8\/2026\/03\/DSC_9351.jpeg\" alt=\"\" width=\"1500\" height=\"1000\" \/> <img loading=\"lazy\" class=\"alignnone size-medium wp-image-157309\" src=\"https:\/\/up.lublin.pl\/foodscience\/wp-content\/uploads\/sites\/8\/2026\/03\/DSC_9353.jpeg\" alt=\"\" width=\"1280\" height=\"853\" \/> <img loading=\"lazy\" class=\"alignnone size-medium wp-image-157313\" src=\"https:\/\/up.lublin.pl\/foodscience\/wp-content\/uploads\/sites\/8\/2026\/03\/DSC_9354.jpeg\" alt=\"\" width=\"1280\" height=\"853\" \/> <img loading=\"lazy\" class=\"alignnone size-medium wp-image-157317\" src=\"https:\/\/up.lublin.pl\/foodscience\/wp-content\/uploads\/sites\/8\/2026\/03\/DSC_9374.jpeg\" alt=\"\" width=\"1280\" height=\"853\" \/> <img loading=\"lazy\" class=\"alignnone size-medium wp-image-157321\" src=\"https:\/\/up.lublin.pl\/foodscience\/wp-content\/uploads\/sites\/8\/2026\/03\/DSC_9399.jpeg\" alt=\"\" width=\"1280\" height=\"853\" \/> <img loading=\"lazy\" class=\"alignnone size-medium wp-image-157325\" src=\"https:\/\/up.lublin.pl\/foodscience\/wp-content\/uploads\/sites\/8\/2026\/03\/DSC_9401.jpeg\" alt=\"\" width=\"1280\" height=\"853\" \/> <img loading=\"lazy\" class=\"alignnone size-medium wp-image-157329\" src=\"https:\/\/up.lublin.pl\/foodscience\/wp-content\/uploads\/sites\/8\/2026\/03\/DSC_9408.jpeg\" alt=\"\" width=\"1280\" height=\"853\" \/><\/p>\n<p>\u00a0<\/p>\n\t\t\t<\/div>\r\n\t\t<\/div>\r\n\t<\/div>\r\n<\/section>\r\n\t\t<\/div>\n\t\t\t\t<\/div>\n\t\t\t\t\t\t<\/div>\n\t\t\t\t\t<\/div>\n\t\t<\/div>\n\t\t\t\t\t\t\t\t<\/div>\n\t\t\t\t\t<\/div>\n\t\t<\/section>\n\t\t\t\t\t\t<\/div>\n\t\t\t\t\t\t<\/div>\n\t\t\t\t\t<\/div>\n\t\t","protected":false},"excerpt":{"rendered":"<p>Warsztaty z\u00a0autoprezentacji podczas rozmowy kwalifikacyjnej W minionym tygodniu studenci ostatniego roku kierunku \u201etechnologia \u017cywno\u015bci i\u00a0\u017cywienie cz\u0142owieka\u201d wzi\u0119li udzia\u0142 w\u00a0warsztatach pt. \u201eUm\u00f3wieni z\u00a0rekruterem \u2013 i\u00a0co dalej? Autoprezentacja na rozmowie kwalifikacyjnej\u201d, kt\u00f3re stanowi\u0142y cenne wsparcie w\u00a0przygotowaniu do wej\u015bcia na rynek pracy. Spotkanie poprowadzi\u0142y specjalistki ds. rekrutacji firmy Concentrix: Joanna Sig\u0142owa-Powro\u017aniak, Anna Hume oraz Anna Szumielewicz-Nowomiejska. Prowadz\u0105ce podzieli\u0142y [&hellip;]<\/p>\n","protected":false},"author":209,"featured_media":157313,"comment_status":"closed","ping_status":"open","sticky":false,"template":"","format":"standard","meta":{"_monsterinsights_skip_tracking":false,"_monsterinsights_sitenote_active":false,"_monsterinsights_sitenote_note":"","_monsterinsights_sitenote_category":0},"categories":[10],"tags":[],"_links":{"self":[{"href":"https:\/\/up.lublin.pl\/foodscience\/wp-json\/wp\/v2\/posts\/157304"}],"collection":[{"href":"https:\/\/up.lublin.pl\/foodscience\/wp-json\/wp\/v2\/posts"}],"about":[{"href":"https:\/\/up.lublin.pl\/foodscience\/wp-json\/wp\/v2\/types\/post"}],"author":[{"embeddable":true,"href":"https:\/\/up.lublin.pl\/foodscience\/wp-json\/wp\/v2\/users\/209"}],"replies":[{"embeddable":true,"href":"https:\/\/up.lublin.pl\/foodscience\/wp-json\/wp\/v2\/comments?post=157304"}],"version-history":[{"count":5,"href":"https:\/\/up.lublin.pl\/foodscience\/wp-json\/wp\/v2\/posts\/157304\/revisions"}],"predecessor-version":[{"id":157639,"href":"https:\/\/up.lublin.pl\/foodscience\/wp-json\/wp\/v2\/posts\/157304\/revisions\/157639"}],"wp:featuredmedia":[{"embeddable":true,"href":"https:\/\/up.lublin.pl\/foodscience\/wp-json\/wp\/v2\/media\/157313"}],"wp:attachment":[{"href":"https:\/\/up.lublin.pl\/foodscience\/wp-json\/wp\/v2\/media?parent=157304"}],"wp:term":[{"taxonomy":"category","embeddable":true,"href":"https:\/\/up.lublin.pl\/foodscience\/wp-json\/wp\/v2\/categories?post=157304"},{"taxonomy":"post_tag","embeddable":true,"href":"https:\/\/up.lublin.pl\/foodscience\/wp-json\/wp\/v2\/tags?post=157304"}],"curies":[{"name":"wp","href":"https:\/\/api.w.org\/{rel}","templated":true}]}}