{"id":157263,"date":"2026-03-16T14:56:23","date_gmt":"2026-03-16T13:56:23","guid":{"rendered":"https:\/\/up.lublin.pl\/foodscience\/?p=157263"},"modified":"2026-04-21T10:58:59","modified_gmt":"2026-04-21T08:58:59","slug":"dzien-biotechnologa-2026","status":"publish","type":"post","link":"https:\/\/up.lublin.pl\/foodscience\/dzien-biotechnologa-2026\/","title":{"rendered":"Dzie\u0144 Biotechnologa 2026"},"content":{"rendered":"\t\t<div data-elementor-type=\"wp-post\" data-elementor-id=\"157263\" class=\"elementor elementor-157263\" data-elementor-settings=\"[]\">\n\t\t\t\t\t\t<div class=\"elementor-inner\">\n\t\t\t\t\t\t\t<div class=\"elementor-section-wrap\">\n\t\t\t\t\t\t\t<section class=\"elementor-section elementor-top-section elementor-element elementor-element-ef210ad elementor-section-boxed elementor-section-height-default elementor-section-height-default\" data-id=\"ef210ad\" data-element_type=\"section\">\n\t\t\t\t\t\t<div class=\"elementor-container elementor-column-gap-default\">\n\t\t\t\t\t\t\t<div class=\"elementor-row\">\n\t\t\t\t\t<div class=\"elementor-column elementor-col-100 elementor-top-column elementor-element elementor-element-6a23097\" data-id=\"6a23097\" data-element_type=\"column\">\n\t\t\t<div class=\"elementor-column-wrap elementor-element-populated\">\n\t\t\t\t\t\t\t<div class=\"elementor-widget-wrap\">\n\t\t\t\t\t\t<div class=\"elementor-element elementor-element-65a611d elementor-widget elementor-widget-m5h\" data-id=\"65a611d\" data-element_type=\"widget\" data-widget_type=\"m5h.default\">\n\t\t\t\t<div class=\"elementor-widget-container\">\n\t\t\t<section class=\"mn-m5-h mn-bg-white\">\r\n\t<div class=\"mn-grid\">\r\n\t\t<div class=\"mn-content mn-grid-12\">\r\n\t\t\t<div class=\"mn-lead\">\r\n\t\t\t\t<p><strong>Dzie\u0144 Biotechnologa 2026<\/strong><\/p>\n<p><strong>\u00a0<\/strong>Ju\u017c 24 marca 2026 roku w&nbsp;godzinach 9:00-15:00 na Wydziale Nauk o&nbsp;\u017bywno\u015bci i&nbsp;Biotechnologii Uniwersytetu Przyrodniczego w&nbsp;Lublinie odb\u0119dzie si\u0119 \u201cDzie\u0144 Biotechnologa\u201d.<\/p>\n<p>Wydarzenie b\u0119dzie okazj\u0105 do poznania biotechnologii nie tylko od strony naukowej, ale tak\u017ce praktycznej i&nbsp;zawodowej. W&nbsp;programie przewidziane s\u0105 wyst\u0105pienia przedstawicieli firm zwi\u0105zanych z&nbsp;biotechnologi\u0105, farmacj\u0105 oraz diagnostyk\u0105, w&nbsp;tym QIAGEN Polska Sp. z&nbsp;o.o., Synthaverse S.A., Establo Pharma Sp. z&nbsp;o.o., Stock Polska Sp. z&nbsp;o.o. oraz Margomed S.A.<\/p>\n<p>Podczas spotkania studenci kierunku Biotechnologia b\u0119d\u0105 mogli dowiedzie\u0107 si\u0119, jak wygl\u0105da praca w&nbsp;nowoczesnych firmach biotechnologicznych, jakie kompetencje s\u0105 dzi\u015b szczeg\u00f3lnie cenione na rynku oraz jakie mo\u017cliwo\u015bci rozwoju zawodowego czekaj\u0105 na absolwent\u00f3w kierunku biotechnologia.<\/p>\n<p>W programie znajd\u0105 si\u0119 r\u00f3wnie\u017c:<\/p>\n<p>\u2013 spotkania z&nbsp;doradc\u0105 zawodowym,<\/p>\n<p>\u2013 stoiska k\u00f3\u0142 naukowych, prezentuj\u0105ce dzia\u0142alno\u015b\u0107 student\u00f3w i&nbsp;ich projekty,<\/p>\n<p>\u2013 przestrze\u0144 do rozm\u00f3w, wymiany do\u015bwiadcze\u0144 i&nbsp;networkingu z&nbsp;przedstawicielami firm z&nbsp;bran\u017cy biotechnologicznej, studentami, pracownikami naukowymi i&nbsp;uczestnikami wydarzenia,<\/p>\n<p>\u2013 konkursy z&nbsp;nagrodami.<\/p>\n<p>R\u00f3wnolegle odb\u0119d\u0105 si\u0119 warsztaty dla uczni\u00f3w klas licealnych, w&nbsp;ramach kt\u00f3rych uczestnicy zapoznaj\u0105 si\u0119 z&nbsp;dzia\u0142alno\u015bci\u0105 Wydzia\u0142u Nauk o&nbsp;\u017bywno\u015bci i&nbsp;Biotechnologii oraz wezm\u0105 udzia\u0142 w&nbsp;zaplanowanych dla nich eksperymentach naukowych. Zaj\u0119cia i&nbsp;do\u015bwiadczenia zostan\u0105 przygotowane przez Katedr\u0119 Biotechnologii, Mikrobiologii i&nbsp;\u017bywienia Cz\u0142owieka oraz Katedr\u0119 Biochemii i&nbsp;Chemii \u017bywno\u015bci Uniwersytetu Przyrodniczego w&nbsp;Lublinie.<\/p>\n<p>G\u0142\u00f3wnymi organizatorami wydarzenia s\u0105 dr in\u017c. Hubert Szczerba oraz dr in\u017c. Elwira Komo\u0144-Janczara.<\/p>\n<p><strong>Wydarzenie zostanie sfinansowane w&nbsp;ramach projektu \u201eNEVER GIVE UP!\u201d, nr projektu FERS.01.05-IP.08-0053\/25 (Fundusze Europejskie dla Rozwoju Spo\u0142ecznego 2021\u20142027)<\/strong><\/p>\n<p><img loading=\"lazy\" class=\"alignnone size-full wp-image-157264\" src=\"https:\/\/up.lublin.pl\/foodscience\/wp-content\/uploads\/sites\/8\/2026\/03\/1-1.png\" alt=\"\" width=\"1587\" height=\"2245\" \/><\/p>\n<p><img loading=\"lazy\" class=\"alignnone size-full wp-image-157268 aligncenter\" src=\"https:\/\/up.lublin.pl\/foodscience\/wp-content\/uploads\/sites\/8\/2026\/03\/2-2.png\" alt=\"\" width=\"1587\" height=\"2245\" \/><\/p>\n\t\t\t<\/div>\r\n\t\t<\/div>\r\n\t<\/div>\r\n<\/section>\r\n\t\t<\/div>\n\t\t\t\t<\/div>\n\t\t\t\t\t\t<\/div>\n\t\t\t\t\t<\/div>\n\t\t<\/div>\n\t\t\t\t\t\t\t\t<\/div>\n\t\t\t\t\t<\/div>\n\t\t<\/section>\n\t\t\t\t\t\t<\/div>\n\t\t\t\t\t\t<\/div>\n\t\t\t\t\t<\/div>\n\t\t","protected":false},"excerpt":{"rendered":"<p>Dzie\u0144 Biotechnologa 2026 \u00a0Ju\u017c 24 marca 2026 roku w\u00a0godzinach 9:00-15:00 na Wydziale Nauk o\u00a0\u017bywno\u015bci i\u00a0Biotechnologii Uniwersytetu Przyrodniczego w\u00a0Lublinie odb\u0119dzie si\u0119 \u201cDzie\u0144 Biotechnologa\u201d. Wydarzenie b\u0119dzie okazj\u0105 do poznania biotechnologii nie tylko od strony naukowej, ale tak\u017ce praktycznej i\u00a0zawodowej. W\u00a0programie przewidziane s\u0105 wyst\u0105pienia przedstawicieli firm zwi\u0105zanych z\u00a0biotechnologi\u0105, farmacj\u0105 oraz diagnostyk\u0105, w\u00a0tym QIAGEN Polska Sp. z\u00a0o.o., Synthaverse S.A., [&hellip;]<\/p>\n","protected":false},"author":209,"featured_media":157264,"comment_status":"closed","ping_status":"open","sticky":false,"template":"","format":"standard","meta":{"_monsterinsights_skip_tracking":false,"_monsterinsights_sitenote_active":false,"_monsterinsights_sitenote_note":"","_monsterinsights_sitenote_category":0},"categories":[10],"tags":[],"_links":{"self":[{"href":"https:\/\/up.lublin.pl\/foodscience\/wp-json\/wp\/v2\/posts\/157263"}],"collection":[{"href":"https:\/\/up.lublin.pl\/foodscience\/wp-json\/wp\/v2\/posts"}],"about":[{"href":"https:\/\/up.lublin.pl\/foodscience\/wp-json\/wp\/v2\/types\/post"}],"author":[{"embeddable":true,"href":"https:\/\/up.lublin.pl\/foodscience\/wp-json\/wp\/v2\/users\/209"}],"replies":[{"embeddable":true,"href":"https:\/\/up.lublin.pl\/foodscience\/wp-json\/wp\/v2\/comments?post=157263"}],"version-history":[{"count":5,"href":"https:\/\/up.lublin.pl\/foodscience\/wp-json\/wp\/v2\/posts\/157263\/revisions"}],"predecessor-version":[{"id":157636,"href":"https:\/\/up.lublin.pl\/foodscience\/wp-json\/wp\/v2\/posts\/157263\/revisions\/157636"}],"wp:featuredmedia":[{"embeddable":true,"href":"https:\/\/up.lublin.pl\/foodscience\/wp-json\/wp\/v2\/media\/157264"}],"wp:attachment":[{"href":"https:\/\/up.lublin.pl\/foodscience\/wp-json\/wp\/v2\/media?parent=157263"}],"wp:term":[{"taxonomy":"category","embeddable":true,"href":"https:\/\/up.lublin.pl\/foodscience\/wp-json\/wp\/v2\/categories?post=157263"},{"taxonomy":"post_tag","embeddable":true,"href":"https:\/\/up.lublin.pl\/foodscience\/wp-json\/wp\/v2\/tags?post=157263"}],"curies":[{"name":"wp","href":"https:\/\/api.w.org\/{rel}","templated":true}]}}