{"id":532193,"date":"2026-03-13T10:59:19","date_gmt":"2026-03-13T09:59:19","guid":{"rendered":"https:\/\/up.lublin.pl\/?p=532193"},"modified":"2026-03-13T11:23:42","modified_gmt":"2026-03-13T10:23:42","slug":"specialist-in-agricultural-and-food-engineering-in-the-context-of-green-and-digital-transformation-twin-transition","status":"publish","type":"post","link":"https:\/\/up.lublin.pl\/en\/blog\/specialist-in-agricultural-and-food-engineering-in-the-context-of-green-and-digital-transformation-twin-transition\/","title":{"rendered":"Specialist in Agricultural and Food Engineering in the Context of Green and Digital Transformation (Twin Transition)"},"content":{"rendered":"\t\t<div data-elementor-type=\"wp-post\" data-elementor-id=\"532193\" class=\"elementor elementor-532193\" data-elementor-settings=\"[]\">\n\t\t\t\t\t\t<div class=\"elementor-inner\">\n\t\t\t\t\t\t\t<div class=\"elementor-section-wrap\">\n\t\t\t\t\t\t\t<section class=\"elementor-section elementor-top-section elementor-element elementor-element-c90553f elementor-section-boxed elementor-section-height-default elementor-section-height-default\" data-id=\"c90553f\" data-element_type=\"section\">\n\t\t\t\t\t\t<div class=\"elementor-container elementor-column-gap-default\">\n\t\t\t\t\t\t\t<div class=\"elementor-row\">\n\t\t\t\t\t<div class=\"elementor-column elementor-col-100 elementor-top-column elementor-element elementor-element-586ef7f\" data-id=\"586ef7f\" data-element_type=\"column\">\n\t\t\t<div class=\"elementor-column-wrap elementor-element-populated\">\n\t\t\t\t\t\t\t<div class=\"elementor-widget-wrap\">\n\t\t\t\t\t\t<div class=\"elementor-element elementor-element-e3cc1da elementor-widget elementor-widget-m5c\" data-id=\"e3cc1da\" data-element_type=\"widget\" data-widget_type=\"m5c.default\">\n\t\t\t\t<div class=\"elementor-widget-container\">\n\t\t\t<section class=\"mn-m5-c mn-m5-d2 mn-bg-white\">\n\t<div class=\"mn-grid\">\n\t\t\t\t<div class=\"mn-content mn-grid-9\">\n\t\t\t                <div class=\"mn-content-block active\">\n\t                                                        <div class=\"block-text\">\n\t                                        <h2>Specialist in Agricultural and Food Engineering in the Context of Green and Digital Transformation (Twin Transition)<\/h2>\n<p><strong>Join the Future of Agri\u2011Food Innovation!<\/strong><\/p>\n<p>A 60\u2011hour international intensive programme combining modern agriculture, innovative food processing, and the challenges of the green &amp; digital transformation.<\/p>\n<p>Gain hands\u2011on skills in precision farming, renewable energy, food quality, circular economy, and digital data analysis\u2014all essential for tomorrow\u2019s sustainable agri\u2011food sector<\/p>\n<p>\u00a0<\/p>\n<p><strong>Who is it for?<\/strong><\/p>\n<ul>\n<li>Students in the last two semesters of first-cycle (Bachelor\u2019s) studies, second-cycle (Master\u2019s) studies, or the last two semesters of long-cycle Master\u2019s studies<\/li>\n<li>PhD students<\/li>\n<li>Academic staff holding at least a&nbsp;PhD degree<\/li>\n<\/ul>\n<p>\u00a0<\/p>\n<p><em>For registration information please refer to the below poster.<\/em><\/p>\n<p><img loading=\"lazy\" class=\"alignnone size-full wp-image-532224 aligncenter\" src=\"https:\/\/up.lublin.pl\/wp-content\/uploads\/2026\/03\/Zrzut-ekranu-2026-03-13-105715.png\" alt=\"img\" width=\"527\" height=\"743\" \/><\/p>\n<p>\u00a0<\/p>\n<p><strong>Szanowni Pa\u0144stwo,<br \/><\/strong><strong>Studenci, Doktoranci, Pracownicy Uniwersytetu Przyrodniczego w&nbsp;Lublinie!!!<\/strong><\/p>\n<p><strong>Zapraszamy do udzia\u0142u w&nbsp;kursie<\/strong>\u00a0\u201c<strong>Specialist in Agricultural and Food Engineering in the Context of Green and Digital Transformation (Twin Transition)\u201d.<\/strong><\/p>\n<p><img loading=\"lazy\" class=\"alignnone size-full wp-image-532199\" src=\"https:\/\/up.lublin.pl\/wp-content\/uploads\/2026\/03\/2026-post-LinkedIn.jpg\" alt=\"ilustracja\" width=\"1200\" height=\"1200\" \/><\/p>\n<p>Kurs w&nbsp;wymiarze 60 godz. dydaktycznych jest skierowany do os\u00f3b zainteresowanych <strong>praktycznymi aspektami zielonej i&nbsp;cyfrowej transformacji<\/strong>\u00a0w\u00a0rolnictwie oraz przemy\u015ble spo\u017cywczym.<\/p>\n<p><strong>Termin realizacji kursu:\u00a0<u>18-29 maj 2026 r. stacjonarnie<\/u> w&nbsp;Uniwersytecie Przyrodniczym w\u00a0Lublinie.<\/strong><\/p>\n<p>\u00a0<\/p>\n<p>Dzia\u0142ania te realizowane s\u0105 w&nbsp;ramach programu NAWA Spinaker, kt\u00f3ry\u00a0 jest finansowany ze \u015brodk\u00f3w Funduszu Europejskiego dla Rozwoju Spo\u0142ecznego 2021-2027 (FERS) w&nbsp;ramach projektu NAWA pn. \u201eWsparcie tworzenia i&nbsp;realizacji mi\u0119dzynarodowych program\u00f3w kszta\u0142cenia\u201d, nr projektu FERS.01.05-IP.08-0436\/23.<\/p>\n<p>Uczestnikiem Projektu mo\u017ce by\u0107 osoba, pos\u0142uguj\u0105ca si\u0119 j\u0119zykiem angielskim na poziomie co najmniej B2 oraz posiadaj\u0105ca status:<\/p>\n<ol>\n<li><strong>a) studenta<\/strong><strong>dw\u00f3ch ostatnich semestr\u00f3w studi\u00f3w I\u00a0stopnia, studi\u00f3w II stopnia lub dw\u00f3ch ostatnich semestr\u00f3w studi\u00f3w jednolitych magisterskich,<\/strong>w\u00a0tym:<\/li>\n<\/ol>\n<p>\u2013 studenta UPL,<br \/>\u2013 studenta europejskiej instytucji szkolnictwa wy\u017cszego i\u00a0nauki,<\/p>\n<ol>\n<li><strong>b) doktoranta, w\u00a0tym:<\/strong><\/li>\n<\/ol>\n<p>\u2013 doktoranta UPL,<br \/>\u2013 doktoranta europejskiej instytucji szkolnictwa wy\u017cszego i\u00a0nauki,<\/p>\n<ol>\n<li><strong>c) nauczyciela akademickiego<\/strong>,\u00a0<strong>posiadaj\u0105cego co najmniej stopie\u0144 naukowy doktora<\/strong>, zatrudnionego na stanowisku badawczym, badawczo-dydaktycznym lub analogicznym stanowisku w\u00a0instytucji zagranicznej, w\u00a0tym:<\/li>\n<\/ol>\n<p>\u2013 nauczyciela akademickiego zatrudnionego w\u00a0UPL,<br \/>\u2013 nauczyciela akademickiego zatrudnionego w\u00a0europejskiej instytucji szkolnictwa wy\u017cszego i\u00a0nauki.<\/p>\n<p>Do udzia\u0142u w&nbsp;Projekcie kwalifikowani b\u0119d\u0105 kandydaci w&nbsp;kolejno\u015bci z&nbsp;danej listy rankingowej, zaczynaj\u0105c od najwi\u0119kszej liczby uzyskanych punkt\u00f3w, do wyczerpania dost\u0119pnej liczby miejsc w&nbsp;danej grupie Uczestnik\u00f3w Projektu, to jest:\u00a0 \u2022 10 student\u00f3w zagranicznych, \u2022 4 student\u00f3w krajowych, \u2022 10 doktorant\u00f3w zagranicznych, \u2022 4 doktorant\u00f3w krajowych, \u2022 10 zagranicznych pracownik\u00f3w naukowych, \u2022 2 krajowych pracownik\u00f3w naukowych.<strong>\u00a0<\/strong><\/p>\n<p><strong>Rekrutacja:\u00a0<\/strong><strong>trwa do 29 marca 2026 r.<\/strong><\/p>\n<p><a href=\"https:\/\/forms.office.com\/e\/UcQMBB0hru?origin=lprLink\"><strong>Formularz rejestracyjny<\/strong><\/a><\/p>\n<p>Szczeg\u00f3\u0142owe informacje dotycz\u0105ce programu, organizacji zaj\u0119\u0107 oraz zasad rekrutacji dost\u0119pne s\u0105 w\u00a0materia\u0142ach informacyjnych kursu na stronie: <a href=\"https:\/\/up.lublin.pl\/specagrfoodeng\/\">https:\/\/up.lublin.pl\/specagrfoodeng\/<\/a><\/p>\n                                        <\/div>\n\t\t\t\t\t\t                                <\/div>\n\t\t\t\t                <div class=\"mn-content-block\">\n\t                                <\/div>\n\t\t\t\t                <div class=\"mn-content-block\">\n\t                                <\/div>\n\t\t\t\t                <div class=\"mn-content-block\">\n\t                                <\/div>\n\t\t\t\t                <div class=\"mn-content-block\">\n\t                                <\/div>\n\t\t\t\t                <div class=\"mn-content-block\">\n\t                                <\/div>\n\t\t\t\t                <div class=\"mn-content-block\">\n\t                                <\/div>\n\t\t\t\t                <div class=\"mn-content-block\">\n\t                                <\/div>\n\t\t\t\t                <div class=\"mn-content-block\">\n\t                                <\/div>\n\t\t\t\t                <div class=\"mn-content-block\">\n\t                                <\/div>\n\t\t\t\t                <div class=\"mn-content-block\">\n\t                                <\/div>\n\t\t\t\t                <div class=\"mn-content-block\">\n\t                                <\/div>\n\t\t\t\t                <div class=\"mn-content-block\">\n\t                                <\/div>\n\t\t\t\t                <div class=\"mn-content-block\">\n\t                                <\/div>\n\t\t\t\t                <div class=\"mn-content-block\">\n\t                                <\/div>\n\t\t\t\t                <div class=\"mn-content-block\">\n\t                                <\/div>\n\t\t\t\t                <div class=\"mn-content-block\">\n\t                                <\/div>\n\t\t\t\t                <div class=\"mn-content-block\">\n\t                                <\/div>\n\t\t\t\t                <div class=\"mn-content-block\">\n\t                                <\/div>\n\t\t\t\t                <div class=\"mn-content-block\">\n\t                                <\/div>\n\t\t\t\t\t\t<\/div>\n\t<\/div>\n<\/section>\n\t\t<\/div>\n\t\t\t\t<\/div>\n\t\t\t\t\t\t<\/div>\n\t\t\t\t\t<\/div>\n\t\t<\/div>\n\t\t\t\t\t\t\t\t<\/div>\n\t\t\t\t\t<\/div>\n\t\t<\/section>\n\t\t\t\t\t\t<\/div>\n\t\t\t\t\t\t<\/div>\n\t\t\t\t\t<\/div>\n\t\t","protected":false},"excerpt":{"rendered":"<p>Specialist in Agricultural and Food Engineering in the Context of Green and Digital Transformation (Twin Transition) Join the Future of Agri\u2011Food Innovation! A 60\u2011hour international intensive programme combining modern agriculture, innovative food processing, and the challenges of the green &amp; digital transformation. Gain hands\u2011on skills in precision farming, renewable energy, food quality, circular economy, and [&hellip;]<\/p>\n","protected":false},"author":228,"featured_media":532194,"comment_status":"closed","ping_status":"closed","sticky":false,"template":"elementor_header_footer","format":"standard","meta":{"_monsterinsights_skip_tracking":false,"_monsterinsights_sitenote_active":false,"_monsterinsights_sitenote_note":"","_monsterinsights_sitenote_category":0},"categories":[5704,199],"tags":[],"_links":{"self":[{"href":"https:\/\/up.lublin.pl\/en\/wp-json\/wp\/v2\/posts\/532193"}],"collection":[{"href":"https:\/\/up.lublin.pl\/en\/wp-json\/wp\/v2\/posts"}],"about":[{"href":"https:\/\/up.lublin.pl\/en\/wp-json\/wp\/v2\/types\/post"}],"author":[{"embeddable":true,"href":"https:\/\/up.lublin.pl\/en\/wp-json\/wp\/v2\/users\/228"}],"replies":[{"embeddable":true,"href":"https:\/\/up.lublin.pl\/en\/wp-json\/wp\/v2\/comments?post=532193"}],"version-history":[{"count":10,"href":"https:\/\/up.lublin.pl\/en\/wp-json\/wp\/v2\/posts\/532193\/revisions"}],"predecessor-version":[{"id":532248,"href":"https:\/\/up.lublin.pl\/en\/wp-json\/wp\/v2\/posts\/532193\/revisions\/532248"}],"wp:featuredmedia":[{"embeddable":true,"href":"https:\/\/up.lublin.pl\/en\/wp-json\/wp\/v2\/media\/532194"}],"wp:attachment":[{"href":"https:\/\/up.lublin.pl\/en\/wp-json\/wp\/v2\/media?parent=532193"}],"wp:term":[{"taxonomy":"category","embeddable":true,"href":"https:\/\/up.lublin.pl\/en\/wp-json\/wp\/v2\/categories?post=532193"},{"taxonomy":"post_tag","embeddable":true,"href":"https:\/\/up.lublin.pl\/en\/wp-json\/wp\/v2\/tags?post=532193"}],"curies":[{"name":"wp","href":"https:\/\/api.w.org\/{rel}","templated":true}]}}