{"id":452125,"date":"2025-01-13T09:38:09","date_gmt":"2025-01-13T08:38:09","guid":{"rendered":"https:\/\/up.lublin.pl\/?p=452125"},"modified":"2025-02-28T10:47:40","modified_gmt":"2025-02-28T09:47:40","slug":"the-new-university-council-has-begun-its-work","status":"publish","type":"post","link":"https:\/\/up.lublin.pl\/en\/blog\/the-new-university-council-has-begun-its-work\/","title":{"rendered":"The new University Council has begun its work!"},"content":{"rendered":"\t\t<div data-elementor-type=\"wp-post\" data-elementor-id=\"452125\" class=\"elementor elementor-452125\" data-elementor-settings=\"[]\">\n\t\t\t\t\t\t<div class=\"elementor-inner\">\n\t\t\t\t\t\t\t<div class=\"elementor-section-wrap\">\n\t\t\t\t\t\t\t<section class=\"elementor-section elementor-top-section elementor-element elementor-element-833bfa4 elementor-section-boxed elementor-section-height-default elementor-section-height-default\" data-id=\"833bfa4\" data-element_type=\"section\">\n\t\t\t\t\t\t<div class=\"elementor-container elementor-column-gap-default\">\n\t\t\t\t\t\t\t<div class=\"elementor-row\">\n\t\t\t\t\t<div class=\"elementor-column elementor-col-100 elementor-top-column elementor-element elementor-element-b1269bc\" data-id=\"b1269bc\" data-element_type=\"column\">\n\t\t\t<div class=\"elementor-column-wrap elementor-element-populated\">\n\t\t\t\t\t\t\t<div class=\"elementor-widget-wrap\">\n\t\t\t\t\t\t<div class=\"elementor-element elementor-element-84f3d62 elementor-widget elementor-widget-m5c\" data-id=\"84f3d62\" data-element_type=\"widget\" data-widget_type=\"m5c.default\">\n\t\t\t\t<div class=\"elementor-widget-container\">\n\t\t\t<section class=\"mn-m5-c mn-m5-d2 mn-bg-white\">\n\t<div class=\"mn-grid\">\n\t\t\t\t<div class=\"mn-content mn-grid-9\">\n\t\t\t                <div class=\"mn-content-block active\">\n\t                                                        <div class=\"block-text\">\n\t                                        <h2>The new University Council has begun its work!<\/h2>\n<p><strong>The first session of the new University Council, which began its term of office on the first day of the new year, was held on 10 January 2025.<\/strong><\/p>\n<p><a href=\"https:\/\/up.lublin.pl\/wp-content\/uploads\/2025\/01\/DSC_5566.jpg\"><img loading=\"lazy\" class=\"aligncenter\" src=\"https:\/\/up.lublin.pl\/wp-content\/uploads\/2025\/01\/DSC_5566.jpg\" alt=\"\" width=\"1500\" height=\"1000\" \/><\/a><\/p>\n<p><strong>The University Council consists of:<\/strong><\/p>\n<p><strong>Chairman:<\/strong><\/p>\n<p>Wojciech Lipi\u0144ski, PhD, DSc, ProfTit<\/p>\n<p><strong>Members:<\/strong><\/p>\n<p>Agnieszka G\u0105sior-Mazur, MA<br \/>Marek Kochaniec, M.Sc.<br \/>Miros\u0142aw Kasprzak, MA<br \/>Magdalena Kap\u0142an, PhD, DSc, Associate Professor<br \/>Grzegorz Zi\u0119ba, PhD, DSc, ProfTit<\/p>\n<p>Maria Krawczyk, President of Student Self-Government<\/p>\n<p><strong>With advisory vote:<\/strong><\/p>\n<p>Krzysztof Tomczuk, PhD, DSc, ProfTit, Representative of the Polish Teachers&#8217; Union<br \/>Roman Lalak, MA, \u00a0Representative of the Independent Self-Governing Trade Union Solidarno\u015b\u0107<\/p>\n<p><strong>The tasks of the University Council include:<\/strong><\/p>\n<ul>\n<li>giving its opinion on the University&#8217;s draft strategy<\/li>\n<li>giving its opinion on the draft of the Statutes<\/li>\n<li>monitoring the financial management of the University<\/li>\n<li>monitoring University management<\/li>\n<li>indicating candidates for the rector, after receiving an opinion from the Senate<\/li>\n<li>giving its opinion on the report on the implementation of the strategy of the University<\/li>\n<li>performing other tasks defined in the statutes<\/li>\n<li>giving its opinion on the material and financial plan<\/li>\n<li>approving a&nbsp;report on the implementation of the material and financial plan<\/li>\n<li>approving financial reports.<\/li>\n<\/ul>\n<p>We wish you fruitful cooperation for the development of the University of Life Sciences in Lublin!<\/p>\n<p style=\"text-align: right;\">phot. Maciej Niedzi\u00f3\u0142ka\/AaPD<\/p>\n                                        <\/div>\n\t\t\t\t\t\t                                <\/div>\n\t\t\t\t                <div class=\"mn-content-block\">\n\t                                <\/div>\n\t\t\t\t                <div class=\"mn-content-block\">\n\t                                <\/div>\n\t\t\t\t                <div class=\"mn-content-block\">\n\t                                <\/div>\n\t\t\t\t                <div class=\"mn-content-block\">\n\t                                <\/div>\n\t\t\t\t                <div class=\"mn-content-block\">\n\t                                <\/div>\n\t\t\t\t                <div class=\"mn-content-block\">\n\t                                <\/div>\n\t\t\t\t                <div class=\"mn-content-block\">\n\t                                <\/div>\n\t\t\t\t                <div class=\"mn-content-block\">\n\t                                <\/div>\n\t\t\t\t                <div class=\"mn-content-block\">\n\t                                <\/div>\n\t\t\t\t                <div class=\"mn-content-block\">\n\t                                <\/div>\n\t\t\t\t                <div class=\"mn-content-block\">\n\t                                <\/div>\n\t\t\t\t                <div class=\"mn-content-block\">\n\t                                <\/div>\n\t\t\t\t                <div class=\"mn-content-block\">\n\t                                <\/div>\n\t\t\t\t                <div class=\"mn-content-block\">\n\t                                <\/div>\n\t\t\t\t                <div class=\"mn-content-block\">\n\t                                <\/div>\n\t\t\t\t                <div class=\"mn-content-block\">\n\t                                <\/div>\n\t\t\t\t                <div class=\"mn-content-block\">\n\t                                <\/div>\n\t\t\t\t                <div class=\"mn-content-block\">\n\t                                <\/div>\n\t\t\t\t                <div class=\"mn-content-block\">\n\t                                <\/div>\n\t\t\t\t\t\t<\/div>\n\t<\/div>\n<\/section>\n\t\t<\/div>\n\t\t\t\t<\/div>\n\t\t\t\t\t\t<\/div>\n\t\t\t\t\t<\/div>\n\t\t<\/div>\n\t\t\t\t\t\t\t\t<\/div>\n\t\t\t\t\t<\/div>\n\t\t<\/section>\n\t\t\t\t\t\t<\/div>\n\t\t\t\t\t\t<\/div>\n\t\t\t\t\t<\/div>\n\t\t","protected":false},"excerpt":{"rendered":"<p>The new University Council has begun its work! The first session of the new University Council, which began its term of office on the first day of the new year, was held on 10 January 2025. The University Council consists of: Chairman: Wojciech Lipi\u0144ski, PhD, DSc, ProfTit Members: Agnieszka G\u0105sior-Mazur, MAMarek Kochaniec, M.Sc.Miros\u0142aw Kasprzak, MAMagdalena [&hellip;]<\/p>\n","protected":false},"author":30,"featured_media":452008,"comment_status":"closed","ping_status":"closed","sticky":false,"template":"elementor_header_footer","format":"standard","meta":{"_monsterinsights_skip_tracking":false,"_monsterinsights_sitenote_active":false,"_monsterinsights_sitenote_note":"","_monsterinsights_sitenote_category":0},"categories":[5704,199],"tags":[],"_links":{"self":[{"href":"https:\/\/up.lublin.pl\/en\/wp-json\/wp\/v2\/posts\/452125"}],"collection":[{"href":"https:\/\/up.lublin.pl\/en\/wp-json\/wp\/v2\/posts"}],"about":[{"href":"https:\/\/up.lublin.pl\/en\/wp-json\/wp\/v2\/types\/post"}],"author":[{"embeddable":true,"href":"https:\/\/up.lublin.pl\/en\/wp-json\/wp\/v2\/users\/30"}],"replies":[{"embeddable":true,"href":"https:\/\/up.lublin.pl\/en\/wp-json\/wp\/v2\/comments?post=452125"}],"version-history":[{"count":8,"href":"https:\/\/up.lublin.pl\/en\/wp-json\/wp\/v2\/posts\/452125\/revisions"}],"predecessor-version":[{"id":461478,"href":"https:\/\/up.lublin.pl\/en\/wp-json\/wp\/v2\/posts\/452125\/revisions\/461478"}],"wp:featuredmedia":[{"embeddable":true,"href":"https:\/\/up.lublin.pl\/en\/wp-json\/wp\/v2\/media\/452008"}],"wp:attachment":[{"href":"https:\/\/up.lublin.pl\/en\/wp-json\/wp\/v2\/media?parent=452125"}],"wp:term":[{"taxonomy":"category","embeddable":true,"href":"https:\/\/up.lublin.pl\/en\/wp-json\/wp\/v2\/categories?post=452125"},{"taxonomy":"post_tag","embeddable":true,"href":"https:\/\/up.lublin.pl\/en\/wp-json\/wp\/v2\/tags?post=452125"}],"curies":[{"name":"wp","href":"https:\/\/api.w.org\/{rel}","templated":true}]}}