{"id":411463,"date":"2024-05-09T12:17:06","date_gmt":"2024-05-09T10:17:06","guid":{"rendered":"https:\/\/up.lublin.pl\/blog\/msc-anna-krajewska-and-msc-robert-waraczewski-slovak-university-of-agriculture\/"},"modified":"2024-05-09T12:19:06","modified_gmt":"2024-05-09T10:19:06","slug":"msc-anna-krajewska-and-msc-robert-waraczewski-slovak-university-of-agriculture","status":"publish","type":"post","link":"https:\/\/up.lublin.pl\/en\/blog\/msc-anna-krajewska-and-msc-robert-waraczewski-slovak-university-of-agriculture\/","title":{"rendered":"MSc Anna Krajewska and MSc Robert Waraczewski, Slovak University of Agriculture"},"content":{"rendered":"\t\t<div data-elementor-type=\"wp-post\" data-elementor-id=\"411463\" class=\"elementor elementor-411463 elementor-411422\" data-elementor-settings=\"[]\">\n\t\t\t\t\t\t<div class=\"elementor-inner\">\n\t\t\t\t\t\t\t<div class=\"elementor-section-wrap\">\n\t\t\t\t\t\t\t<section class=\"elementor-section elementor-top-section elementor-element elementor-element-2e14e4a elementor-section-boxed elementor-section-height-default elementor-section-height-default\" data-id=\"2e14e4a\" data-element_type=\"section\">\n\t\t\t\t\t\t<div class=\"elementor-container elementor-column-gap-default\">\n\t\t\t\t\t\t\t<div class=\"elementor-row\">\n\t\t\t\t\t<div class=\"elementor-column elementor-col-100 elementor-top-column elementor-element elementor-element-f4ffe42\" data-id=\"f4ffe42\" data-element_type=\"column\">\n\t\t\t<div class=\"elementor-column-wrap elementor-element-populated\">\n\t\t\t\t\t\t\t<div class=\"elementor-widget-wrap\">\n\t\t\t\t\t\t<div class=\"elementor-element elementor-element-114cc45 elementor-widget elementor-widget-m5c\" data-id=\"114cc45\" data-element_type=\"widget\" data-widget_type=\"m5c.default\">\n\t\t\t\t<div class=\"elementor-widget-container\">\n\t\t\t<section class=\"mn-m5-c mn-m5-d2 mn-bg-white\">\n\t<div class=\"mn-grid\">\n\t\t\t\t<div class=\"mn-content mn-grid-9\">\n\t\t\t                <div class=\"mn-content-block active\">\n\t                                                        <div class=\"block-text\">\n\t                                        <p><strong>From March 19th to 22nd, 2024, PhD students Anna Krajewska and Robert Waraczewski, members of the &#8220;FOOD Quality in Digital Age&#8221; project, visited the Slovak University of Agriculture (SUA) in Nitra and Pie\u0161\u0165any.<\/strong><\/p>\n<p><a href=\"https:\/\/up.lublin.pl\/wp-content\/uploads\/2024\/05\/FOOD-Quality-in-Digital-Age-network-visited-Slovakia-2024-3-.768x576.jpg\"><img loading=\"lazy\" class=\"aligncenter size-full wp-image-411448\" src=\"https:\/\/up.lublin.pl\/wp-content\/uploads\/2024\/05\/FOOD-Quality-in-Digital-Age-network-visited-Slovakia-2024-3-.768x576.jpg\" alt=\"\" width=\"768\" height=\"576\" \/><\/a><\/p>\n<p>Throughout the visit, PhD students and researchers from Poland, the Czech Republic, Slovakia, Hungary, and Serbia engaged in the fourth segment of a&nbsp;five-part training program on digital food quality assessment techniques. Tailored to their respective domains, the hosting institution provided training on the utilization of electronic eye methodology. This training was administered by experts from the AgroBioTech Research Centre and the Faculty of Biotechnology and Food Science, renowned for their proficiency in food analysis and instrumental sensory evaluation methods, including the utilization of advanced technologies such as the electronic eye.<\/p>\n<p><a href=\"https:\/\/up.lublin.pl\/wp-content\/uploads\/2024\/05\/IMG_20240320_103929.jpg\"><img loading=\"lazy\" class=\"wp-image-411432 aligncenter\" src=\"https:\/\/up.lublin.pl\/wp-content\/uploads\/2024\/05\/IMG_20240320_103929.jpg\" alt=\"\" width=\"216\" height=\"480\" \/><\/a> <a href=\"https:\/\/up.lublin.pl\/wp-content\/uploads\/2024\/05\/IMG_20240321_111459.jpg\"><img loading=\"lazy\" class=\"wp-image-411440 aligncenter\" src=\"https:\/\/up.lublin.pl\/wp-content\/uploads\/2024\/05\/IMG_20240321_111459.jpg\" alt=\"\" width=\"216\" height=\"480\" \/><\/a><\/p>\n<p>\u00a0Dr. Jana \u0160tef\u00e1nikov\u00e1, a&nbsp;distinguished expert in LC- and GC-based separation and detection devices, oversaw the training session. <\/p>\n<p><a href=\"https:\/\/up.lublin.pl\/wp-content\/uploads\/2024\/05\/IMG_20240320_102132.jpg\"><img loading=\"lazy\" class=\"aligncenter size-full wp-image-411428\" src=\"https:\/\/up.lublin.pl\/wp-content\/uploads\/2024\/05\/IMG_20240320_102132.jpg\" alt=\"\" width=\"1500\" height=\"675\" \/><\/a> <a href=\"https:\/\/up.lublin.pl\/wp-content\/uploads\/2024\/05\/IMG_20240321_105918.jpg\"><img loading=\"lazy\" class=\"aligncenter size-full wp-image-411436\" src=\"https:\/\/up.lublin.pl\/wp-content\/uploads\/2024\/05\/IMG_20240321_105918.jpg\" alt=\"\" width=\"1500\" height=\"675\" \/><\/a><\/p>\n<p>As part of the itinerary, the participants had the opportunity to tour a&nbsp;dairy plant in B\u00e1novce nad Bebravou, Slovakia, gaining insights into the production processes of pasta filata type cheeses. <\/p>\n<p><a href=\"https:\/\/up.lublin.pl\/wp-content\/uploads\/2024\/05\/FOOD-Quality-in-Digital-Age-network-visited-Slovakia-2024-15-768x576-1.jpg\"><img loading=\"lazy\" class=\"aligncenter size-full wp-image-411456\" src=\"https:\/\/up.lublin.pl\/wp-content\/uploads\/2024\/05\/FOOD-Quality-in-Digital-Age-network-visited-Slovakia-2024-15-768x576-1.jpg\" alt=\"\" width=\"768\" height=\"576\" \/><\/a> <a href=\"https:\/\/up.lublin.pl\/wp-content\/uploads\/2024\/05\/FOOD-Quality-in-Digital-Age-network-visited-Slovakia-2024-6-768x576-1.jpg\"><img loading=\"lazy\" class=\"aligncenter size-full wp-image-411452\" src=\"https:\/\/up.lublin.pl\/wp-content\/uploads\/2024\/05\/FOOD-Quality-in-Digital-Age-network-visited-Slovakia-2024-6-768x576-1.jpg\" alt=\"\" width=\"768\" height=\"576\" \/><\/a><\/p>\n<p>Additionally, PhD students participated in the XXI. SCIENTIFIC CONFERENCE WITH INTERNATIONAL PARTICIPATION, endorsed by the Ministry of Agriculture and Rural Development of the Slovak Republic, themed around &#8220;FOOD SAFETY AND CONTROL&#8221;. This networking session facilitated the exchange of innovative ideas and the establishment of valuable professional connections, fostering a&nbsp;collaborative environment conducive to further advancements in food quality evaluation methods.<\/p>\n<p><a href=\"https:\/\/up.lublin.pl\/wp-content\/uploads\/2024\/05\/IMG_20240321_162233.jpg\"><img loading=\"lazy\" class=\"aligncenter size-full wp-image-411444\" src=\"https:\/\/up.lublin.pl\/wp-content\/uploads\/2024\/05\/IMG_20240321_162233.jpg\" alt=\"\" width=\"1500\" height=\"675\" \/><\/a><\/p>\n                                        <\/div>\n\t\t\t\t\t\t                                <\/div>\n\t\t\t\t                <div class=\"mn-content-block\">\n\t                                <\/div>\n\t\t\t\t                <div class=\"mn-content-block\">\n\t                                <\/div>\n\t\t\t\t                <div class=\"mn-content-block\">\n\t                                <\/div>\n\t\t\t\t                <div class=\"mn-content-block\">\n\t                                <\/div>\n\t\t\t\t                <div class=\"mn-content-block\">\n\t                                <\/div>\n\t\t\t\t                <div class=\"mn-content-block\">\n\t                                <\/div>\n\t\t\t\t                <div class=\"mn-content-block\">\n\t                                <\/div>\n\t\t\t\t                <div class=\"mn-content-block\">\n\t                                <\/div>\n\t\t\t\t                <div class=\"mn-content-block\">\n\t                                <\/div>\n\t\t\t\t                <div class=\"mn-content-block\">\n\t                                <\/div>\n\t\t\t\t                <div class=\"mn-content-block\">\n\t                                <\/div>\n\t\t\t\t                <div class=\"mn-content-block\">\n\t                                <\/div>\n\t\t\t\t                <div class=\"mn-content-block\">\n\t                                <\/div>\n\t\t\t\t                <div class=\"mn-content-block\">\n\t                                <\/div>\n\t\t\t\t                <div class=\"mn-content-block\">\n\t                                <\/div>\n\t\t\t\t                <div class=\"mn-content-block\">\n\t                                <\/div>\n\t\t\t\t                <div class=\"mn-content-block\">\n\t                                <\/div>\n\t\t\t\t                <div class=\"mn-content-block\">\n\t                                <\/div>\n\t\t\t\t                <div class=\"mn-content-block\">\n\t                                <\/div>\n\t\t\t\t\t\t<\/div>\n\t<\/div>\n<\/section>\n\t\t<\/div>\n\t\t\t\t<\/div>\n\t\t\t\t\t\t<\/div>\n\t\t\t\t\t<\/div>\n\t\t<\/div>\n\t\t\t\t\t\t\t\t<\/div>\n\t\t\t\t\t<\/div>\n\t\t<\/section>\n\t\t\t\t\t\t<\/div>\n\t\t\t\t\t\t<\/div>\n\t\t\t\t\t<\/div>\n\t\t","protected":false},"excerpt":{"rendered":"<p>From March 19th to 22nd, 2024, PhD students Anna Krajewska and Robert Waraczewski, members of the &#8220;FOOD Quality in Digital Age&#8221; project, visited the Slovak University of Agriculture (SUA) in Nitra and Pie\u0161\u0165any. Throughout the visit, PhD students and researchers from Poland, the Czech Republic, Slovakia, Hungary, and Serbia engaged in the fourth segment of [&hellip;]<\/p>\n","protected":false},"author":2,"featured_media":411424,"comment_status":"closed","ping_status":"closed","sticky":false,"template":"elementor_header_footer","format":"standard","meta":{"_monsterinsights_skip_tracking":false,"_monsterinsights_sitenote_active":false,"_monsterinsights_sitenote_note":"","_monsterinsights_sitenote_category":0},"categories":[5545],"tags":[],"_links":{"self":[{"href":"https:\/\/up.lublin.pl\/en\/wp-json\/wp\/v2\/posts\/411463"}],"collection":[{"href":"https:\/\/up.lublin.pl\/en\/wp-json\/wp\/v2\/posts"}],"about":[{"href":"https:\/\/up.lublin.pl\/en\/wp-json\/wp\/v2\/types\/post"}],"author":[{"embeddable":true,"href":"https:\/\/up.lublin.pl\/en\/wp-json\/wp\/v2\/users\/2"}],"replies":[{"embeddable":true,"href":"https:\/\/up.lublin.pl\/en\/wp-json\/wp\/v2\/comments?post=411463"}],"version-history":[{"count":4,"href":"https:\/\/up.lublin.pl\/en\/wp-json\/wp\/v2\/posts\/411463\/revisions"}],"predecessor-version":[{"id":411467,"href":"https:\/\/up.lublin.pl\/en\/wp-json\/wp\/v2\/posts\/411463\/revisions\/411467"}],"wp:featuredmedia":[{"embeddable":true,"href":"https:\/\/up.lublin.pl\/en\/wp-json\/wp\/v2\/media\/411424"}],"wp:attachment":[{"href":"https:\/\/up.lublin.pl\/en\/wp-json\/wp\/v2\/media?parent=411463"}],"wp:term":[{"taxonomy":"category","embeddable":true,"href":"https:\/\/up.lublin.pl\/en\/wp-json\/wp\/v2\/categories?post=411463"},{"taxonomy":"post_tag","embeddable":true,"href":"https:\/\/up.lublin.pl\/en\/wp-json\/wp\/v2\/tags?post=411463"}],"curies":[{"name":"wp","href":"https:\/\/api.w.org\/{rel}","templated":true}]}}