{"id":375669,"date":"2023-11-09T10:46:42","date_gmt":"2023-11-09T09:46:42","guid":{"rendered":"https:\/\/up.lublin.pl\/blog\/robert-waraczewski-msc-and-anna-krajewska-msc-university-of-belgrade-serbia\/"},"modified":"2023-11-09T10:48:11","modified_gmt":"2023-11-09T09:48:11","slug":"robert-waraczewski-msc-and-anna-krajewska-msc-university-of-belgrade-serbia","status":"publish","type":"post","link":"https:\/\/up.lublin.pl\/en\/blog\/robert-waraczewski-msc-and-anna-krajewska-msc-university-of-belgrade-serbia\/","title":{"rendered":"Robert Waraczewski, MSc and Anna Krajewska, MSc, University of Belgrade (Serbia)"},"content":{"rendered":"\t\t<div data-elementor-type=\"wp-post\" data-elementor-id=\"375669\" class=\"elementor elementor-375669 elementor-375617\" data-elementor-settings=\"[]\">\n\t\t\t\t\t\t<div class=\"elementor-inner\">\n\t\t\t\t\t\t\t<div class=\"elementor-section-wrap\">\n\t\t\t\t\t\t\t<section class=\"elementor-section elementor-top-section elementor-element elementor-element-fc72228 elementor-section-boxed elementor-section-height-default elementor-section-height-default\" data-id=\"fc72228\" data-element_type=\"section\">\n\t\t\t\t\t\t<div class=\"elementor-container elementor-column-gap-default\">\n\t\t\t\t\t\t\t<div class=\"elementor-row\">\n\t\t\t\t\t<div class=\"elementor-column elementor-col-100 elementor-top-column elementor-element elementor-element-f55d58b\" data-id=\"f55d58b\" data-element_type=\"column\">\n\t\t\t<div class=\"elementor-column-wrap elementor-element-populated\">\n\t\t\t\t\t\t\t<div class=\"elementor-widget-wrap\">\n\t\t\t\t\t\t<div class=\"elementor-element elementor-element-bdf2835 elementor-widget elementor-widget-m5c\" data-id=\"bdf2835\" data-element_type=\"widget\" data-widget_type=\"m5c.default\">\n\t\t\t\t<div class=\"elementor-widget-container\">\n\t\t\t<section class=\"mn-m5-c mn-m5-d2 mn-bg-white\">\n\t<div class=\"mn-grid\">\n\t\t\t\t<div class=\"mn-content mn-grid-9\">\n\t\t\t                <div class=\"mn-content-block active\">\n\t                                                        <div class=\"block-text\">\n\t                                        <p><strong>Msc. Robert Waraczewski <br \/><\/strong><strong>Msc. Anna Krajewska<\/strong><strong> <br \/>Food Technology and Human Nutrition <br \/>University of Belgrade<\/strong><\/p>\n<p><strong>\u00a0<\/strong>On September 30, 2023 &#8211; October 4, 2023, another study trip was held as part of a&nbsp;series of meetings by the Visegrad Fund. This time, Ph.D. students M.Sc. Anna Krajewska and M.Sc. Robert Waraczewski had the pleasure of visiting the University of Belgrade. At the Institute of Meat Hygiene and Technology, under the supervision of prof. Igor Toma\u0161evi\u0107, all participants could access the color analysis system &#8211; Computer Vision System (CVS), which uses a&nbsp;digital device to obtain search results. This modern technique allows the examination of heterogeneous controls such as salami. Using a&nbsp;digital photo, the color of each component of the product can be determined and used applied as CIELab coordinates.<\/p>\n<p><a href=\"https:\/\/up.lublin.pl\/wp-content\/uploads\/2023\/11\/393207672_341403341772896_6830392328520961767_n.jpg\"><img loading=\"lazy\" class=\"aligncenter size-full wp-image-375631\" src=\"https:\/\/up.lublin.pl\/wp-content\/uploads\/2023\/11\/393207672_341403341772896_6830392328520961767_n.jpg\" alt=\"Anna Krajewska i&nbsp;Robert Warczewski pozuj\u0105 do zdj\u0119cia przy rollupie funduszu wyszehradzkiego\" width=\"1500\" height=\"2437\" \/><\/a><\/p>\n<p>During the study trip, the international scientific conference 62nd International Conference of the Meat Industry (MEATCON2023) also took place, during which many interesting speeches and posters were presented. MeatCon2023 is held at the top of Mount Kopaonik, where post-graduate students are given the opportunity to deepen their knowledge and participate in lectures throughout the day, which they have extended time for themselves by exploring the area, checking out the hotel&#8217;s spa, launch and swimming pool.<\/p>\n<p><a href=\"https:\/\/up.lublin.pl\/wp-content\/uploads\/2023\/11\/1697449097824.jpg\"><img loading=\"lazy\" class=\"aligncenter size-full wp-image-375635\" src=\"https:\/\/up.lublin.pl\/wp-content\/uploads\/2023\/11\/1697449097824.jpg\" alt=\"uczestnicy konferencji siedz\u0105 przy stole konferencyjnym i&nbsp;s\u0142uchaj\u0105 prelekcji\" width=\"1500\" height=\"1125\" \/><\/a><\/p>\n<p>Participation in the program was a&nbsp;great opportunity to meet representatives of partner universities. During the training, doctoral students exchanged doubts and concerns, while professors offered good advice and actively participated in discussions. It was a&nbsp;perfect chance to practice and put English to the test. The participants look forward to the next Visegrad Fund study visit.<\/p>\n<p><a href=\"https:\/\/up.lublin.pl\/wp-content\/uploads\/2023\/11\/1697449097948.jpg\"><img loading=\"lazy\" class=\"aligncenter size-full wp-image-375639\" src=\"https:\/\/up.lublin.pl\/wp-content\/uploads\/2023\/11\/1697449097948.jpg\" alt=\"wyst\u0119p zesp\u00f3\u0142u folklorystycznego\" width=\"1500\" height=\"1125\" \/><\/a><a href=\"https:\/\/up.lublin.pl\/wp-content\/uploads\/2023\/11\/387642200_1111450476488682_2310757390167309456_n.jpg\"><img loading=\"lazy\" class=\"aligncenter size-full wp-image-375627\" src=\"https:\/\/up.lublin.pl\/wp-content\/uploads\/2023\/11\/387642200_1111450476488682_2310757390167309456_n.jpg\" alt=\"Anna Krajewska i&nbsp;Robert Warczewski stoj\u0105 mi\u0119dzy g\u0142azami, zdj\u0119cie z&nbsp;g\u00f3ry\" width=\"1500\" height=\"1766\" \/><\/a> <a href=\"https:\/\/up.lublin.pl\/wp-content\/uploads\/2023\/11\/20231003_123009.jpg\"><img loading=\"lazy\" class=\"aligncenter size-full wp-image-375623\" src=\"https:\/\/up.lublin.pl\/wp-content\/uploads\/2023\/11\/20231003_123009.jpg\" alt=\"Anna Krajewska stoi na dw\u00f3ch g\u0142azach w\u015br\u00f3d drzew\" width=\"1496\" height=\"1938\" \/><\/a><\/p>\n                                        <\/div>\n\t\t\t\t\t\t                                <\/div>\n\t\t\t\t                <div class=\"mn-content-block\">\n\t                                <\/div>\n\t\t\t\t                <div class=\"mn-content-block\">\n\t                                <\/div>\n\t\t\t\t                <div class=\"mn-content-block\">\n\t                                <\/div>\n\t\t\t\t                <div class=\"mn-content-block\">\n\t                                <\/div>\n\t\t\t\t                <div class=\"mn-content-block\">\n\t                                <\/div>\n\t\t\t\t                <div class=\"mn-content-block\">\n\t                                <\/div>\n\t\t\t\t                <div class=\"mn-content-block\">\n\t                                <\/div>\n\t\t\t\t                <div class=\"mn-content-block\">\n\t                                <\/div>\n\t\t\t\t                <div class=\"mn-content-block\">\n\t                                <\/div>\n\t\t\t\t                <div class=\"mn-content-block\">\n\t                                <\/div>\n\t\t\t\t                <div class=\"mn-content-block\">\n\t                                <\/div>\n\t\t\t\t                <div class=\"mn-content-block\">\n\t                                <\/div>\n\t\t\t\t                <div class=\"mn-content-block\">\n\t                                <\/div>\n\t\t\t\t                <div class=\"mn-content-block\">\n\t                                <\/div>\n\t\t\t\t                <div class=\"mn-content-block\">\n\t                                <\/div>\n\t\t\t\t                <div class=\"mn-content-block\">\n\t                                <\/div>\n\t\t\t\t                <div class=\"mn-content-block\">\n\t                                <\/div>\n\t\t\t\t                <div class=\"mn-content-block\">\n\t                                <\/div>\n\t\t\t\t                <div class=\"mn-content-block\">\n\t                                <\/div>\n\t\t\t\t\t\t<\/div>\n\t<\/div>\n<\/section>\n\t\t<\/div>\n\t\t\t\t<\/div>\n\t\t\t\t\t\t<\/div>\n\t\t\t\t\t<\/div>\n\t\t<\/div>\n\t\t\t\t\t\t\t\t<\/div>\n\t\t\t\t\t<\/div>\n\t\t<\/section>\n\t\t\t\t\t\t<\/div>\n\t\t\t\t\t\t<\/div>\n\t\t\t\t\t<\/div>\n\t\t","protected":false},"excerpt":{"rendered":"<p>Msc. Robert Waraczewski Msc. Anna Krajewska Food Technology and Human Nutrition University of Belgrade \u00a0On September 30, 2023 &#8211; October 4, 2023, another study trip was held as part of a&nbsp;series of meetings by the Visegrad Fund. This time, Ph.D. students M.Sc. Anna Krajewska and M.Sc. Robert Waraczewski had the pleasure of visiting the University [&hellip;]<\/p>\n","protected":false},"author":2,"featured_media":375619,"comment_status":"closed","ping_status":"closed","sticky":false,"template":"elementor_header_footer","format":"standard","meta":{"_monsterinsights_skip_tracking":false,"_monsterinsights_sitenote_active":false,"_monsterinsights_sitenote_note":"","_monsterinsights_sitenote_category":0},"categories":[5545],"tags":[],"_links":{"self":[{"href":"https:\/\/up.lublin.pl\/en\/wp-json\/wp\/v2\/posts\/375669"}],"collection":[{"href":"https:\/\/up.lublin.pl\/en\/wp-json\/wp\/v2\/posts"}],"about":[{"href":"https:\/\/up.lublin.pl\/en\/wp-json\/wp\/v2\/types\/post"}],"author":[{"embeddable":true,"href":"https:\/\/up.lublin.pl\/en\/wp-json\/wp\/v2\/users\/2"}],"replies":[{"embeddable":true,"href":"https:\/\/up.lublin.pl\/en\/wp-json\/wp\/v2\/comments?post=375669"}],"version-history":[{"count":4,"href":"https:\/\/up.lublin.pl\/en\/wp-json\/wp\/v2\/posts\/375669\/revisions"}],"predecessor-version":[{"id":375673,"href":"https:\/\/up.lublin.pl\/en\/wp-json\/wp\/v2\/posts\/375669\/revisions\/375673"}],"wp:featuredmedia":[{"embeddable":true,"href":"https:\/\/up.lublin.pl\/en\/wp-json\/wp\/v2\/media\/375619"}],"wp:attachment":[{"href":"https:\/\/up.lublin.pl\/en\/wp-json\/wp\/v2\/media?parent=375669"}],"wp:term":[{"taxonomy":"category","embeddable":true,"href":"https:\/\/up.lublin.pl\/en\/wp-json\/wp\/v2\/categories?post=375669"},{"taxonomy":"post_tag","embeddable":true,"href":"https:\/\/up.lublin.pl\/en\/wp-json\/wp\/v2\/tags?post=375669"}],"curies":[{"name":"wp","href":"https:\/\/api.w.org\/{rel}","templated":true}]}}