{"id":363520,"date":"2023-09-12T10:17:21","date_gmt":"2023-09-12T08:17:21","guid":{"rendered":"https:\/\/up.lublin.pl\/blog\/anna-krajewska-msc-university-of-natural-resources-and-life-sciences-in-vienna-austria\/"},"modified":"2023-09-12T10:19:07","modified_gmt":"2023-09-12T08:19:07","slug":"anna-krajewska-msc-university-of-natural-resources-and-life-sciences-in-vienna-austria","status":"publish","type":"post","link":"https:\/\/up.lublin.pl\/en\/blog\/anna-krajewska-msc-university-of-natural-resources-and-life-sciences-in-vienna-austria\/","title":{"rendered":"Anna Krajewska, MSc, University of Natural Resources and Life Sciences in Vienna, Austria"},"content":{"rendered":"\t\t<div data-elementor-type=\"wp-post\" data-elementor-id=\"363520\" class=\"elementor elementor-363520 elementor-363439\" data-elementor-settings=\"[]\">\n\t\t\t\t\t\t<div class=\"elementor-inner\">\n\t\t\t\t\t\t\t<div class=\"elementor-section-wrap\">\n\t\t\t\t\t\t\t<section class=\"elementor-section elementor-top-section elementor-element elementor-element-20a9cc4 elementor-section-boxed elementor-section-height-default elementor-section-height-default\" data-id=\"20a9cc4\" data-element_type=\"section\">\n\t\t\t\t\t\t<div class=\"elementor-container elementor-column-gap-default\">\n\t\t\t\t\t\t\t<div class=\"elementor-row\">\n\t\t\t\t\t<div class=\"elementor-column elementor-col-100 elementor-top-column elementor-element elementor-element-de762e2\" data-id=\"de762e2\" data-element_type=\"column\">\n\t\t\t<div class=\"elementor-column-wrap elementor-element-populated\">\n\t\t\t\t\t\t\t<div class=\"elementor-widget-wrap\">\n\t\t\t\t\t\t<div class=\"elementor-element elementor-element-53de2d6 elementor-widget elementor-widget-m5c\" data-id=\"53de2d6\" data-element_type=\"widget\" data-widget_type=\"m5c.default\">\n\t\t\t\t<div class=\"elementor-widget-container\">\n\t\t\t<section class=\"mn-m5-c mn-m5-d2 mn-bg-white\">\n\t<div class=\"mn-grid\">\n\t\t\t\t<div class=\"mn-content mn-grid-9\">\n\t\t\t                <div class=\"mn-content-block active\">\n\t                                                        <div class=\"block-text\">\n\t                                        <p><strong>From June 19th to August 22nd, 2023, a&nbsp;doctoral student at the University of Life Sciences in Lublin, MSc Eng. Anna Krajewska, completed a&nbsp;research internship at the University of Natural Resources and Life Sciences in Vienna (BOKU) under the supervision of Prof. Regine Sch\u00f6nlechner.<br \/><\/strong><\/p>\n<p><a href=\"https:\/\/up.lublin.pl\/wp-content\/uploads\/2023\/09\/IMG_20230822_1326193.jpg\"><img loading=\"lazy\" class=\"aligncenter size-full wp-image-363513\" src=\"https:\/\/up.lublin.pl\/wp-content\/uploads\/2023\/09\/IMG_20230822_1326193.jpg\" alt=\"budynek uniwersytetu BOKU w&nbsp;Wiedniu\" width=\"1500\" height=\"746\" \/><\/a><\/p>\n<p>During her visit, the doctoral student focused on conducting research related to the issues of alternative grains in the context of gluten-free food production. The research internship provided a&nbsp;unique opportunity to become familiar with the work of the Food Technology Institute and to establish closer contact with its staff and other doctoral students.<\/p>\n<p><a href=\"https:\/\/up.lublin.pl\/wp-content\/uploads\/2023\/09\/IMG_20230623_0950232.jpg\"><img loading=\"lazy\" class=\"aligncenter size-full wp-image-363473\" src=\"https:\/\/up.lublin.pl\/wp-content\/uploads\/2023\/09\/IMG_20230623_0950232.jpg\" alt=\"szklane kolby miarowe wype\u0142nione r\u00f3\u017cnymi p\u0142ynami\" width=\"1500\" height=\"845\" \/><\/a><a href=\"https:\/\/up.lublin.pl\/wp-content\/uploads\/2023\/09\/IMG_20230626_1344302.jpg\"><img loading=\"lazy\" class=\"aligncenter size-full wp-image-363485\" src=\"https:\/\/up.lublin.pl\/wp-content\/uploads\/2023\/09\/IMG_20230626_1344302.jpg\" alt=\"kolba laboratoryjna stoi na urz\u0105dzeniu\" width=\"1500\" height=\"1171\" \/><\/a><a href=\"https:\/\/up.lublin.pl\/wp-content\/uploads\/2023\/09\/IMG_20230628_0938112.jpg\"><img loading=\"lazy\" class=\"aligncenter size-full wp-image-363489\" src=\"https:\/\/up.lublin.pl\/wp-content\/uploads\/2023\/09\/IMG_20230628_0938112.jpg\" alt=\"butelki laboratoryjne stoj\u0105 na podstawkach\" width=\"1500\" height=\"845\" \/><\/a><a href=\"https:\/\/up.lublin.pl\/wp-content\/uploads\/2023\/09\/IMG_20230626_1248583.jpg\"><img loading=\"lazy\" class=\"aligncenter size-full wp-image-363481\" src=\"https:\/\/up.lublin.pl\/wp-content\/uploads\/2023\/09\/IMG_20230626_1248583.jpg\" alt=\"cztery prob\u00f3wki z&nbsp;niewielk\u0105 ilo\u015bci\u0105 cieczy w&nbsp;\u015brodku\" width=\"1500\" height=\"885\" \/><\/a><\/p>\n<p>The visit to Vienna enabled doctoral student to establish valuable professional and personal contacts and initiate scientific cooperation. Joining the research team specializing in the physicochemical properties of sprouted oats and sorghum was a&nbsp;key element of her work. During the internship, she conducted research on the content of alpha-amylase, free amino acids, soluble sugars, fiber, protein, polyphenolic compounds, and antioxidant activity in sprouted and non-sprouted seeds. Additionally, the doctoral student engaged in assisting students with their master&#8217;s theses, which allowed her to develop her teaching skills.<\/p>\n<p><a href=\"https:\/\/up.lublin.pl\/wp-content\/uploads\/2023\/09\/IMG_20230626_1248373.jpg\"><img loading=\"lazy\" class=\"aligncenter size-full wp-image-363477\" src=\"https:\/\/up.lublin.pl\/wp-content\/uploads\/2023\/09\/IMG_20230626_1248373.jpg\" alt=\"sprz\u0119t laboratoryjny\" width=\"1500\" height=\"2089\" \/><\/a><a href=\"https:\/\/up.lublin.pl\/wp-content\/uploads\/2023\/09\/IMG_20230711_0953132.jpg\"><img loading=\"lazy\" class=\"aligncenter size-full wp-image-363501\" src=\"https:\/\/up.lublin.pl\/wp-content\/uploads\/2023\/09\/IMG_20230711_0953132.jpg\" alt=\"sprz\u0119t laboratoryjny\" width=\"1500\" height=\"1304\" \/><\/a><a href=\"https:\/\/up.lublin.pl\/wp-content\/uploads\/2023\/09\/IMG_20230811_140652_TIMEBURST277.jpg\"><img loading=\"lazy\" class=\"aligncenter size-full wp-image-363509\" src=\"https:\/\/up.lublin.pl\/wp-content\/uploads\/2023\/09\/IMG_20230811_140652_TIMEBURST277.jpg\" alt=\"mgr in\u017c. Anna Krajewska pozuje do zdj\u0119cia w&nbsp;laboratorium\" width=\"887\" height=\"1800\" \/><\/a><\/p>\n<p>Beyond the scientific aspects, this internship also provided an opportunity to explore the extraordinary cultural and architectural attractions of Vienna. The doctoral student visited many significant places such as Sch\u00f6nbrunn Palace, the Belvedere, St. Stephen&#8217;s Cathedral, the Albertina, and the Museum of Art History, enriching her experience with the beauty and history of the city.<\/p>\n<p><a href=\"https:\/\/up.lublin.pl\/wp-content\/uploads\/2023\/09\/IMG_20230630_2042242.jpg\"><img loading=\"lazy\" class=\"aligncenter size-full wp-image-363493\" src=\"https:\/\/up.lublin.pl\/wp-content\/uploads\/2023\/09\/IMG_20230630_2042242.jpg\" alt=\"historyczny budynek ko\u015bcio\u0142a w&nbsp;Wiedniu\" width=\"1500\" height=\"845\" \/><\/a> <a href=\"https:\/\/up.lublin.pl\/wp-content\/uploads\/2023\/09\/IMG_20230701_1932554.jpg\"><img loading=\"lazy\" class=\"aligncenter size-full wp-image-363497\" src=\"https:\/\/up.lublin.pl\/wp-content\/uploads\/2023\/09\/IMG_20230701_1932554.jpg\" alt=\"du\u017cy, bogat ozdobiony historyczny budynek w&nbsp;Weidniu\" width=\"1500\" height=\"750\" \/><\/a><a href=\"https:\/\/up.lublin.pl\/wp-content\/uploads\/2023\/09\/IMG_20230722_140110_TIMEBURST13.jpg\"><img loading=\"lazy\" class=\"aligncenter size-full wp-image-363505\" src=\"https:\/\/up.lublin.pl\/wp-content\/uploads\/2023\/09\/IMG_20230722_140110_TIMEBURST13.jpg\" alt=\"obraz Pablo Picasso kobieta w&nbsp;zielonym kapeluszu\" width=\"1337\" height=\"1800\" \/><\/a><\/p>\n                                        <\/div>\n\t\t\t\t\t\t                                <\/div>\n\t\t\t\t                <div class=\"mn-content-block\">\n\t                                <\/div>\n\t\t\t\t                <div class=\"mn-content-block\">\n\t                                <\/div>\n\t\t\t\t                <div class=\"mn-content-block\">\n\t                                <\/div>\n\t\t\t\t                <div class=\"mn-content-block\">\n\t                                <\/div>\n\t\t\t\t                <div class=\"mn-content-block\">\n\t                                <\/div>\n\t\t\t\t                <div class=\"mn-content-block\">\n\t                                <\/div>\n\t\t\t\t                <div class=\"mn-content-block\">\n\t                                <\/div>\n\t\t\t\t                <div class=\"mn-content-block\">\n\t                                <\/div>\n\t\t\t\t                <div class=\"mn-content-block\">\n\t                                <\/div>\n\t\t\t\t                <div class=\"mn-content-block\">\n\t                                <\/div>\n\t\t\t\t                <div class=\"mn-content-block\">\n\t                                <\/div>\n\t\t\t\t                <div class=\"mn-content-block\">\n\t                                <\/div>\n\t\t\t\t                <div class=\"mn-content-block\">\n\t                                <\/div>\n\t\t\t\t                <div class=\"mn-content-block\">\n\t                                <\/div>\n\t\t\t\t                <div class=\"mn-content-block\">\n\t                                <\/div>\n\t\t\t\t                <div class=\"mn-content-block\">\n\t                                <\/div>\n\t\t\t\t                <div class=\"mn-content-block\">\n\t                                <\/div>\n\t\t\t\t                <div class=\"mn-content-block\">\n\t                                <\/div>\n\t\t\t\t                <div class=\"mn-content-block\">\n\t                                <\/div>\n\t\t\t\t\t\t<\/div>\n\t<\/div>\n<\/section>\n\t\t<\/div>\n\t\t\t\t<\/div>\n\t\t\t\t\t\t<\/div>\n\t\t\t\t\t<\/div>\n\t\t<\/div>\n\t\t\t\t\t\t\t\t<\/div>\n\t\t\t\t\t<\/div>\n\t\t<\/section>\n\t\t\t\t\t\t<\/div>\n\t\t\t\t\t\t<\/div>\n\t\t\t\t\t<\/div>\n\t\t","protected":false},"excerpt":{"rendered":"<p>From June 19th to August 22nd, 2023, a&nbsp;doctoral student at the University of Life Sciences in Lublin, MSc Eng. Anna Krajewska, completed a&nbsp;research internship at the University of Natural Resources and Life Sciences in Vienna (BOKU) under the supervision of Prof. Regine Sch\u00f6nlechner. During her visit, the doctoral student focused on conducting research related to [&hellip;]<\/p>\n","protected":false},"author":2,"featured_media":363446,"comment_status":"closed","ping_status":"closed","sticky":false,"template":"elementor_header_footer","format":"standard","meta":{"_monsterinsights_skip_tracking":false,"_monsterinsights_sitenote_active":false,"_monsterinsights_sitenote_note":"","_monsterinsights_sitenote_category":0},"categories":[5545],"tags":[],"_links":{"self":[{"href":"https:\/\/up.lublin.pl\/en\/wp-json\/wp\/v2\/posts\/363520"}],"collection":[{"href":"https:\/\/up.lublin.pl\/en\/wp-json\/wp\/v2\/posts"}],"about":[{"href":"https:\/\/up.lublin.pl\/en\/wp-json\/wp\/v2\/types\/post"}],"author":[{"embeddable":true,"href":"https:\/\/up.lublin.pl\/en\/wp-json\/wp\/v2\/users\/2"}],"replies":[{"embeddable":true,"href":"https:\/\/up.lublin.pl\/en\/wp-json\/wp\/v2\/comments?post=363520"}],"version-history":[{"count":4,"href":"https:\/\/up.lublin.pl\/en\/wp-json\/wp\/v2\/posts\/363520\/revisions"}],"predecessor-version":[{"id":363524,"href":"https:\/\/up.lublin.pl\/en\/wp-json\/wp\/v2\/posts\/363520\/revisions\/363524"}],"wp:featuredmedia":[{"embeddable":true,"href":"https:\/\/up.lublin.pl\/en\/wp-json\/wp\/v2\/media\/363446"}],"wp:attachment":[{"href":"https:\/\/up.lublin.pl\/en\/wp-json\/wp\/v2\/media?parent=363520"}],"wp:term":[{"taxonomy":"category","embeddable":true,"href":"https:\/\/up.lublin.pl\/en\/wp-json\/wp\/v2\/categories?post=363520"},{"taxonomy":"post_tag","embeddable":true,"href":"https:\/\/up.lublin.pl\/en\/wp-json\/wp\/v2\/tags?post=363520"}],"curies":[{"name":"wp","href":"https:\/\/api.w.org\/{rel}","templated":true}]}}