{"id":362292,"date":"2023-09-04T10:07:45","date_gmt":"2023-09-04T08:07:45","guid":{"rendered":"https:\/\/up.lublin.pl\/blog\/anna-krajewska-msc-and-robert-waraczewski-msc-hungarian-university-of-agriculture-and-life-sciences-mate\/"},"modified":"2023-09-04T10:09:21","modified_gmt":"2023-09-04T08:09:21","slug":"anna-krajewska-msc-and-robert-waraczewski-msc-hungarian-university-of-agriculture-and-life-sciences-mate","status":"publish","type":"post","link":"https:\/\/up.lublin.pl\/en\/blog\/anna-krajewska-msc-and-robert-waraczewski-msc-hungarian-university-of-agriculture-and-life-sciences-mate\/","title":{"rendered":"Anna Krajewska, MSc and Robert Waraczewski, MSc, Hungarian University of Agriculture and Life Sciences (MATE)"},"content":{"rendered":"\t\t<div data-elementor-type=\"wp-post\" data-elementor-id=\"362292\" class=\"elementor elementor-362292 elementor-362226\" data-elementor-settings=\"[]\">\n\t\t\t\t\t\t<div class=\"elementor-inner\">\n\t\t\t\t\t\t\t<div class=\"elementor-section-wrap\">\n\t\t\t\t\t\t\t<section class=\"elementor-section elementor-top-section elementor-element elementor-element-2541ca2 elementor-section-boxed elementor-section-height-default elementor-section-height-default\" data-id=\"2541ca2\" data-element_type=\"section\">\n\t\t\t\t\t\t<div class=\"elementor-container elementor-column-gap-default\">\n\t\t\t\t\t\t\t<div class=\"elementor-row\">\n\t\t\t\t\t<div class=\"elementor-column elementor-col-100 elementor-top-column elementor-element elementor-element-7f33aa4\" data-id=\"7f33aa4\" data-element_type=\"column\">\n\t\t\t<div class=\"elementor-column-wrap elementor-element-populated\">\n\t\t\t\t\t\t\t<div class=\"elementor-widget-wrap\">\n\t\t\t\t\t\t<div class=\"elementor-element elementor-element-4b8054c elementor-widget elementor-widget-m5c\" data-id=\"4b8054c\" data-element_type=\"widget\" data-widget_type=\"m5c.default\">\n\t\t\t\t<div class=\"elementor-widget-container\">\n\t\t\t<section class=\"mn-m5-c mn-m5-d2 mn-bg-white\">\n\t<div class=\"mn-grid\">\n\t\t\t\t<div class=\"mn-content mn-grid-9\">\n\t\t\t                <div class=\"mn-content-block active\">\n\t                                                        <div class=\"block-text\">\n\t                                        <p><strong>Anna Krajewska and Robert Waraczewski visited the Hungarian University of Agriculture and Life Sciences (MATE) in Budapest from 7th to 10th June 2023. <\/strong><\/p>\n<p><a href=\"https:\/\/up.lublin.pl\/wp-content\/uploads\/2023\/09\/img_20230610_2.jpg\"><img loading=\"lazy\" class=\"aligncenter size-full wp-image-362265\" src=\"https:\/\/up.lublin.pl\/wp-content\/uploads\/2023\/09\/img_20230610_2.jpg\" alt=\"liczna grupa uczestnik\u00f3w projektu pozuje do zdj\u0119cia w&nbsp;sali konferencyjnej\" width=\"1092\" height=\"819\" \/><\/a><\/p>\n<p>The main objective of the training, conducted as part of the &#8220;Food Quality in Digital Age&#8221; project, under the guidance of MATE, was to familiarize the participants with non-invasive analytical methods used for food quality assessment, with a&nbsp;particular focus on NIR spectroscopy.<\/p>\n<p><a href=\"https:\/\/up.lublin.pl\/wp-content\/uploads\/2023\/09\/img_20230610_.jpg\"><img loading=\"lazy\" class=\"aligncenter size-full wp-image-362261\" src=\"https:\/\/up.lublin.pl\/wp-content\/uploads\/2023\/09\/img_20230610_.jpg\" alt=\"uczestnicy projektu pozuj\u0105 do zdj\u0119cia w&nbsp;laboratorium\" width=\"1093\" height=\"820\" \/><\/a><\/p>\n<p>The doctoral students were tasked with utilizing this technique for detecting adulteration in cocoa powder and chocolate. Prior to the practical training, an online preparatory session introduced the participants to the concept of collaboration and project thinking, enhancing their skills in these areas.<\/p>\n<p><a href=\"https:\/\/up.lublin.pl\/wp-content\/uploads\/2023\/09\/img_20230610_3.jpg\"><img loading=\"lazy\" class=\"aligncenter size-full wp-image-362269\" src=\"https:\/\/up.lublin.pl\/wp-content\/uploads\/2023\/09\/img_20230610_3.jpg\" alt=\"uczestnicy projektu siedz\u0105 przy stole\" width=\"1094\" height=\"818\" \/><\/a><\/p>\n<p>The effective laboratory work conducted during the visit resulted in successful presentations by the doctoral students during a&nbsp;special networking session held during the BiosysFoodEng 2023 conference. This meeting provided an excellent opportunity for knowledge exchange and establishing professional contacts in the field of food science.<\/p>\n<p><a href=\"https:\/\/up.lublin.pl\/wp-content\/uploads\/2023\/09\/img_20230610_4.jpg\"><img loading=\"lazy\" class=\"aligncenter size-full wp-image-362273\" src=\"https:\/\/up.lublin.pl\/wp-content\/uploads\/2023\/09\/img_20230610_4.jpg\" alt=\"zbli\u017cenie na szklane naczynia laboratoryjne wype\u0142nione r\u00f3\u017cnymi rodzajami kakao\" width=\"614\" height=\"819\" \/><\/a><a href=\"https:\/\/up.lublin.pl\/wp-content\/uploads\/2023\/09\/IMG-20230612-WA0003.jpg\"><img loading=\"lazy\" class=\"aligncenter size-full wp-image-362285\" src=\"https:\/\/up.lublin.pl\/wp-content\/uploads\/2023\/09\/IMG-20230612-WA0003.jpg\" alt=\"uczestnicy projektu w&nbsp;bia\u0142ych fartuchach w&nbsp;hali produkcyjnej\" width=\"1094\" height=\"818\" \/><\/a><\/p>\n<p>In addition to the training, the participants also had the opportunity to visit local food processing companies. These visits included facilities specializing in egg and meat processing. The participants had the chance to observe the application of digital solutions in food production processes. This practical exposure enriched the doctoral students with a&nbsp;broader perspective on the use of technology in the food industry and enhanced their educational experience during the visit.<\/p>\n<p><a href=\"https:\/\/up.lublin.pl\/wp-content\/uploads\/2023\/09\/IMG-20230612-WA0001.jpg\"><img loading=\"lazy\" class=\"aligncenter size-full wp-image-362277\" src=\"https:\/\/up.lublin.pl\/wp-content\/uploads\/2023\/09\/IMG-20230612-WA0001.jpg\" alt=\"doktorantka prezentuje wyk\u0142ad w&nbsp;sali konferencyjnej\" width=\"2016\" height=\"1008\" \/><\/a><\/p>\n<p>During the study visit, the doctoral students also had the opportunity to explore various historical landmarks and tourist attractions. They visited the picturesque Royal Castle, Gellert Hill, and the Parliament building, adding unforgettable experiences to their personal journey during the visit.<\/p>\n<p><a href=\"https:\/\/up.lublin.pl\/wp-content\/uploads\/2023\/09\/IMG_20230610_124644.jpg\"><img loading=\"lazy\" class=\"aligncenter size-full wp-image-362253\" src=\"https:\/\/up.lublin.pl\/wp-content\/uploads\/2023\/09\/IMG_20230610_124644.jpg\" alt=\"dw\u00f3jka doktorant\u00f3w pozuje do zdj\u0119cia na tle historycznego budynku w&nbsp;Budapeszcie\" width=\"4000\" height=\"1800\" \/><\/a><\/p>\n                                        <\/div>\n\t\t\t\t\t\t                                <\/div>\n\t\t\t\t                <div class=\"mn-content-block\">\n\t                                <\/div>\n\t\t\t\t                <div class=\"mn-content-block\">\n\t                                <\/div>\n\t\t\t\t                <div class=\"mn-content-block\">\n\t                                <\/div>\n\t\t\t\t                <div class=\"mn-content-block\">\n\t                                <\/div>\n\t\t\t\t                <div class=\"mn-content-block\">\n\t                                <\/div>\n\t\t\t\t                <div class=\"mn-content-block\">\n\t                                <\/div>\n\t\t\t\t                <div class=\"mn-content-block\">\n\t                                <\/div>\n\t\t\t\t                <div class=\"mn-content-block\">\n\t                                <\/div>\n\t\t\t\t                <div class=\"mn-content-block\">\n\t                                <\/div>\n\t\t\t\t                <div class=\"mn-content-block\">\n\t                                <\/div>\n\t\t\t\t                <div class=\"mn-content-block\">\n\t                                <\/div>\n\t\t\t\t                <div class=\"mn-content-block\">\n\t                                <\/div>\n\t\t\t\t                <div class=\"mn-content-block\">\n\t                                <\/div>\n\t\t\t\t                <div class=\"mn-content-block\">\n\t                                <\/div>\n\t\t\t\t                <div class=\"mn-content-block\">\n\t                                <\/div>\n\t\t\t\t                <div class=\"mn-content-block\">\n\t                                <\/div>\n\t\t\t\t                <div class=\"mn-content-block\">\n\t                                <\/div>\n\t\t\t\t                <div class=\"mn-content-block\">\n\t                                <\/div>\n\t\t\t\t                <div class=\"mn-content-block\">\n\t                                <\/div>\n\t\t\t\t\t\t<\/div>\n\t<\/div>\n<\/section>\n\t\t<\/div>\n\t\t\t\t<\/div>\n\t\t\t\t\t\t<\/div>\n\t\t\t\t\t<\/div>\n\t\t<\/div>\n\t\t\t\t\t\t\t\t<\/div>\n\t\t\t\t\t<\/div>\n\t\t<\/section>\n\t\t\t\t\t\t<\/div>\n\t\t\t\t\t\t<\/div>\n\t\t\t\t\t<\/div>\n\t\t","protected":false},"excerpt":{"rendered":"<p>Anna Krajewska and Robert Waraczewski visited the Hungarian University of Agriculture and Life Sciences (MATE) in Budapest from 7th to 10th June 2023. The main objective of the training, conducted as part of the &#8220;Food Quality in Digital Age&#8221; project, under the guidance of MATE, was to familiarize the participants with non-invasive analytical methods used [&hellip;]<\/p>\n","protected":false},"author":2,"featured_media":362237,"comment_status":"closed","ping_status":"closed","sticky":false,"template":"elementor_header_footer","format":"standard","meta":{"_monsterinsights_skip_tracking":false,"_monsterinsights_sitenote_active":false,"_monsterinsights_sitenote_note":"","_monsterinsights_sitenote_category":0},"categories":[5545],"tags":[],"_links":{"self":[{"href":"https:\/\/up.lublin.pl\/en\/wp-json\/wp\/v2\/posts\/362292"}],"collection":[{"href":"https:\/\/up.lublin.pl\/en\/wp-json\/wp\/v2\/posts"}],"about":[{"href":"https:\/\/up.lublin.pl\/en\/wp-json\/wp\/v2\/types\/post"}],"author":[{"embeddable":true,"href":"https:\/\/up.lublin.pl\/en\/wp-json\/wp\/v2\/users\/2"}],"replies":[{"embeddable":true,"href":"https:\/\/up.lublin.pl\/en\/wp-json\/wp\/v2\/comments?post=362292"}],"version-history":[{"count":4,"href":"https:\/\/up.lublin.pl\/en\/wp-json\/wp\/v2\/posts\/362292\/revisions"}],"predecessor-version":[{"id":362296,"href":"https:\/\/up.lublin.pl\/en\/wp-json\/wp\/v2\/posts\/362292\/revisions\/362296"}],"wp:featuredmedia":[{"embeddable":true,"href":"https:\/\/up.lublin.pl\/en\/wp-json\/wp\/v2\/media\/362237"}],"wp:attachment":[{"href":"https:\/\/up.lublin.pl\/en\/wp-json\/wp\/v2\/media?parent=362292"}],"wp:term":[{"taxonomy":"category","embeddable":true,"href":"https:\/\/up.lublin.pl\/en\/wp-json\/wp\/v2\/categories?post=362292"},{"taxonomy":"post_tag","embeddable":true,"href":"https:\/\/up.lublin.pl\/en\/wp-json\/wp\/v2\/tags?post=362292"}],"curies":[{"name":"wp","href":"https:\/\/api.w.org\/{rel}","templated":true}]}}