{"id":361679,"date":"2023-08-29T09:48:28","date_gmt":"2023-08-29T07:48:28","guid":{"rendered":"https:\/\/up.lublin.pl\/?p=361679"},"modified":"2023-08-29T09:50:04","modified_gmt":"2023-08-29T07:50:04","slug":"msc-dorota-gajowniczek-alasa-medical-university-of-graz-austria","status":"publish","type":"post","link":"https:\/\/up.lublin.pl\/en\/blog\/msc-dorota-gajowniczek-alasa-medical-university-of-graz-austria\/","title":{"rendered":"MSc Dorota Gajowniczek-A\u0142asa, Medical University of Graz, Austria"},"content":{"rendered":"\t\t<div data-elementor-type=\"wp-post\" data-elementor-id=\"361679\" class=\"elementor elementor-361679\" data-elementor-settings=\"[]\">\n\t\t\t\t\t\t<div class=\"elementor-inner\">\n\t\t\t\t\t\t\t<div class=\"elementor-section-wrap\">\n\t\t\t\t\t\t\t<section class=\"elementor-section elementor-top-section elementor-element elementor-element-cddc136 elementor-section-boxed elementor-section-height-default elementor-section-height-default\" data-id=\"cddc136\" data-element_type=\"section\">\n\t\t\t\t\t\t<div class=\"elementor-container elementor-column-gap-default\">\n\t\t\t\t\t\t\t<div class=\"elementor-row\">\n\t\t\t\t\t<div class=\"elementor-column elementor-col-100 elementor-top-column elementor-element elementor-element-e5708e8\" data-id=\"e5708e8\" data-element_type=\"column\">\n\t\t\t<div class=\"elementor-column-wrap elementor-element-populated\">\n\t\t\t\t\t\t\t<div class=\"elementor-widget-wrap\">\n\t\t\t\t\t\t<div class=\"elementor-element elementor-element-ed8c7b9 elementor-widget elementor-widget-m5c\" data-id=\"ed8c7b9\" data-element_type=\"widget\" data-widget_type=\"m5c.default\">\n\t\t\t\t<div class=\"elementor-widget-container\">\n\t\t\t<section class=\"mn-m5-c mn-m5-d2 mn-bg-white\">\n\t<div class=\"mn-grid\">\n\t\t\t\t<div class=\"mn-content mn-grid-9\">\n\t\t\t                <div class=\"mn-content-block active\">\n\t                                                        <div class=\"block-text\">\n\t                                        <p><strong>MSc Dorota Gajowniczek-A\u0142asa<\/strong><br \/><strong>Year II, Doctoral School, University of Life Sciences in Lublin<\/strong><br \/><strong>Training in Austria, Medical University of Graz<\/strong><\/p>\n<p><a href=\"https:\/\/up.lublin.pl\/wp-content\/uploads\/2023\/08\/medunigraz_ow.jpg\"><img loading=\"lazy\" class=\"aligncenter size-full wp-image-361680\" src=\"https:\/\/up.lublin.pl\/wp-content\/uploads\/2023\/08\/medunigraz_ow.jpg\" alt=\"logo uniwersytetu medycznego w&nbsp;Grazu\" width=\"230\" height=\"135\" \/><\/a><\/p>\n<p><a href=\"https:\/\/up.lublin.pl\/wp-content\/uploads\/2023\/08\/staz_dga009.jpg\"><img loading=\"lazy\" class=\"size-full wp-image-361744 alignleft\" src=\"https:\/\/up.lublin.pl\/wp-content\/uploads\/2023\/08\/staz_dga009.jpg\" alt=\"fasada budynku uniwersytetu w&nbsp;Graz\" width=\"728\" height=\"535\" \/><\/a>The trainings we had the pleasure to attend were conducted by scientific staff from the Department of Medicinal Chemistry at the Medical University of Graz. In addition to the lecture sessions, we worked in brand new laboratories (the university recently moved from its old premises) where we prepared samples containing nanoparticles for digestion (we will continue this collaboration in the next steps). We also had the opportunity to familiarize ourselves with thermogravimetry, differential scanning calorimetry coupled with Fourier-transform infrared spectroscopy (TG\/DSC-FTIR), and selected methods of preparative chromatography (liquid chromatography).<\/p>\n<p><a href=\"https:\/\/up.lublin.pl\/wp-content\/uploads\/2023\/08\/staz_dga007.jpg\"><img loading=\"lazy\" class=\"aligncenter size-full wp-image-361740\" src=\"https:\/\/up.lublin.pl\/wp-content\/uploads\/2023\/08\/staz_dga007.jpg\" alt=\"wn\u0119trze laboratorium ze sto\u0142ami, na kt\u00f3rych stoi sprz\u0119t\" width=\"367\" height=\"492\" \/><\/a> <a href=\"https:\/\/up.lublin.pl\/wp-content\/uploads\/2023\/08\/staz_dga005.jpg\"><img loading=\"lazy\" class=\"aligncenter size-full wp-image-361736\" src=\"https:\/\/up.lublin.pl\/wp-content\/uploads\/2023\/08\/staz_dga005.jpg\" alt=\"wn\u0119trze laboratorium ze sto\u0142ami, na kt\u00f3rych stoi sprz\u0119t\" width=\"269\" height=\"360\" \/><\/a> <a href=\"https:\/\/up.lublin.pl\/wp-content\/uploads\/2023\/08\/staz_dga003.jpg\"><img loading=\"lazy\" class=\"aligncenter size-full wp-image-361732\" src=\"https:\/\/up.lublin.pl\/wp-content\/uploads\/2023\/08\/staz_dga003.jpg\" alt=\"wn\u0119trze laboratorium ze sto\u0142ami, na kt\u00f3rych stoi sprz\u0119t\" width=\"635\" height=\"412\" \/><\/a><\/p>\n<p>However, the most interesting topic for us was the evaluation of extinguishing properties of reactive oxygen species by selected nanoparticles and natural compounds (polyphenols and terpenes). But to delve into such an extensive topic, we would have to stay in Austria for another month &#8211; and the weather there really didn&#8217;t encourage it!<\/p>\n<p><a href=\"https:\/\/up.lublin.pl\/wp-content\/uploads\/2023\/08\/staz_dga011.jpg\"><img loading=\"lazy\" class=\"aligncenter size-full wp-image-361748\" src=\"https:\/\/up.lublin.pl\/wp-content\/uploads\/2023\/08\/staz_dga011.jpg\" alt=\"rw\u0105cy potok na zboczy zielonego wzg\u00f3rza\" width=\"335\" height=\"288\" \/><\/a><\/p>\n<p>If you&#8217;re planning to visit Austria in May, it&#8217;s good to have a&nbsp;raincoat and an umbrella. It rained with only short breaks during our week-long stay. I&nbsp;couldn&#8217;t even take a&nbsp;single sunny photo. Despite the tight schedule, we found time for sightseeing, and Graz and its surroundings are truly worth it.<\/p>\n<p><a href=\"https:\/\/up.lublin.pl\/wp-content\/uploads\/2023\/08\/staz_dga013.jpg\"><img loading=\"lazy\" class=\"aligncenter size-full wp-image-361752\" src=\"https:\/\/up.lublin.pl\/wp-content\/uploads\/2023\/08\/staz_dga013.jpg\" alt=\"polna droga pomi\u0119dzy pokrytymi zieleni\u0105 wzniesienami\" width=\"754\" height=\"708\" \/><\/a><\/p>\n<p>I rate the whole trip as fantastic, not only for obvious reasons like improving qualifications. I&nbsp;gained a&nbsp;perspective on academic life and will treat the path to a&nbsp;doctorate more as an adventure than an obligation.<\/p>\n                                        <\/div>\n\t\t\t\t\t\t                                <\/div>\n\t\t\t\t                <div class=\"mn-content-block\">\n\t                                <\/div>\n\t\t\t\t                <div class=\"mn-content-block\">\n\t                                <\/div>\n\t\t\t\t                <div class=\"mn-content-block\">\n\t                                <\/div>\n\t\t\t\t                <div class=\"mn-content-block\">\n\t                                <\/div>\n\t\t\t\t                <div class=\"mn-content-block\">\n\t                                <\/div>\n\t\t\t\t                <div class=\"mn-content-block\">\n\t                                <\/div>\n\t\t\t\t                <div class=\"mn-content-block\">\n\t                                <\/div>\n\t\t\t\t                <div class=\"mn-content-block\">\n\t                                <\/div>\n\t\t\t\t                <div class=\"mn-content-block\">\n\t                                <\/div>\n\t\t\t\t                <div class=\"mn-content-block\">\n\t                                <\/div>\n\t\t\t\t                <div class=\"mn-content-block\">\n\t                                <\/div>\n\t\t\t\t                <div class=\"mn-content-block\">\n\t                                <\/div>\n\t\t\t\t                <div class=\"mn-content-block\">\n\t                                <\/div>\n\t\t\t\t                <div class=\"mn-content-block\">\n\t                                <\/div>\n\t\t\t\t                <div class=\"mn-content-block\">\n\t                                <\/div>\n\t\t\t\t                <div class=\"mn-content-block\">\n\t                                <\/div>\n\t\t\t\t                <div class=\"mn-content-block\">\n\t                                <\/div>\n\t\t\t\t                <div class=\"mn-content-block\">\n\t                                <\/div>\n\t\t\t\t                <div class=\"mn-content-block\">\n\t                                <\/div>\n\t\t\t\t\t\t<\/div>\n\t<\/div>\n<\/section>\n\t\t<\/div>\n\t\t\t\t<\/div>\n\t\t\t\t\t\t<\/div>\n\t\t\t\t\t<\/div>\n\t\t<\/div>\n\t\t\t\t\t\t\t\t<\/div>\n\t\t\t\t\t<\/div>\n\t\t<\/section>\n\t\t\t\t\t\t<\/div>\n\t\t\t\t\t\t<\/div>\n\t\t\t\t\t<\/div>\n\t\t","protected":false},"excerpt":{"rendered":"<p>MSc Dorota Gajowniczek-A\u0142asaYear II, Doctoral School, University of Life Sciences in LublinTraining in Austria, Medical University of Graz The trainings we had the pleasure to attend were conducted by scientific staff from the Department of Medicinal Chemistry at the Medical University of Graz. In addition to the lecture sessions, we worked in brand new laboratories [&hellip;]<\/p>\n","protected":false},"author":2,"featured_media":361680,"comment_status":"closed","ping_status":"closed","sticky":false,"template":"elementor_header_footer","format":"standard","meta":{"_monsterinsights_skip_tracking":false,"_monsterinsights_sitenote_active":false,"_monsterinsights_sitenote_note":"","_monsterinsights_sitenote_category":0},"categories":[5545],"tags":[],"_links":{"self":[{"href":"https:\/\/up.lublin.pl\/en\/wp-json\/wp\/v2\/posts\/361679"}],"collection":[{"href":"https:\/\/up.lublin.pl\/en\/wp-json\/wp\/v2\/posts"}],"about":[{"href":"https:\/\/up.lublin.pl\/en\/wp-json\/wp\/v2\/types\/post"}],"author":[{"embeddable":true,"href":"https:\/\/up.lublin.pl\/en\/wp-json\/wp\/v2\/users\/2"}],"replies":[{"embeddable":true,"href":"https:\/\/up.lublin.pl\/en\/wp-json\/wp\/v2\/comments?post=361679"}],"version-history":[{"count":4,"href":"https:\/\/up.lublin.pl\/en\/wp-json\/wp\/v2\/posts\/361679\/revisions"}],"predecessor-version":[{"id":361765,"href":"https:\/\/up.lublin.pl\/en\/wp-json\/wp\/v2\/posts\/361679\/revisions\/361765"}],"wp:featuredmedia":[{"embeddable":true,"href":"https:\/\/up.lublin.pl\/en\/wp-json\/wp\/v2\/media\/361680"}],"wp:attachment":[{"href":"https:\/\/up.lublin.pl\/en\/wp-json\/wp\/v2\/media?parent=361679"}],"wp:term":[{"taxonomy":"category","embeddable":true,"href":"https:\/\/up.lublin.pl\/en\/wp-json\/wp\/v2\/categories?post=361679"},{"taxonomy":"post_tag","embeddable":true,"href":"https:\/\/up.lublin.pl\/en\/wp-json\/wp\/v2\/tags?post=361679"}],"curies":[{"name":"wp","href":"https:\/\/api.w.org\/{rel}","templated":true}]}}