{"id":339083,"date":"2023-05-11T08:10:10","date_gmt":"2023-05-11T06:10:10","guid":{"rendered":"https:\/\/up.lublin.pl\/blog\/msc-weronika-kursa-university-of-parma-italy\/"},"modified":"2023-05-11T08:12:39","modified_gmt":"2023-05-11T06:12:39","slug":"msc-weronika-kursa-university-of-parma-italy","status":"publish","type":"post","link":"https:\/\/up.lublin.pl\/en\/blog\/msc-weronika-kursa-university-of-parma-italy\/","title":{"rendered":"MSc Weronika Kursa, University of Parma, Italy"},"content":{"rendered":"\t\t<div data-elementor-type=\"wp-post\" data-elementor-id=\"339083\" class=\"elementor elementor-339083 elementor-339042\" data-elementor-settings=\"[]\">\n\t\t\t\t\t\t<div class=\"elementor-inner\">\n\t\t\t\t\t\t\t<div class=\"elementor-section-wrap\">\n\t\t\t\t\t\t\t<section class=\"elementor-section elementor-top-section elementor-element elementor-element-b255e08 elementor-section-boxed elementor-section-height-default elementor-section-height-default\" data-id=\"b255e08\" data-element_type=\"section\">\n\t\t\t\t\t\t<div class=\"elementor-container elementor-column-gap-default\">\n\t\t\t\t\t\t\t<div class=\"elementor-row\">\n\t\t\t\t\t<div class=\"elementor-column elementor-col-100 elementor-top-column elementor-element elementor-element-43fb61a\" data-id=\"43fb61a\" data-element_type=\"column\">\n\t\t\t<div class=\"elementor-column-wrap elementor-element-populated\">\n\t\t\t\t\t\t\t<div class=\"elementor-widget-wrap\">\n\t\t\t\t\t\t<div class=\"elementor-element elementor-element-d5d02f9 elementor-widget elementor-widget-m5c\" data-id=\"d5d02f9\" data-element_type=\"widget\" data-widget_type=\"m5c.default\">\n\t\t\t\t<div class=\"elementor-widget-container\">\n\t\t\t<section class=\"mn-m5-c mn-m5-d2 mn-bg-white\">\n\t<div class=\"mn-grid\">\n\t\t\t\t<div class=\"mn-content mn-grid-9\">\n\t\t\t                <div class=\"mn-content-block active\">\n\t                                                        <div class=\"block-text\">\n\t                                        <p><strong>MSc. Weronika Kursa <\/strong><br \/><strong>2nd Year doctoral student, <\/strong><br \/><strong>Discipline: Agriculture and Horticulture<\/strong><br \/><strong>University of Parma (Universit\u00e0 degli Studi di Parma)<\/strong><\/p>\n<p><a href=\"https:\/\/up.lublin.pl\/wp-content\/uploads\/2023\/05\/wk_staz_001.png\"><img loading=\"lazy\" class=\"aligncenter wp-image-339048\" src=\"https:\/\/up.lublin.pl\/wp-content\/uploads\/2023\/05\/wk_staz_001.png\" alt=\"logo Uniwersytetu w&nbsp;Parmie \" width=\"220\" height=\"200\" \/><\/a><\/p>\n<p>As part of the ERASMUS + program, I&nbsp;had the pleasure of doing an internship at the University of Parma (Italy) from 09.01.2023 until 08.04.2023.\u00a0 My internship took place at the Department of Chemical, Life and Environmental Sustainability Sciences (Dipartimento di Scienze Chimiche, della Vita e&nbsp;della Sostenibilit\u00e0 Ambientale). My internship was supervised by Professor Mariolina Gull\u00ec.<\/p>\n<p style=\"text-align: center;\"><a href=\"https:\/\/up.lublin.pl\/wp-content\/uploads\/2023\/05\/wk_staz_003.jpg\"><img loading=\"lazy\" class=\"aligncenter size-full wp-image-339052\" src=\"https:\/\/up.lublin.pl\/wp-content\/uploads\/2023\/05\/wk_staz_003.jpg\" alt=\"trzy kobiety stoj\u0105 przed budynkiem i&nbsp;pozuj\u0105 do zdj\u0119cia\" width=\"1500\" height=\"1011\" \/><\/a><em>Photo. <\/em><em>1<\/em><em> In the photo, from the left: Prof. ssa Mariolina Gull\u00ec (my practice supervisor), me (Weronika Kursa) and Dr. Francesc Degola.<\/em><\/p>\n<p>The purpose of my internship was to support scientific research, improve the applied research and teaching methods, as well as exchange experiences and develop scientific cooperation. During the internship, I&nbsp;became acquainted with issues in the field of microbiology and ecotoxicology. The scope of my tasks included research on a&nbsp;bioproduct (a mixture of plant extracts) for plant protection in terms of phytotoxicity for plants &#8211; assessment of seed germination in the presence of various amounts of extracts, comparing the effectiveness of liquid and dried extracts, as well as assessment of the effectiveness of extracts in protection against abiotic stress (salinity) in the germination stage. I&nbsp;also assessed the biocidal effectiveness of plant extracts against pathogenic bacteria &#8211; <em>Pseudomonas aeruginosa<\/em> and selected plant growth promoting bacteria (PGPB): <em>Azotobacter chroococcum<\/em> LS132, <em>Azotobacter vinelandii<\/em> (DSM2289), <em>Bacillus amyloliquefaciens<\/em> LMG 9814, <em>Bacillus<\/em> sp. BV84, <em>Burkholderia ambifaria<\/em> MCI7, <em>Komagataella pastoris<\/em> PP59, <em>Pseudomonas fluorescens<\/em> (DR54), <em>Pseudomonas granadensis<\/em> A23\/T3c, <em>Rahnella aquatilis<\/em> BB23\/T4d, <em>Rhodococcus kyotonensi<\/em>.<\/p>\n<p style=\"text-align: center;\"><a href=\"https:\/\/up.lublin.pl\/wp-content\/uploads\/2023\/05\/wk_staz_005.jpg\"><img loading=\"lazy\" class=\"aligncenter size-full wp-image-339056\" src=\"https:\/\/up.lublin.pl\/wp-content\/uploads\/2023\/05\/wk_staz_005.jpg\" alt=\"kobieta w&nbsp;bia\u0142ym fartuchu pochyla si\u0119 nad szalk\u0105 Petriego, w&nbsp;d\u0142oni trzyma p\u0119set\u0119. Na szkie\u0142ku le\u017c\u0105 kawa\u0142ki ro\u015blin\" width=\"1500\" height=\"2736\" \/><\/a><em>Photo. 2 Evaluation of ecotoxicity of plant extracts<\/em><\/p>\n<p style=\"text-align: center;\"><a href=\"https:\/\/up.lublin.pl\/wp-content\/uploads\/2023\/05\/wk_staz_006.jpg\"><img loading=\"lazy\" class=\"aligncenter size-full wp-image-339060\" src=\"https:\/\/up.lublin.pl\/wp-content\/uploads\/2023\/05\/wk_staz_006.jpg\" alt=\"stacja laboratoryjna, na blacie kt\u00f3rej stoj\u0105 szalki Petriego, pipety i&nbsp;prob\u00f3wki\" width=\"1500\" height=\"1125\" \/><\/a><em>Photo. 3 Preparation of biocidal efficacy tests of plant extracts against pathogenic bacteria &#8211; Pseudomonas aeruginosa<\/em><\/p>\n<p style=\"text-align: center;\"><a href=\"https:\/\/up.lublin.pl\/wp-content\/uploads\/2023\/05\/wk_staz_008.jpg\"><img loading=\"lazy\" class=\"aligncenter size-full wp-image-339064\" src=\"https:\/\/up.lublin.pl\/wp-content\/uploads\/2023\/05\/wk_staz_008.jpg\" alt=\"nazwa Uniwersytetu w&nbsp;Parmie na d\u0142ugiej srebrnej tabliczce przyczepionej do niskiego murku\" width=\"1500\" height=\"1125\" \/><\/a><em>Photo. 4 The science and technology campus &#8211; Parco Area delle Scienze &#8211; is 77 hectares surrounded by greenery. It houses the administration office, teaching rooms and libraries of scientific departments, canteens and sports facilities.<\/em><\/p>\n<p style=\"text-align: center;\"><a href=\"https:\/\/up.lublin.pl\/wp-content\/uploads\/2023\/05\/wk_staz_010.jpg\"><img loading=\"lazy\" class=\"aligncenter size-full wp-image-339068\" src=\"https:\/\/up.lublin.pl\/wp-content\/uploads\/2023\/05\/wk_staz_010.jpg\" alt=\"na pierwszym tle pos\u0105g m\u0119\u017cczyzny na wysokim piedestale; za nim wznosi si\u0119 budynek z&nbsp;wie\u017c\u0105 zegarow\u0105\" width=\"1500\" height=\"2000\" \/><\/a><em>Photo. 5\u00a0 Piazza Giuseppe Garibaldi &#8211; Giuseppe Garibaldi Square &#8211; Historic center of Parma &#8211; Buildings around the square include the town hall and the governor&#8217;s palace.<\/em><\/p>\n<p>The internship in Italy (Universit\u00e0 degli Studi di Parma) allowed me to get to know a&nbsp;new culture, improve my language skills, explore new issues in the field of e.g. microbiology and ecotoxicology, as well as meeting wonderful people and experiencing an amazing adventure that I&nbsp;will remember for years. A&nbsp;nice bonus of my internship was the early spring, at the turn of February and March, and already at the end of March I&nbsp;could see the blooming common lilac or rapeseed.<\/p>\n<p style=\"text-align: center;\"><a href=\"https:\/\/up.lublin.pl\/wp-content\/uploads\/2023\/05\/wk_staz_012.png\"><img loading=\"lazy\" class=\"aligncenter size-full wp-image-339072\" src=\"https:\/\/up.lublin.pl\/wp-content\/uploads\/2023\/05\/wk_staz_012.png\" alt=\"m\u0142oda kobieta w&nbsp;okularach przeciws\u0142onecznych stoi w\u015br\u00f3d ga\u0142\u0119zi drzewa; na ga\u0142\u0119ziach zielone li\u015bcie i&nbsp;du\u017co ciemnor\u00f3\u017cowych kwiat\u00f3w\" width=\"1500\" height=\"1032\" \/><\/a><em>Photo. 6 Spring in Parma<\/em><\/p>\n                                        <\/div>\n\t\t\t\t\t\t                                <\/div>\n\t\t\t\t                <div class=\"mn-content-block\">\n\t                                <\/div>\n\t\t\t\t                <div class=\"mn-content-block\">\n\t                                <\/div>\n\t\t\t\t                <div class=\"mn-content-block\">\n\t                                <\/div>\n\t\t\t\t                <div class=\"mn-content-block\">\n\t                                <\/div>\n\t\t\t\t                <div class=\"mn-content-block\">\n\t                                <\/div>\n\t\t\t\t                <div class=\"mn-content-block\">\n\t                                <\/div>\n\t\t\t\t                <div class=\"mn-content-block\">\n\t                                <\/div>\n\t\t\t\t                <div class=\"mn-content-block\">\n\t                                <\/div>\n\t\t\t\t                <div class=\"mn-content-block\">\n\t                                <\/div>\n\t\t\t\t                <div class=\"mn-content-block\">\n\t                                <\/div>\n\t\t\t\t                <div class=\"mn-content-block\">\n\t                                <\/div>\n\t\t\t\t                <div class=\"mn-content-block\">\n\t                                <\/div>\n\t\t\t\t                <div class=\"mn-content-block\">\n\t                                <\/div>\n\t\t\t\t                <div class=\"mn-content-block\">\n\t                                <\/div>\n\t\t\t\t                <div class=\"mn-content-block\">\n\t                                <\/div>\n\t\t\t\t                <div class=\"mn-content-block\">\n\t                                <\/div>\n\t\t\t\t                <div class=\"mn-content-block\">\n\t                                <\/div>\n\t\t\t\t                <div class=\"mn-content-block\">\n\t                                <\/div>\n\t\t\t\t                <div class=\"mn-content-block\">\n\t                                <\/div>\n\t\t\t\t\t\t<\/div>\n\t<\/div>\n<\/section>\n\t\t<\/div>\n\t\t\t\t<\/div>\n\t\t\t\t\t\t<\/div>\n\t\t\t\t\t<\/div>\n\t\t<\/div>\n\t\t\t\t\t\t\t\t<\/div>\n\t\t\t\t\t<\/div>\n\t\t<\/section>\n\t\t\t\t\t\t<\/div>\n\t\t\t\t\t\t<\/div>\n\t\t\t\t\t<\/div>\n\t\t","protected":false},"excerpt":{"rendered":"<p>MSc. Weronika Kursa 2nd Year doctoral student, Discipline: Agriculture and HorticultureUniversity of Parma (Universit\u00e0 degli Studi di Parma) As part of the ERASMUS + program, I&nbsp;had the pleasure of doing an internship at the University of Parma (Italy) from 09.01.2023 until 08.04.2023.\u00a0 My internship took place at the Department of Chemical, Life and Environmental Sustainability [&hellip;]<\/p>\n","protected":false},"author":2,"featured_media":339044,"comment_status":"closed","ping_status":"closed","sticky":false,"template":"elementor_header_footer","format":"standard","meta":{"_monsterinsights_skip_tracking":false,"_monsterinsights_sitenote_active":false,"_monsterinsights_sitenote_note":"","_monsterinsights_sitenote_category":0},"categories":[5545],"tags":[],"_links":{"self":[{"href":"https:\/\/up.lublin.pl\/en\/wp-json\/wp\/v2\/posts\/339083"}],"collection":[{"href":"https:\/\/up.lublin.pl\/en\/wp-json\/wp\/v2\/posts"}],"about":[{"href":"https:\/\/up.lublin.pl\/en\/wp-json\/wp\/v2\/types\/post"}],"author":[{"embeddable":true,"href":"https:\/\/up.lublin.pl\/en\/wp-json\/wp\/v2\/users\/2"}],"replies":[{"embeddable":true,"href":"https:\/\/up.lublin.pl\/en\/wp-json\/wp\/v2\/comments?post=339083"}],"version-history":[{"count":4,"href":"https:\/\/up.lublin.pl\/en\/wp-json\/wp\/v2\/posts\/339083\/revisions"}],"predecessor-version":[{"id":339087,"href":"https:\/\/up.lublin.pl\/en\/wp-json\/wp\/v2\/posts\/339083\/revisions\/339087"}],"wp:featuredmedia":[{"embeddable":true,"href":"https:\/\/up.lublin.pl\/en\/wp-json\/wp\/v2\/media\/339044"}],"wp:attachment":[{"href":"https:\/\/up.lublin.pl\/en\/wp-json\/wp\/v2\/media?parent=339083"}],"wp:term":[{"taxonomy":"category","embeddable":true,"href":"https:\/\/up.lublin.pl\/en\/wp-json\/wp\/v2\/categories?post=339083"},{"taxonomy":"post_tag","embeddable":true,"href":"https:\/\/up.lublin.pl\/en\/wp-json\/wp\/v2\/tags?post=339083"}],"curies":[{"name":"wp","href":"https:\/\/api.w.org\/{rel}","templated":true}]}}