{"id":318131,"date":"2023-02-01T10:28:31","date_gmt":"2023-02-01T09:28:31","guid":{"rendered":"https:\/\/up.lublin.pl\/blog\/kaja-kiersnowska-msc-university-of-valencia-spain\/"},"modified":"2023-02-01T10:32:50","modified_gmt":"2023-02-01T09:32:50","slug":"kaja-kiersnowska-msc-university-of-valencia-spain","status":"publish","type":"post","link":"https:\/\/up.lublin.pl\/en\/blog\/kaja-kiersnowska-msc-university-of-valencia-spain\/","title":{"rendered":"Kaja Kiersnowska, MSc, University of Valencia, Spain"},"content":{"rendered":"\t\t<div data-elementor-type=\"wp-post\" data-elementor-id=\"318131\" class=\"elementor elementor-318131 elementor-318069\" data-elementor-settings=\"[]\">\n\t\t\t\t\t\t<div class=\"elementor-inner\">\n\t\t\t\t\t\t\t<div class=\"elementor-section-wrap\">\n\t\t\t\t\t\t\t<section class=\"elementor-section elementor-top-section elementor-element elementor-element-ca71b45 elementor-section-boxed elementor-section-height-default elementor-section-height-default\" data-id=\"ca71b45\" data-element_type=\"section\">\n\t\t\t\t\t\t<div class=\"elementor-container elementor-column-gap-default\">\n\t\t\t\t\t\t\t<div class=\"elementor-row\">\n\t\t\t\t\t<div class=\"elementor-column elementor-col-100 elementor-top-column elementor-element elementor-element-5467057\" data-id=\"5467057\" data-element_type=\"column\">\n\t\t\t<div class=\"elementor-column-wrap elementor-element-populated\">\n\t\t\t\t\t\t\t<div class=\"elementor-widget-wrap\">\n\t\t\t\t\t\t<div class=\"elementor-element elementor-element-d9b4c2e elementor-widget elementor-widget-m5c\" data-id=\"d9b4c2e\" data-element_type=\"widget\" data-widget_type=\"m5c.default\">\n\t\t\t\t<div class=\"elementor-widget-container\">\n\t\t\t<section class=\"mn-m5-c mn-m5-d2 mn-bg-white\">\n\t<div class=\"mn-grid\">\n\t\t\t\t<div class=\"mn-content mn-grid-9\">\n\t\t\t                <div class=\"mn-content-block active\">\n\t                                                        <div class=\"block-text\">\n\t                                        <p><strong>Kaja Kiersnowska, MSc <\/strong><br \/><strong>1st year of Doctoral School <\/strong><br \/><strong>Food Technology and Nutrition<\/strong><br \/><strong>University of Valencia<\/strong><\/p>\n<p>The internship took place at University of Valencia from 21\/03\/2022 to 31\/07\/2022 with the Erasmus+ program support.<\/p>\n<p><a href=\"https:\/\/up.lublin.pl\/wp-content\/uploads\/2023\/02\/kaja_k_image001.jpg\"><img loading=\"lazy\" class=\"aligncenter size-full wp-image-318084\" src=\"https:\/\/up.lublin.pl\/wp-content\/uploads\/2023\/02\/kaja_k_image001.jpg\" alt=\"widok z&nbsp;g\u00f3ry na dziedziniec uniwersytetu. Bia\u0142e budynki z&nbsp;dachami z&nbsp;br\u0105zowej dach\u00f3wki na dziedzi\u0144cu u\u0142o\u017cone s\u0105 na planie prostok\u0105ta.\" width=\"1288\" height=\"1039\" \/><\/a> <a href=\"https:\/\/up.lublin.pl\/wp-content\/uploads\/2023\/02\/kaja_k_image003.jpg\"><img loading=\"lazy\" class=\"aligncenter size-full wp-image-318088\" src=\"https:\/\/up.lublin.pl\/wp-content\/uploads\/2023\/02\/kaja_k_image003.jpg\" alt=\"zdj\u0119cie zrobione noc\u0105. Na tle pod\u015bwetlanego napisu VALENCIA stoj\u0105cego na ziemi przed kopu\u0142owatym budynkiem, stoi dziewczyna.\" width=\"1194\" height=\"825\" \/><\/a><\/p>\n<p>The internship was carried out at the Faculty of Pharmacy at the Department of Preventive Medicine, Public Health, Food Sciences, Toxicology and Legal Medicine under the supervision of Associate Professor Lary Manyes.<\/p>\n<p style=\"text-align: center;\"><a href=\"https:\/\/up.lublin.pl\/wp-content\/uploads\/2023\/02\/kaja_k_image005.jpg\"><img loading=\"lazy\" class=\"aligncenter size-full wp-image-318092\" src=\"https:\/\/up.lublin.pl\/wp-content\/uploads\/2023\/02\/kaja_k_image005.jpg\" alt=\"zadaszone wej\u015bcie do czteropi\u0119trowego budynku. Przed wej\u015bciem, po obu stronach stoj\u0105 du\u017ce, zielone drzewa.\" width=\"1275\" height=\"844\" \/><\/a><em>Faculty of Pharmacy<\/em><\/p>\n<p>The aim of the internship was the scientific competences improvement and to extend theoretical and practical knowledge in the field of food technology.<\/p>\n<p>As a&nbsp;trainee, I&nbsp;had an opportunity to participate in several parts of various projects conducted with other universities support.<\/p>\n<p>My main task was to work in the laboratory with Coco-2 cell line.<\/p>\n<p><a href=\"https:\/\/up.lublin.pl\/wp-content\/uploads\/2023\/02\/kaja_k_image007.png\"><img loading=\"lazy\" class=\"aligncenter size-full wp-image-318096\" src=\"https:\/\/up.lublin.pl\/wp-content\/uploads\/2023\/02\/kaja_k_image007.png\" alt=\"zdj\u0119cie spod mikroskopu, szaro-bia\u0142a p\u0142ytka z&nbsp;mikroorganizmami na czarnym tle.\" width=\"588\" height=\"784\" \/><\/a><\/p>\n<p>The <em>in vivo<\/em> project was carried out on rats. The influence of pumpkin puree and milk proteins on mycotoxin was evaluated. The rodents were fed an appropriate period of time with specially composed diets and organ were collected for further research.<\/p>\n<p><a href=\"https:\/\/up.lublin.pl\/wp-content\/uploads\/2023\/02\/kaja_k_image009.jpg\"><img loading=\"lazy\" class=\"aligncenter size-full wp-image-318101\" src=\"https:\/\/up.lublin.pl\/wp-content\/uploads\/2023\/02\/kaja_k_image009.jpg\" alt=\"dziewczyna w&nbsp;bia\u0142ym fartuchu, fioletowych r\u0119kawiczkach i&nbsp;masecze na twarzy siedzi przy stole laboratoryjnym. Na stole ustawione s\u0105 pipety i&nbsp;prob\u00f3wki. Dziewczyna u\u017cywa pipety do pobrania pr\u00f3bki.\" width=\"750\" height=\"1334\" \/><\/a><\/p>\n<p style=\"text-align: center;\"><a href=\"https:\/\/up.lublin.pl\/wp-content\/uploads\/2023\/02\/kaja_k_image011.jpg\"><img loading=\"lazy\" class=\"aligncenter size-full wp-image-318104\" src=\"https:\/\/up.lublin.pl\/wp-content\/uploads\/2023\/02\/kaja_k_image011.jpg\" alt=\"zbli\u017cenie na d\u0142o\u0144 w&nbsp;fioletowej r\u0119kawiczce, trzymaj\u0105c\u0105 ma\u0142y przezroczysty pojemnik wype\u0142niony jasnor\u00f3\u017cow\u0105 ciecz\u0105 z&nbsp;widoczn\u0105 bia\u0142\u0105 tkank\u0105 - nerk\u0105 szczura.\" width=\"807\" height=\"560\" \/><\/a><em>rat kidney sample<\/em><\/p>\n<p style=\"text-align: center;\"><a href=\"https:\/\/up.lublin.pl\/wp-content\/uploads\/2023\/02\/kaja_k_image013.jpg\"><img loading=\"lazy\" class=\"aligncenter size-full wp-image-318108\" src=\"https:\/\/up.lublin.pl\/wp-content\/uploads\/2023\/02\/kaja_k_image013.jpg\" alt=\"uj\u0119cie z&nbsp;g\u00f3ry: kilkana\u015bcie pojemnik\u00f3w z&nbsp;niebieskimi nakr\u0119tkami, oznaczone czarnymi napisami w\u0142o\u017cone s\u0105 do styropianowego kwadratowego pude\u0142ka wype\u0142nionego bardzo drobnym lodem\" width=\"619\" height=\"1101\" \/><\/a><em>rats\u2019 organs samples<\/em><\/p>\n<p style=\"text-align: center;\"><a href=\"https:\/\/up.lublin.pl\/wp-content\/uploads\/2023\/02\/kaja_k_image015.jpg\"><img loading=\"lazy\" class=\"aligncenter size-full wp-image-318112\" src=\"https:\/\/up.lublin.pl\/wp-content\/uploads\/2023\/02\/kaja_k_image015.jpg\" alt=\"przezroczyste prob\u00f3wki z&nbsp;fioletowymi nakr\u0119tkami stoj\u0105 w&nbsp;bia\u0142ym koszyczku na prob\u00f3wki\" width=\"725\" height=\"1096\" \/><\/a><em>rats\u2019 blood samples<\/em><\/p>\n<p>Interesting places near Val\u00e9ncia:<\/p>\n<p style=\"text-align: center;\"><a href=\"https:\/\/up.lublin.pl\/wp-content\/uploads\/2023\/02\/kaja_k_image017.jpg\"><img loading=\"lazy\" class=\"aligncenter size-full wp-image-318116\" src=\"https:\/\/up.lublin.pl\/wp-content\/uploads\/2023\/02\/kaja_k_image017.jpg\" alt=\"Od lewej strony wida\u0107 kamienisty wysoki klif, kawa\u0142ek piaszczystej pla\u017cy oraz morze. Woda przy pla\u017cy ma turkusowy odcien, kt\u00f3ry przechodzi w&nbsp;g\u0142\u0119boki ciemnoniebieski.\" width=\"1037\" height=\"790\" \/><\/a><em>Cala del Moraig<\/em><\/p>\n<p style=\"text-align: center;\"><a href=\"https:\/\/up.lublin.pl\/wp-content\/uploads\/2023\/02\/kaja_k_image019.jpg\"><img loading=\"lazy\" class=\"aligncenter size-full wp-image-318120\" src=\"https:\/\/up.lublin.pl\/wp-content\/uploads\/2023\/02\/kaja_k_image019.jpg\" alt=\"drewniany pomost przy kt\u00f3rym zacumowana jest jedna \u0142\u00f3dka z&nbsp;daszkiem. W&nbsp;oddali wida\u0107 pomara\u0144czowe, zachodz\u0105ce s\u0142o\u0144ce.\" width=\"1026\" height=\"611\" \/><\/a><em>Albufera de Val\u00e9ncia<\/em><\/p>\n<p style=\"text-align: center;\"><a href=\"https:\/\/up.lublin.pl\/wp-content\/uploads\/2023\/02\/kaja_k_image021.jpg\"><img loading=\"lazy\" class=\"aligncenter size-full wp-image-318124\" src=\"https:\/\/up.lublin.pl\/wp-content\/uploads\/2023\/02\/kaja_k_image021.jpg\" alt=\"na dole zdj\u0119cia wida\u0107 zielon\u0105 koron\u0119 drzewa, w&nbsp;oddali bloki mieszkalne, na g\u00f3rze zdj\u0119cia bia\u0142o-szare chmury przykrywaj\u0105 niebo\" width=\"1026\" height=\"784\" \/><\/a><em>Cullera<\/em><\/p>\n                                        <\/div>\n\t\t\t\t\t\t                                <\/div>\n\t\t\t\t                <div class=\"mn-content-block\">\n\t                                <\/div>\n\t\t\t\t                <div class=\"mn-content-block\">\n\t                                <\/div>\n\t\t\t\t                <div class=\"mn-content-block\">\n\t                                <\/div>\n\t\t\t\t                <div class=\"mn-content-block\">\n\t                                <\/div>\n\t\t\t\t                <div class=\"mn-content-block\">\n\t                                <\/div>\n\t\t\t\t                <div class=\"mn-content-block\">\n\t                                <\/div>\n\t\t\t\t                <div class=\"mn-content-block\">\n\t                                <\/div>\n\t\t\t\t                <div class=\"mn-content-block\">\n\t                                <\/div>\n\t\t\t\t                <div class=\"mn-content-block\">\n\t                                <\/div>\n\t\t\t\t                <div class=\"mn-content-block\">\n\t                                <\/div>\n\t\t\t\t                <div class=\"mn-content-block\">\n\t                                <\/div>\n\t\t\t\t                <div class=\"mn-content-block\">\n\t                                <\/div>\n\t\t\t\t                <div class=\"mn-content-block\">\n\t                                <\/div>\n\t\t\t\t                <div class=\"mn-content-block\">\n\t                                <\/div>\n\t\t\t\t                <div class=\"mn-content-block\">\n\t                                <\/div>\n\t\t\t\t                <div class=\"mn-content-block\">\n\t                                <\/div>\n\t\t\t\t                <div class=\"mn-content-block\">\n\t                                <\/div>\n\t\t\t\t                <div class=\"mn-content-block\">\n\t                                <\/div>\n\t\t\t\t                <div class=\"mn-content-block\">\n\t                                <\/div>\n\t\t\t\t\t\t<\/div>\n\t<\/div>\n<\/section>\n\t\t<\/div>\n\t\t\t\t<\/div>\n\t\t\t\t\t\t<\/div>\n\t\t\t\t\t<\/div>\n\t\t<\/div>\n\t\t\t\t\t\t\t\t<\/div>\n\t\t\t\t\t<\/div>\n\t\t<\/section>\n\t\t\t\t\t\t<\/div>\n\t\t\t\t\t\t<\/div>\n\t\t\t\t\t<\/div>\n\t\t","protected":false},"excerpt":{"rendered":"<p>Kaja Kiersnowska, MSc 1st year of Doctoral School Food Technology and NutritionUniversity of Valencia The internship took place at University of Valencia from 21\/03\/2022 to 31\/07\/2022 with the Erasmus+ program support. The internship was carried out at the Faculty of Pharmacy at the Department of Preventive Medicine, Public Health, Food Sciences, Toxicology and Legal Medicine [&hellip;]<\/p>\n","protected":false},"author":2,"featured_media":318080,"comment_status":"closed","ping_status":"closed","sticky":false,"template":"elementor_header_footer","format":"standard","meta":{"_monsterinsights_skip_tracking":false,"_monsterinsights_sitenote_active":false,"_monsterinsights_sitenote_note":"","_monsterinsights_sitenote_category":0},"categories":[5545],"tags":[],"_links":{"self":[{"href":"https:\/\/up.lublin.pl\/en\/wp-json\/wp\/v2\/posts\/318131"}],"collection":[{"href":"https:\/\/up.lublin.pl\/en\/wp-json\/wp\/v2\/posts"}],"about":[{"href":"https:\/\/up.lublin.pl\/en\/wp-json\/wp\/v2\/types\/post"}],"author":[{"embeddable":true,"href":"https:\/\/up.lublin.pl\/en\/wp-json\/wp\/v2\/users\/2"}],"replies":[{"embeddable":true,"href":"https:\/\/up.lublin.pl\/en\/wp-json\/wp\/v2\/comments?post=318131"}],"version-history":[{"count":4,"href":"https:\/\/up.lublin.pl\/en\/wp-json\/wp\/v2\/posts\/318131\/revisions"}],"predecessor-version":[{"id":318135,"href":"https:\/\/up.lublin.pl\/en\/wp-json\/wp\/v2\/posts\/318131\/revisions\/318135"}],"wp:featuredmedia":[{"embeddable":true,"href":"https:\/\/up.lublin.pl\/en\/wp-json\/wp\/v2\/media\/318080"}],"wp:attachment":[{"href":"https:\/\/up.lublin.pl\/en\/wp-json\/wp\/v2\/media?parent=318131"}],"wp:term":[{"taxonomy":"category","embeddable":true,"href":"https:\/\/up.lublin.pl\/en\/wp-json\/wp\/v2\/categories?post=318131"},{"taxonomy":"post_tag","embeddable":true,"href":"https:\/\/up.lublin.pl\/en\/wp-json\/wp\/v2\/tags?post=318131"}],"curies":[{"name":"wp","href":"https:\/\/api.w.org\/{rel}","templated":true}]}}