{"id":284348,"date":"2022-08-16T12:06:28","date_gmt":"2022-08-16T10:06:28","guid":{"rendered":"https:\/\/up.lublin.pl\/blog\/krzysztof-kowal-instituto-de-investigacion-biomedica-a-coruna-spain\/"},"modified":"2022-08-16T12:09:38","modified_gmt":"2022-08-16T10:09:38","slug":"krzysztof-kowal-instituto-de-investigacion-biomedica-a-coruna-spain","status":"publish","type":"post","link":"https:\/\/up.lublin.pl\/en\/blog\/krzysztof-kowal-instituto-de-investigacion-biomedica-a-coruna-spain\/","title":{"rendered":"Krzysztof Kowal, Instituto de Investigaci\u00f3n Biom\u00e9dica, A Coru\u00f1a (Spain)"},"content":{"rendered":"\t\t<div data-elementor-type=\"wp-post\" data-elementor-id=\"284348\" class=\"elementor elementor-284348 elementor-283392\" data-elementor-settings=\"[]\">\n\t\t\t\t\t\t<div class=\"elementor-inner\">\n\t\t\t\t\t\t\t<div class=\"elementor-section-wrap\">\n\t\t\t\t\t\t\t<section class=\"elementor-section elementor-top-section elementor-element elementor-element-b831f07 elementor-section-boxed elementor-section-height-default elementor-section-height-default\" data-id=\"b831f07\" data-element_type=\"section\">\n\t\t\t\t\t\t<div class=\"elementor-container elementor-column-gap-default\">\n\t\t\t\t\t\t\t<div class=\"elementor-row\">\n\t\t\t\t\t<div class=\"elementor-column elementor-col-100 elementor-top-column elementor-element elementor-element-6e02ae8\" data-id=\"6e02ae8\" data-element_type=\"column\">\n\t\t\t<div class=\"elementor-column-wrap elementor-element-populated\">\n\t\t\t\t\t\t\t<div class=\"elementor-widget-wrap\">\n\t\t\t\t\t\t<div class=\"elementor-element elementor-element-f2543ed elementor-widget elementor-widget-m5c\" data-id=\"f2543ed\" data-element_type=\"widget\" data-widget_type=\"m5c.default\">\n\t\t\t\t<div class=\"elementor-widget-container\">\n\t\t\t<section class=\"mn-m5-c mn-m5-d2 mn-bg-white\">\n\t<div class=\"mn-grid\">\n\t\t\t\t<div class=\"mn-content mn-grid-9\">\n\t\t\t                <div class=\"mn-content-block active\">\n\t                                                        <div class=\"block-text\">\n\t                                        <p>Discipline: animal science and fisheries <br \/>Krzysztof Kowal, III rok SD <\/p>\n<p>From 01\/04\/2022 to 30\/06\/2022 I&nbsp;was in an internship at the Instituto de Investigaci\u00f3n Biom\u00e9dica in Coru\u00f1a (Spain).<\/p>\n<p>The aim of the internship was to learn molecular biology methods and techniques, in particular RT-PCR, Real-Time PCR, mitochondrial DNA haplotype analysis, Sanger and NGS sequencing as well as cell and tissue culture methods<\/p>\n<p style=\"text-align: center;\"><a href=\"https:\/\/up.lublin.pl\/wp-content\/uploads\/2022\/08\/kkowal.jpg\"><img loading=\"lazy\" class=\"aligncenter size-full wp-image-284325\" src=\"https:\/\/up.lublin.pl\/wp-content\/uploads\/2022\/08\/kkowal.jpg\" alt=\"\" width=\"1824\" height=\"1368\" \/><\/a><strong>Work in the molecular biology laboratory<\/strong><\/p>\n<p>Thanks to my internship supervisor: Ms. Mercedes Fern\u00e1ndez Moreno, PhD I&nbsp;had the opportunity to extend my own research and verify my research hypotheses by analysing the mitochondrial gene expression profile in dogs with mammary gland tumours. Performing the pilot research and acquiring the skills of transcriptomic analyses was a&nbsp;valuable and valuable experience that developed my scientific workshop.<\/p>\n<p style=\"text-align: center;\"><a href=\"https:\/\/up.lublin.pl\/wp-content\/uploads\/2022\/08\/kkowal2.jpg\"><img loading=\"lazy\" class=\"aligncenter size-full wp-image-284329\" src=\"https:\/\/up.lublin.pl\/wp-content\/uploads\/2022\/08\/kkowal2.jpg\" alt=\"\" width=\"1824\" height=\"1368\" \/><\/a><strong>RNA isolation from canine malignant mammary gland tumour samples<\/strong><\/p>\n<p style=\"text-align: center;\"><a href=\"https:\/\/up.lublin.pl\/wp-content\/uploads\/2022\/08\/kkowal3.jpg\"><img loading=\"lazy\" class=\"aligncenter size-full wp-image-284333\" src=\"https:\/\/up.lublin.pl\/wp-content\/uploads\/2022\/08\/kkowal3.jpg\" alt=\"\" width=\"1824\" height=\"1368\" \/><\/a><strong>Sunset with a&nbsp;view of the Torre de Hercules (the oldest functioning lighthouse on the UNESCO list)<\/strong><\/p>\n<p style=\"text-align: center;\"><a href=\"https:\/\/up.lublin.pl\/wp-content\/uploads\/2022\/08\/kkowal4.jpg\"><img loading=\"lazy\" class=\"aligncenter size-full wp-image-284337\" src=\"https:\/\/up.lublin.pl\/wp-content\/uploads\/2022\/08\/kkowal4.jpg\" alt=\"\" width=\"2000\" height=\"1126\" \/><\/a><strong>Plaza Mar\u00eda Pita in the center of Coru\u00f1a<\/strong><\/p>\n<p style=\"text-align: center;\"><a href=\"https:\/\/up.lublin.pl\/wp-content\/uploads\/2022\/08\/kkowal5.jpg\"><img loading=\"lazy\" class=\"aligncenter size-full wp-image-284341\" src=\"https:\/\/up.lublin.pl\/wp-content\/uploads\/2022\/08\/kkowal5.jpg\" alt=\"\" width=\"1200\" height=\"1600\" \/><\/a><strong>Me with my internship supervisor Dr. Mercedes Fern\u00e1ndez Moreno<\/strong><\/p>\n                                        <\/div>\n\t\t\t\t\t\t                                <\/div>\n\t\t\t\t                <div class=\"mn-content-block\">\n\t                                <\/div>\n\t\t\t\t                <div class=\"mn-content-block\">\n\t                                <\/div>\n\t\t\t\t                <div class=\"mn-content-block\">\n\t                                <\/div>\n\t\t\t\t                <div class=\"mn-content-block\">\n\t                                <\/div>\n\t\t\t\t                <div class=\"mn-content-block\">\n\t                                <\/div>\n\t\t\t\t                <div class=\"mn-content-block\">\n\t                                <\/div>\n\t\t\t\t                <div class=\"mn-content-block\">\n\t                                <\/div>\n\t\t\t\t                <div class=\"mn-content-block\">\n\t                                <\/div>\n\t\t\t\t                <div class=\"mn-content-block\">\n\t                                <\/div>\n\t\t\t\t                <div class=\"mn-content-block\">\n\t                                <\/div>\n\t\t\t\t                <div class=\"mn-content-block\">\n\t                                <\/div>\n\t\t\t\t                <div class=\"mn-content-block\">\n\t                                <\/div>\n\t\t\t\t                <div class=\"mn-content-block\">\n\t                                <\/div>\n\t\t\t\t                <div class=\"mn-content-block\">\n\t                                <\/div>\n\t\t\t\t                <div class=\"mn-content-block\">\n\t                                <\/div>\n\t\t\t\t                <div class=\"mn-content-block\">\n\t                                <\/div>\n\t\t\t\t                <div class=\"mn-content-block\">\n\t                                <\/div>\n\t\t\t\t                <div class=\"mn-content-block\">\n\t                                <\/div>\n\t\t\t\t                <div class=\"mn-content-block\">\n\t                                <\/div>\n\t\t\t\t\t\t<\/div>\n\t<\/div>\n<\/section>\n\t\t<\/div>\n\t\t\t\t<\/div>\n\t\t\t\t\t\t<\/div>\n\t\t\t\t\t<\/div>\n\t\t<\/div>\n\t\t\t\t\t\t\t\t<\/div>\n\t\t\t\t\t<\/div>\n\t\t<\/section>\n\t\t\t\t\t\t<\/div>\n\t\t\t\t\t\t<\/div>\n\t\t\t\t\t<\/div>\n\t\t","protected":false},"excerpt":{"rendered":"<p>Discipline: animal science and fisheries Krzysztof Kowal, III rok SD From 01\/04\/2022 to 30\/06\/2022 I&nbsp;was in an internship at the Instituto de Investigaci\u00f3n Biom\u00e9dica in Coru\u00f1a (Spain). The aim of the internship was to learn molecular biology methods and techniques, in particular RT-PCR, Real-Time PCR, mitochondrial DNA haplotype analysis, Sanger and NGS sequencing as well [&hellip;]<\/p>\n","protected":false},"author":265,"featured_media":284318,"comment_status":"closed","ping_status":"closed","sticky":false,"template":"elementor_header_footer","format":"standard","meta":{"_monsterinsights_skip_tracking":false,"_monsterinsights_sitenote_active":false,"_monsterinsights_sitenote_note":"","_monsterinsights_sitenote_category":0},"categories":[5545],"tags":[],"_links":{"self":[{"href":"https:\/\/up.lublin.pl\/en\/wp-json\/wp\/v2\/posts\/284348"}],"collection":[{"href":"https:\/\/up.lublin.pl\/en\/wp-json\/wp\/v2\/posts"}],"about":[{"href":"https:\/\/up.lublin.pl\/en\/wp-json\/wp\/v2\/types\/post"}],"author":[{"embeddable":true,"href":"https:\/\/up.lublin.pl\/en\/wp-json\/wp\/v2\/users\/265"}],"replies":[{"embeddable":true,"href":"https:\/\/up.lublin.pl\/en\/wp-json\/wp\/v2\/comments?post=284348"}],"version-history":[{"count":7,"href":"https:\/\/up.lublin.pl\/en\/wp-json\/wp\/v2\/posts\/284348\/revisions"}],"predecessor-version":[{"id":284355,"href":"https:\/\/up.lublin.pl\/en\/wp-json\/wp\/v2\/posts\/284348\/revisions\/284355"}],"wp:featuredmedia":[{"embeddable":true,"href":"https:\/\/up.lublin.pl\/en\/wp-json\/wp\/v2\/media\/284318"}],"wp:attachment":[{"href":"https:\/\/up.lublin.pl\/en\/wp-json\/wp\/v2\/media?parent=284348"}],"wp:term":[{"taxonomy":"category","embeddable":true,"href":"https:\/\/up.lublin.pl\/en\/wp-json\/wp\/v2\/categories?post=284348"},{"taxonomy":"post_tag","embeddable":true,"href":"https:\/\/up.lublin.pl\/en\/wp-json\/wp\/v2\/tags?post=284348"}],"curies":[{"name":"wp","href":"https:\/\/api.w.org\/{rel}","templated":true}]}}