{"id":183436,"date":"2021-07-23T10:28:36","date_gmt":"2021-07-23T08:28:36","guid":{"rendered":"https:\/\/up.lublin.pl\/?p=183436"},"modified":"2021-07-23T10:29:41","modified_gmt":"2021-07-23T08:29:41","slug":"dr-hab-marta-dec","status":"publish","type":"post","link":"https:\/\/up.lublin.pl\/en\/blog\/dr-hab-marta-dec\/","title":{"rendered":"Dr hab. Marta Dec"},"content":{"rendered":"\t\t<div data-elementor-type=\"wp-post\" data-elementor-id=\"183436\" class=\"elementor elementor-183436 elementor-170945\" data-elementor-settings=\"[]\">\n\t\t\t\t\t\t<div class=\"elementor-inner\">\n\t\t\t\t\t\t\t<div class=\"elementor-section-wrap\">\n\t\t\t\t\t\t\t<section class=\"elementor-section elementor-top-section elementor-element elementor-element-746c686 elementor-section-boxed elementor-section-height-default elementor-section-height-default\" data-id=\"746c686\" data-element_type=\"section\">\n\t\t\t\t\t\t<div class=\"elementor-container elementor-column-gap-default\">\n\t\t\t\t\t\t\t<div class=\"elementor-row\">\n\t\t\t\t\t<div class=\"elementor-column elementor-col-100 elementor-top-column elementor-element elementor-element-a5f0b87\" data-id=\"a5f0b87\" data-element_type=\"column\">\n\t\t\t<div class=\"elementor-column-wrap elementor-element-populated\">\n\t\t\t\t\t\t\t<div class=\"elementor-widget-wrap\">\n\t\t\t\t\t\t<div class=\"elementor-element elementor-element-053994b elementor-widget elementor-widget-m5c\" data-id=\"053994b\" data-element_type=\"widget\" data-widget_type=\"m5c.default\">\n\t\t\t\t<div class=\"elementor-widget-container\">\n\t\t\t<section class=\"mn-m5-c mn-m5-d2 mn-bg-white\">\n\t<div class=\"mn-grid\">\n\t\t\t\t<div class=\"mn-content mn-grid-9\">\n\t\t\t                <div class=\"mn-content-block active\">\n\t                                                        <div class=\"block-text\">\n\t                                        <h4>Dr hab. Marta Dec<\/h4>\n<p>Faculty of Veterinary Medicine<br \/>Department of Veterinary Prevention and Avian Diseases<br \/>phone no.: +48 81 445-69-65<br \/>e-mail: marta.dec@up.lublin.pl<\/p>\n<h4>Characteristics of the conducted research<\/h4>\n<ol>\n<li>Veterinary microbiology<\/li>\n<li>Bacteriology \u2013 non-pathogenic and pathogenic bacteria<\/li>\n<li>Probiotics<\/li>\n<\/ol>\n<h4>Publications<\/h4>\n<ol>\n<li><strong>Dec M<\/strong>., St\u0119pie\u0144-Py\u015bniak D., Puchalski A., Hauschild T., Pietras-O\u017cga D., Ignaciuk S., Urban-Chmiel R. Biodiversity of <em>Ligilactobacillus salivarius<\/em> strains from poultry and domectic pigeons. Animals 2021, 11, 972.\u00a0<\/li>\n<li>Turchi B,\u00a0<strong>Dec M<\/strong>, Bertelloni F, Winiarczyk S, Gnat S, Bresciani F, Viviani F, Cerri D, Fratini F. <a href=\"https:\/\/pubmed.ncbi.nlm.nih.gov\/30676273\/\">Antibiotic Susceptibility and Virulence Factors in\u00a0<em>Escherichia coli<\/em>\u00a0from Sympatric Wildlife of the Apuan Alps Regional Park (Tuscany, Italy).<\/a> Microb. Drug Resist. 2019, 25, 772-780.<\/li>\n<\/ol>\n                                        <\/div>\n\t\t\t\t\t\t                                <\/div>\n\t\t\t\t                <div class=\"mn-content-block\">\n\t                                <\/div>\n\t\t\t\t                <div class=\"mn-content-block\">\n\t                                <\/div>\n\t\t\t\t                <div class=\"mn-content-block\">\n\t                                <\/div>\n\t\t\t\t                <div class=\"mn-content-block\">\n\t                                <\/div>\n\t\t\t\t                <div class=\"mn-content-block\">\n\t                                <\/div>\n\t\t\t\t                <div class=\"mn-content-block\">\n\t                                <\/div>\n\t\t\t\t                <div class=\"mn-content-block\">\n\t                                <\/div>\n\t\t\t\t                <div class=\"mn-content-block\">\n\t                                <\/div>\n\t\t\t\t                <div class=\"mn-content-block\">\n\t                                <\/div>\n\t\t\t\t                <div class=\"mn-content-block\">\n\t                                <\/div>\n\t\t\t\t                <div class=\"mn-content-block\">\n\t                                <\/div>\n\t\t\t\t                <div class=\"mn-content-block\">\n\t                                <\/div>\n\t\t\t\t                <div class=\"mn-content-block\">\n\t                                <\/div>\n\t\t\t\t                <div class=\"mn-content-block\">\n\t                                <\/div>\n\t\t\t\t                <div class=\"mn-content-block\">\n\t                                <\/div>\n\t\t\t\t                <div class=\"mn-content-block\">\n\t                                <\/div>\n\t\t\t\t                <div class=\"mn-content-block\">\n\t                                <\/div>\n\t\t\t\t                <div class=\"mn-content-block\">\n\t                                <\/div>\n\t\t\t\t                <div class=\"mn-content-block\">\n\t                                <\/div>\n\t\t\t\t\t\t<\/div>\n\t<\/div>\n<\/section>\n\t\t<\/div>\n\t\t\t\t<\/div>\n\t\t\t\t\t\t<\/div>\n\t\t\t\t\t<\/div>\n\t\t<\/div>\n\t\t\t\t\t\t\t\t<\/div>\n\t\t\t\t\t<\/div>\n\t\t<\/section>\n\t\t\t\t\t\t<\/div>\n\t\t\t\t\t\t<\/div>\n\t\t\t\t\t<\/div>\n\t\t","protected":false},"excerpt":{"rendered":"<p>Dr hab. Marta Dec Faculty of Veterinary MedicineDepartment of Veterinary Prevention and Avian Diseasesphone no.: +48 81 445-69-65e-mail: marta.dec@up.lublin.pl Characteristics of the conducted research Veterinary microbiology Bacteriology \u2013 non-pathogenic and pathogenic bacteria Probiotics Publications Dec M., St\u0119pie\u0144-Py\u015bniak D., Puchalski A., Hauschild T., Pietras-O\u017cga D., Ignaciuk S., Urban-Chmiel R. Biodiversity of Ligilactobacillus salivarius strains from poultry [&hellip;]<\/p>\n","protected":false},"author":2,"featured_media":170880,"comment_status":"closed","ping_status":"closed","sticky":false,"template":"elementor_header_footer","format":"standard","meta":{"_monsterinsights_skip_tracking":false,"_monsterinsights_sitenote_active":false,"_monsterinsights_sitenote_note":"","_monsterinsights_sitenote_category":0},"categories":[5552],"tags":[],"_links":{"self":[{"href":"https:\/\/up.lublin.pl\/en\/wp-json\/wp\/v2\/posts\/183436"}],"collection":[{"href":"https:\/\/up.lublin.pl\/en\/wp-json\/wp\/v2\/posts"}],"about":[{"href":"https:\/\/up.lublin.pl\/en\/wp-json\/wp\/v2\/types\/post"}],"author":[{"embeddable":true,"href":"https:\/\/up.lublin.pl\/en\/wp-json\/wp\/v2\/users\/2"}],"replies":[{"embeddable":true,"href":"https:\/\/up.lublin.pl\/en\/wp-json\/wp\/v2\/comments?post=183436"}],"version-history":[{"count":4,"href":"https:\/\/up.lublin.pl\/en\/wp-json\/wp\/v2\/posts\/183436\/revisions"}],"predecessor-version":[{"id":183440,"href":"https:\/\/up.lublin.pl\/en\/wp-json\/wp\/v2\/posts\/183436\/revisions\/183440"}],"wp:featuredmedia":[{"embeddable":true,"href":"https:\/\/up.lublin.pl\/en\/wp-json\/wp\/v2\/media\/170880"}],"wp:attachment":[{"href":"https:\/\/up.lublin.pl\/en\/wp-json\/wp\/v2\/media?parent=183436"}],"wp:term":[{"taxonomy":"category","embeddable":true,"href":"https:\/\/up.lublin.pl\/en\/wp-json\/wp\/v2\/categories?post=183436"},{"taxonomy":"post_tag","embeddable":true,"href":"https:\/\/up.lublin.pl\/en\/wp-json\/wp\/v2\/tags?post=183436"}],"curies":[{"name":"wp","href":"https:\/\/api.w.org\/{rel}","templated":true}]}}