{"id":92637,"date":"2026-04-27T14:27:38","date_gmt":"2026-04-27T12:27:38","guid":{"rendered":"https:\/\/up.lublin.pl\/bip\/?p=92637"},"modified":"2026-04-27T14:29:36","modified_gmt":"2026-04-27T12:29:36","slug":"konkurs-na-stanowisko-asystenta-badawczo-dydaktycznego-w-katedrze-higieny-zywnosci-zwierzecego-pochodzenia","status":"publish","type":"post","link":"https:\/\/up.lublin.pl\/bip\/konkurs-na-stanowisko-asystenta-badawczo-dydaktycznego-w-katedrze-higieny-zywnosci-zwierzecego-pochodzenia\/","title":{"rendered":"Konkurs na stanowisko asystenta badawczo-dydaktycznego w Katedrze Higieny \u017bywno\u015bci Zwierz\u0119cego Pochodzenia"},"content":{"rendered":"\t\t<div data-elementor-type=\"wp-post\" data-elementor-id=\"92637\" class=\"elementor elementor-92637\" data-elementor-settings=\"[]\">\n\t\t\t\t\t\t<div class=\"elementor-inner\">\n\t\t\t\t\t\t\t<div class=\"elementor-section-wrap\">\n\t\t\t\t\t\t\t<section class=\"elementor-section elementor-top-section elementor-element elementor-element-a5ea405 elementor-section-boxed elementor-section-height-default elementor-section-height-default\" data-id=\"a5ea405\" data-element_type=\"section\">\n\t\t\t\t\t\t<div class=\"elementor-container elementor-column-gap-default\">\n\t\t\t\t\t\t\t<div class=\"elementor-row\">\n\t\t\t\t\t<div class=\"elementor-column elementor-col-100 elementor-top-column elementor-element elementor-element-dfc5e78\" data-id=\"dfc5e78\" data-element_type=\"column\">\n\t\t\t<div class=\"elementor-column-wrap elementor-element-populated\">\n\t\t\t\t\t\t\t<div class=\"elementor-widget-wrap\">\n\t\t\t\t\t\t<div class=\"elementor-element elementor-element-c9628b2 elementor-widget elementor-widget-m5c\" data-id=\"c9628b2\" data-element_type=\"widget\" data-widget_type=\"m5c.default\">\n\t\t\t\t<div class=\"elementor-widget-container\">\n\t\t\t<section class=\"mn-m5-c mn-m5-d2 mn-bg-white\">\n\t<div class=\"mn-grid\">\n\t\t\t\t<div class=\"mn-content mn-grid-9\">\n\t\t\t                <div class=\"mn-content-block active\">\n\t                                                        <div class=\"block-text\">\n\t                                        <p style=\"text-align: center;\"><strong>Dziekan <br \/><\/strong><strong>Wydzia\u0142u Medycyny Weterynaryjnej <br \/><\/strong><strong>Uniwersytetu Przyrodniczego w&nbsp;Lublinie<br \/><\/strong><strong>og\u0142asza <\/strong><strong>otwarty konkurs<br \/><\/strong><strong>na stanowisko asystenta badawczo-dydaktycznego <br \/><\/strong><strong>w Katedrze Higieny \u017bywno\u015bci Zwierz\u0119cego Pochodzenia<\/strong><\/p>\n<p>\u00a0<\/p>\n<p><strong>Kryteria kwalifikacyjne:<\/strong><\/p>\n<p>Do konkursu mog\u0105 przyst\u0105pi\u0107 osoby, kt\u00f3re spe\u0142niaj\u0105 wymogi okre\u015blone w&nbsp;art. 113 ustawy z&nbsp;dnia 20 lipca 2018 r. Prawo o&nbsp;szkolnictwie wy\u017cszym i&nbsp;nauce (tj. Dz.U. z&nbsp;2024 r. poz. 1571 z&nbsp;p\u00f3\u017an. zm.) oraz spe\u0142niaj\u0105 nast\u0119puj\u0105ce kryteria kwalifikacyjne:<\/p>\n<ul>\n<li>uko\u0144czone studia na kierunku weterynaria z&nbsp;ocen\u0105 co najmniej dobr\u0105<\/li>\n<li>potwierdzona znajomo\u015b\u0107 j\u0119zyka angielskiego<\/li>\n<li>umiej\u0119tno\u015b\u0107 obs\u0142ugi komputera w&nbsp;zakresie co najmniej podstawowym pakietu MS Office<\/li>\n<\/ul>\n<p><strong>Dodatkowe kryteria:<\/strong><\/p>\n<ul>\n<li>predyspozycje do dzia\u0142alno\u015bci naukowej, dydaktycznej i&nbsp;organizacyjnej potwierdzone publikacjami naukowymi i\/lub doniesieniami konferencyjnymi i\/lub do\u015bwiadczeniem w&nbsp;pracy dydaktycznej<\/li>\n<\/ul>\n<p><strong>G\u0142\u00f3wne zadania na stanowisku:<\/strong><\/p>\n<p><strong>Zadania dydaktyczne:<\/strong><\/p>\n<ul>\n<li>prowadzenie zaj\u0119\u0107 ze studentami polsko- i&nbsp;angloj\u0119zycznymi,<\/li>\n<li>udzia\u0142 w&nbsp;wyjazdach terenowych ze studentami w&nbsp;rze\u017aniach i&nbsp;innych jednostkach produkuj\u0105cych \u017cywno\u015b\u0107 zwierz\u0119cego pochodzenia<\/li>\n<\/ul>\n<p><strong>Zadania naukowe:<\/strong><\/p>\n<ul>\n<li>prowadzenie bada\u0144 naukowych,<\/li>\n<li>przygotowywanie i&nbsp;publikowanie prac naukowych w&nbsp;czasopismach o&nbsp;zasi\u0119gu mi\u0119dzynarodowym.<\/li>\n<li>aplikowanie w&nbsp;konkursach celem pozyskania \u015brodk\u00f3w na badania<\/li>\n<li>sta\u0142e podnoszenie i&nbsp;doskonalenie kwalifikacji zawodowych w&nbsp;tym obszarze<\/li>\n<\/ul>\n<p><strong>Zadania organizacyjne:<\/strong><\/p>\n<ul>\n<li>zaanga\u017cowanie w&nbsp;dzia\u0142alno\u015b\u0107 organizacyjn\u0105 Katedry oraz Uniwersytetu Przyrodniczego w&nbsp;Lublinie (m. in. udzia\u0142 w&nbsp;organizacji sympozj\u00f3w, seminari\u00f3w, konferencji, akcji promuj\u0105cych macierzyst\u0105 jednostk\u0119, udzia\u0142 w&nbsp;pracach komisji uczelnianych i&nbsp;wydzia\u0142owych).<\/li>\n<\/ul>\n<p><strong>Oferujemy:<\/strong><\/p>\n<ol style=\"margin-bottom: 20px;\">\n<li>Stabilne zatrudnienie w&nbsp;oparciu o&nbsp;umow\u0119 o&nbsp;prac\u0119 w&nbsp;instytucji o&nbsp;ugruntowanej pozycji,<\/li>\n<li>Wsparcie naukowe i&nbsp;mo\u017cliwo\u015b\u0107 podnoszenia kwalifikacji oraz rozwoju zawodowego,<\/li>\n<li>Dost\u0119p do infrastruktury badawczej,<\/li>\n<li>Mo\u017cliwo\u015b\u0107 skorzystania z&nbsp;grupowego ubezpieczenia na \u017cycie i&nbsp;opieki lekarskiej.<\/li>\n<li>Benefity: 13-sta pensja, pakiet socjalny (m. in. dofinansowanie do wypoczynku, do zakupu karnetu na zaj\u0119cia sportowe i&nbsp;imprezy kulturalne, dofinansowanie do wycieczek) zgodnie z&nbsp;Regulaminem Zak\u0142adowego Funduszu \u015awiadcze\u0144 Socjalnych.<\/li>\n<\/ol>\n<p><strong>Wymagane dokumenty aplikacyjne:<\/strong><\/p>\n<ol style=\"margin-bottom: 20px;\">\n<li>podanie o\u00a0zatrudnienie skierowane do JM Rektora Uniwersytetu Przyrodniczego w&nbsp;Lublinie,<\/li>\n<li>CV,<\/li>\n<li>kopie dokument\u00f3w potwierdzaj\u0105cych posiadane wykszta\u0142cenie,<\/li>\n<li>list motywacyjny,<\/li>\n<li>kwestionariusz dla osoby ubiegaj\u0105cej si\u0119 o\u00a0zatrudnienie,<\/li>\n<li>o\u015bwiadczenie o\u00a0spe\u0142nieniu wymaga\u0144 okre\u015blonych w\u00a0art. 113 ustawy z\u00a0dnia 20 lipca 2018 Prawo o\u00a0szkolnictwie wy\u017cszym i\u00a0nauce,<\/li>\n<li>o\u015bwiadczenie, \u017ce Uniwersytet Przyrodniczy w\u00a0Lublinie b\u0119dzie podstawowym miejscem pracy w&nbsp;przypadku wygrania konkursu,<\/li>\n<li>zgoda na przetwarzanie danych osobowych,<\/li>\n<\/ol>\n<p>Wzory formularzy dokument\u00f3w (nr 5-8) mo\u017cna pobra\u0107 na stronie <a href=\"https:\/\/up.lublin.pl\/bip\/konkursy\/druki-do-pobrania\/\">druki do pobrania<\/a>.<\/p>\n<p><strong>Sk\u0142adanie dokument\u00f3w:<\/strong><\/p>\n<p>Wymagane dokumenty nale\u017cy przes\u0142a\u0107 lub sk\u0142ada\u0107 do dnia 22.05.2026 do godz. 14:00 w&nbsp;Dziekanacie Wydzia\u0142u Medycyny Weterynaryjnej, ul. G\u0142\u0119boka 30, nr pokoju\u00a0 327 w&nbsp;zamkni\u0119tej kopercie z&nbsp;dopiskiem \u201eOferta pracy \u2013w Katedrze Higieny \u017bywno\u015bci Zwierz\u0119cego Pochodzenia<\/p>\n<p><strong>Dodatkowe informacje:<\/strong><\/p>\n<ol style=\"margin-bottom: 20px;\">\n<li>Przewidywany termin rozstrzygni\u0119cie konkursu nast\u0105pi dnia 29.05.2026 r.<\/li>\n<li>Planowany termin rozpocz\u0119cia pracy 01.10.2026 r.<\/li>\n<li>Oferty niekompletne nie b\u0119d\u0105 brane pod uwag\u0119.<\/li>\n<li>Kopie dokument\u00f3w powinny by\u0107 po\u015bwiadczone notarialne lub z\u0142o\u017cone bezpo\u015brednio w&nbsp;UP w&nbsp;Lublinie z&nbsp;orygina\u0142em do wgl\u0105du.<\/li>\n<li>Dokumenty wydane w&nbsp;j\u0119zyku obcym powinny by\u0107 przet\u0142umaczone na j\u0119zyk polski.<\/li>\n<li>Uczelnia zastrzega sobie prawo do skontaktowania si\u0119 z&nbsp;wybranymi kandydatami, kt\u00f3rzy zostan\u0105 poinformowani telefonicznie lub e-mailem o&nbsp;dalszych etapach konkursu.<\/li>\n<li>Niepoinformowanie kandydata o&nbsp;wynikach konkursu jest r\u00f3wnoznaczne z&nbsp;odrzuceniem jego oferty. Post\u0119powanie konkursowe mo\u017ce zosta\u0107 odwo\u0142ane bez podania przyczyny, na ka\u017cdym jego etapie bez ponoszenia jakichkolwiek konsekwencji finansowych i&nbsp;prawnych z&nbsp;tego tytu\u0142u.<\/li>\n<\/ol>\n<p><em>Realizuj\u0105c obowi\u0105zek wynikaj\u0105cy z&nbsp;art. 24 ust. 6 ustawy z&nbsp;dnia 14 czerwca 2024 r. o&nbsp;ochronie sygnalist\u00f3w (Dz. U. z&nbsp;2024 r. poz. 928)\u00a0 informujemy, \u017ce w&nbsp;Uniwersytecie Przyrodniczym w&nbsp;Lublinie wprowadzono procedur\u0119 zg\u0142osze\u0144 wewn\u0119trznych tj. Regulamin Zg\u0142osze\u0144 Wewn\u0119trznych \/Zarz\u0105dzenie Rektora nr 26 z&nbsp;dnia 6 marca 2025 r.\/, dost\u0119pny pod adresem <\/em><a href=\"https:\/\/up.lublin.pl\/bip\/zarzadzenia-rektora\/\"><em>https:\/\/up.lublin.pl\/bip\/zarzadzenia-rektora\/<\/em><\/a><\/p>\n                                        <\/div>\n\t\t\t\t\t\t                                <\/div>\n\t\t\t\t                <div class=\"mn-content-block\">\n\t                                <\/div>\n\t\t\t\t                <div class=\"mn-content-block\">\n\t                                <\/div>\n\t\t\t\t                <div class=\"mn-content-block\">\n\t                                <\/div>\n\t\t\t\t                <div class=\"mn-content-block\">\n\t                                <\/div>\n\t\t\t\t                <div class=\"mn-content-block\">\n\t                                <\/div>\n\t\t\t\t                <div class=\"mn-content-block\">\n\t                                <\/div>\n\t\t\t\t                <div class=\"mn-content-block\">\n\t                                <\/div>\n\t\t\t\t                <div class=\"mn-content-block\">\n\t                                <\/div>\n\t\t\t\t                <div class=\"mn-content-block\">\n\t                                <\/div>\n\t\t\t\t                <div class=\"mn-content-block\">\n\t                                <\/div>\n\t\t\t\t                <div class=\"mn-content-block\">\n\t                                <\/div>\n\t\t\t\t                <div class=\"mn-content-block\">\n\t                                <\/div>\n\t\t\t\t                <div class=\"mn-content-block\">\n\t                                <\/div>\n\t\t\t\t                <div class=\"mn-content-block\">\n\t                                <\/div>\n\t\t\t\t                <div class=\"mn-content-block\">\n\t                                <\/div>\n\t\t\t\t                <div class=\"mn-content-block\">\n\t                                <\/div>\n\t\t\t\t                <div class=\"mn-content-block\">\n\t                                <\/div>\n\t\t\t\t                <div class=\"mn-content-block\">\n\t                                <\/div>\n\t\t\t\t                <div class=\"mn-content-block\">\n\t                                <\/div>\n\t\t\t\t\t\t<\/div>\n\t<\/div>\n<\/section>\n\t\t<\/div>\n\t\t\t\t<\/div>\n\t\t\t\t\t\t<\/div>\n\t\t\t\t\t<\/div>\n\t\t<\/div>\n\t\t\t\t\t\t\t\t<\/div>\n\t\t\t\t\t<\/div>\n\t\t<\/section>\n\t\t\t\t\t\t<\/div>\n\t\t\t\t\t\t<\/div>\n\t\t\t\t\t<\/div>\n\t\t","protected":false},"excerpt":{"rendered":"<p>Dziekan Wydzia\u0142u Medycyny Weterynaryjnej Uniwersytetu Przyrodniczego w&nbsp;Lublinieog\u0142asza otwarty konkursna stanowisko asystenta badawczo-dydaktycznego w Katedrze Higieny \u017bywno\u015bci Zwierz\u0119cego Pochodzenia \u00a0 Kryteria kwalifikacyjne: Do konkursu mog\u0105 przyst\u0105pi\u0107 osoby, kt\u00f3re spe\u0142niaj\u0105 wymogi okre\u015blone w&nbsp;art. 113 ustawy z&nbsp;dnia 20 lipca 2018 r. Prawo o&nbsp;szkolnictwie wy\u017cszym i&nbsp;nauce (tj. Dz.U. z&nbsp;2024 r. poz. 1571 z&nbsp;p\u00f3\u017an. zm.) oraz spe\u0142niaj\u0105 nast\u0119puj\u0105ce kryteria kwalifikacyjne: [&hellip;]<\/p>\n","protected":false},"author":2,"featured_media":83892,"comment_status":"closed","ping_status":"closed","sticky":false,"template":"elementor_header_footer","format":"standard","meta":{"_monsterinsights_skip_tracking":false,"_monsterinsights_sitenote_active":false,"_monsterinsights_sitenote_note":"","_monsterinsights_sitenote_category":0},"categories":[85],"tags":[],"_links":{"self":[{"href":"https:\/\/up.lublin.pl\/bip\/wp-json\/wp\/v2\/posts\/92637"}],"collection":[{"href":"https:\/\/up.lublin.pl\/bip\/wp-json\/wp\/v2\/posts"}],"about":[{"href":"https:\/\/up.lublin.pl\/bip\/wp-json\/wp\/v2\/types\/post"}],"author":[{"embeddable":true,"href":"https:\/\/up.lublin.pl\/bip\/wp-json\/wp\/v2\/users\/2"}],"replies":[{"embeddable":true,"href":"https:\/\/up.lublin.pl\/bip\/wp-json\/wp\/v2\/comments?post=92637"}],"version-history":[{"count":4,"href":"https:\/\/up.lublin.pl\/bip\/wp-json\/wp\/v2\/posts\/92637\/revisions"}],"predecessor-version":[{"id":92642,"href":"https:\/\/up.lublin.pl\/bip\/wp-json\/wp\/v2\/posts\/92637\/revisions\/92642"}],"wp:featuredmedia":[{"embeddable":true,"href":"https:\/\/up.lublin.pl\/bip\/wp-json\/wp\/v2\/media\/83892"}],"wp:attachment":[{"href":"https:\/\/up.lublin.pl\/bip\/wp-json\/wp\/v2\/media?parent=92637"}],"wp:term":[{"taxonomy":"category","embeddable":true,"href":"https:\/\/up.lublin.pl\/bip\/wp-json\/wp\/v2\/categories?post=92637"},{"taxonomy":"post_tag","embeddable":true,"href":"https:\/\/up.lublin.pl\/bip\/wp-json\/wp\/v2\/tags?post=92637"}],"curies":[{"name":"wp","href":"https:\/\/api.w.org\/{rel}","templated":true}]}}