{"id":92535,"date":"2026-04-15T12:41:50","date_gmt":"2026-04-15T10:41:50","guid":{"rendered":"https:\/\/up.lublin.pl\/bip\/?p=92535"},"modified":"2026-04-15T13:07:06","modified_gmt":"2026-04-15T11:07:06","slug":"przetarg-nieograniczony-na-sprzedaz-jeden-kon","status":"publish","type":"post","link":"https:\/\/up.lublin.pl\/bip\/przetarg-nieograniczony-na-sprzedaz-jeden-kon\/","title":{"rendered":"Przetarg nieograniczony na sprzeda\u017c \u015brodk\u00f3w trwa\u0142ych stanowi\u0105cych w\u0142asno\u015b\u0107 Uniwersytetu Przyrodniczego w Lublinie, na kt\u00f3re sk\u0142ada si\u0119: jeden ko\u0144"},"content":{"rendered":"\t\t<div data-elementor-type=\"wp-post\" data-elementor-id=\"92535\" class=\"elementor elementor-92535\" data-elementor-settings=\"[]\">\n\t\t\t\t\t\t<div class=\"elementor-inner\">\n\t\t\t\t\t\t\t<div class=\"elementor-section-wrap\">\n\t\t\t\t\t\t\t<section class=\"elementor-section elementor-top-section elementor-element elementor-element-bc1858b elementor-section-boxed elementor-section-height-default elementor-section-height-default\" data-id=\"bc1858b\" data-element_type=\"section\">\n\t\t\t\t\t\t<div class=\"elementor-container elementor-column-gap-default\">\n\t\t\t\t\t\t\t<div class=\"elementor-row\">\n\t\t\t\t\t<div class=\"elementor-column elementor-col-100 elementor-top-column elementor-element elementor-element-fcc0182\" data-id=\"fcc0182\" data-element_type=\"column\">\n\t\t\t<div class=\"elementor-column-wrap elementor-element-populated\">\n\t\t\t\t\t\t\t<div class=\"elementor-widget-wrap\">\n\t\t\t\t\t\t<div class=\"elementor-element elementor-element-d8c6db5 elementor-widget elementor-widget-m5c\" data-id=\"d8c6db5\" data-element_type=\"widget\" data-widget_type=\"m5c.default\">\n\t\t\t\t<div class=\"elementor-widget-container\">\n\t\t\t<section class=\"mn-m5-c mn-m5-d2 mn-bg-white\">\n\t<div class=\"mn-grid\">\n\t\t\t\t<div class=\"mn-content mn-grid-9\">\n\t\t\t                <div class=\"mn-content-block active\">\n\t                                                        <div class=\"block-text\">\n\t                                        <p style=\"text-align: center;\">Uniwersytet Przyrodniczy w&nbsp;Lublinie\u00a0<br \/>og\u0142asza\u00a0<strong><br \/>przetarg nieograniczony na sprzeda\u017c \u015brodk\u00f3w trwa\u0142ych stanowi\u0105cych w\u0142asno\u015b\u0107 Uniwersytetu Przyrodniczego w&nbsp;Lublinie, na kt\u00f3re sk\u0142ada si\u0119: jeden ko\u0144<\/strong><\/p>\n<p>\u015arodki rzeczowe stanowi\u0105ce przedmiot przetargu znajduj\u0105 si\u0119 na terenie Uczelni:<\/p>\n<p>O\u015brodek Je\u017adziecki Uniwersytetu Przyrodniczego w&nbsp;Lublinie ul. Do\u015bwiadczalna 50, 20-280 Lublin<\/p>\n<p>O\u015brodek Je\u017adziecki Uniwersytetu Przyrodniczego w&nbsp;Lublinie umo\u017cliwia <strong>obejrzenie i&nbsp;zapoznanie si\u0119 ze stanem koni w&nbsp;dniu: 20.04.2026 r. w&nbsp;godz. 10-14.<\/strong><\/p>\n<p>Kontakt: dr hab. Izabela Wilk, prof. uczelni, tel. 661-723-999<\/p>\n<p>Oferty mo\u017cna sk\u0142ada\u0107 <strong>do dnia 23.04.2026 r. do godz.10.00<\/strong> w&nbsp;budynku Rektoratu, Lublin, ul. Akademicka 13, Sekretariat Uczelni pok.261.<\/p>\n<p>Otwarcie ofert nast\u0105pi w&nbsp;dniu 23.04.2026 r. godz.10.30 w&nbsp;budynku Rektoratu Uniwersytetu Przyrodniczego w&nbsp;Lublinie, ul. Akademicka 13, pok. 501a.<\/p>\n<p>Warunkiem przyst\u0105pienia do przetargu jest z\u0142o\u017cenie oferty z\u00a0podaniem nazwy konia oraz oferowan\u0105 cen\u0105 brutto zakupu.<\/p>\n<p>Informacje o\u00a0przetargu mo\u017cna uzyska\u0107 w\u00a0Katedrze Hodowli i&nbsp;U\u017cytkowania Koni, pok.7, Lublin, ul. Do\u015bwiadczalna 50, tel. 81\u00a0710 24 55 w\u00a0godz. 8 \u2013 14.<\/p>\n<p>Uniwersytet Przyrodniczy w\u00a0Lublinie zastrzega sobie prawo odwo\u0142ania przetargu bez podania przyczyny.<\/p>\n<table style=\"border-collapse: collapse; width: 100%; height: 46px; margin-bottom: 20px;\">\n<tbody>\n<tr style=\"height: 23px;\">\n<th style=\"width: 1.94591%; height: 23px;\">Lp.<\/th>\n<th style=\"width: 15.5343%; height: 23px;\">Nazwa konia<\/th>\n<th style=\"width: 12.8958%; height: 23px;\">Rasa konia<\/th>\n<th style=\"width: 13.1596%; height: 23px;\">P\u0142e\u0107<\/th>\n<th style=\"width: 15.0066%; height: 23px;\">Numer inwentarzowy<\/th>\n<th style=\"width: 13.0277%; height: 23px;\">Rok urodzenia<\/th>\n<th style=\"width: 12.8958%; height: 23px;\">Warto\u015b\u0107 rynkowa (brutto)<\/th>\n<th style=\"width: 15.5343%; height: 23px;\">Uwagi<\/th>\n<\/tr>\n<tr style=\"height: 23px;\">\n<td style=\"width: 1.94591%; height: 23px; vertical-align: middle;\">1.<\/td>\n<td style=\"width: 15.5343%; height: 23px; vertical-align: middle;\">NEWA<\/td>\n<td style=\"width: 12.8958%; height: 23px; vertical-align: middle;\">ma\u0142opolska<\/td>\n<td style=\"width: 13.1596%; height: 23px; vertical-align: middle;\">klacz<\/td>\n<td style=\"width: 15.0066%; height: 23px; vertical-align: middle;\">ZKK\/254<\/td>\n<td style=\"width: 13.0277%; height: 23px; vertical-align: middle;\">2016<\/td>\n<td style=\"width: 12.8958%; height: 23px; vertical-align: middle;\">17\u00a0000,00<\/td>\n<td style=\"width: 15.5343%; height: 23px;\">ko\u0144 chodzi pod siod\u0142em, skacze niewielkie przeszkody<\/td>\n<\/tr>\n<\/tbody>\n<\/table>\n<p><strong>\u00a0Do pobrania:<\/strong><\/p>\n                                        <\/div>\n\t\t\t\t\t\t                                                        <div class=\"mn-cards-list\">\n                                            <div class=\"mn-card-container\">\n                                                <div>\n                                                    <img src=\"https:\/\/up.lublin.pl\/bip\/wp-content\/themes\/up-lublin\/assets\/images\/doc-ico.svg\" alt=\"\" \/>\n                                                    <h5>Regulamin przetargu (.pdf)<\/h5>\n                                                <\/div>\n                                                <a href=\"https:\/\/up.lublin.pl\/bip\/wp-content\/uploads\/sites\/9\/2026\/04\/Regulamin-Przetargu-Newa.pdf\" class=\"mn-more\" target=\"_blank\">Zobacz<\/a>\n                                            <\/div>\n                                        <\/div>\n\t\t\t\t\t\t                                <\/div>\n\t\t\t\t                <div class=\"mn-content-block\">\n\t                                <\/div>\n\t\t\t\t                <div class=\"mn-content-block\">\n\t                                <\/div>\n\t\t\t\t                <div class=\"mn-content-block\">\n\t                                <\/div>\n\t\t\t\t                <div class=\"mn-content-block\">\n\t                                <\/div>\n\t\t\t\t                <div class=\"mn-content-block\">\n\t                                <\/div>\n\t\t\t\t                <div class=\"mn-content-block\">\n\t                                <\/div>\n\t\t\t\t                <div class=\"mn-content-block\">\n\t                                <\/div>\n\t\t\t\t                <div class=\"mn-content-block\">\n\t                                <\/div>\n\t\t\t\t                <div class=\"mn-content-block\">\n\t                                <\/div>\n\t\t\t\t                <div class=\"mn-content-block\">\n\t                                <\/div>\n\t\t\t\t                <div class=\"mn-content-block\">\n\t                                <\/div>\n\t\t\t\t                <div class=\"mn-content-block\">\n\t                                <\/div>\n\t\t\t\t                <div class=\"mn-content-block\">\n\t                                <\/div>\n\t\t\t\t                <div class=\"mn-content-block\">\n\t                                <\/div>\n\t\t\t\t                <div class=\"mn-content-block\">\n\t                                <\/div>\n\t\t\t\t                <div class=\"mn-content-block\">\n\t                                <\/div>\n\t\t\t\t                <div class=\"mn-content-block\">\n\t                                <\/div>\n\t\t\t\t                <div class=\"mn-content-block\">\n\t                                <\/div>\n\t\t\t\t                <div class=\"mn-content-block\">\n\t                                <\/div>\n\t\t\t\t\t\t<\/div>\n\t<\/div>\n<\/section>\n\t\t<\/div>\n\t\t\t\t<\/div>\n\t\t\t\t\t\t<\/div>\n\t\t\t\t\t<\/div>\n\t\t<\/div>\n\t\t\t\t\t\t\t\t<\/div>\n\t\t\t\t\t<\/div>\n\t\t<\/section>\n\t\t\t\t\t\t<\/div>\n\t\t\t\t\t\t<\/div>\n\t\t\t\t\t<\/div>\n\t\t","protected":false},"excerpt":{"rendered":"<p>Uniwersytet Przyrodniczy w&nbsp;Lublinie\u00a0og\u0142asza\u00a0przetarg nieograniczony na sprzeda\u017c \u015brodk\u00f3w trwa\u0142ych stanowi\u0105cych w\u0142asno\u015b\u0107 Uniwersytetu Przyrodniczego w&nbsp;Lublinie, na kt\u00f3re sk\u0142ada si\u0119: jeden ko\u0144 \u015arodki rzeczowe stanowi\u0105ce przedmiot przetargu znajduj\u0105 si\u0119 na terenie Uczelni: O\u015brodek Je\u017adziecki Uniwersytetu Przyrodniczego w&nbsp;Lublinie ul. Do\u015bwiadczalna 50, 20-280 Lublin O\u015brodek Je\u017adziecki Uniwersytetu Przyrodniczego w&nbsp;Lublinie umo\u017cliwia obejrzenie i&nbsp;zapoznanie si\u0119 ze stanem koni w&nbsp;dniu: 20.04.2026 r. w&nbsp;godz. [&hellip;]<\/p>\n","protected":false},"author":2,"featured_media":83799,"comment_status":"closed","ping_status":"closed","sticky":false,"template":"elementor_header_footer","format":"standard","meta":{"_monsterinsights_skip_tracking":false,"_monsterinsights_sitenote_active":false,"_monsterinsights_sitenote_note":"","_monsterinsights_sitenote_category":0},"categories":[95],"tags":[],"_links":{"self":[{"href":"https:\/\/up.lublin.pl\/bip\/wp-json\/wp\/v2\/posts\/92535"}],"collection":[{"href":"https:\/\/up.lublin.pl\/bip\/wp-json\/wp\/v2\/posts"}],"about":[{"href":"https:\/\/up.lublin.pl\/bip\/wp-json\/wp\/v2\/types\/post"}],"author":[{"embeddable":true,"href":"https:\/\/up.lublin.pl\/bip\/wp-json\/wp\/v2\/users\/2"}],"replies":[{"embeddable":true,"href":"https:\/\/up.lublin.pl\/bip\/wp-json\/wp\/v2\/comments?post=92535"}],"version-history":[{"count":10,"href":"https:\/\/up.lublin.pl\/bip\/wp-json\/wp\/v2\/posts\/92535\/revisions"}],"predecessor-version":[{"id":92546,"href":"https:\/\/up.lublin.pl\/bip\/wp-json\/wp\/v2\/posts\/92535\/revisions\/92546"}],"wp:featuredmedia":[{"embeddable":true,"href":"https:\/\/up.lublin.pl\/bip\/wp-json\/wp\/v2\/media\/83799"}],"wp:attachment":[{"href":"https:\/\/up.lublin.pl\/bip\/wp-json\/wp\/v2\/media?parent=92535"}],"wp:term":[{"taxonomy":"category","embeddable":true,"href":"https:\/\/up.lublin.pl\/bip\/wp-json\/wp\/v2\/categories?post=92535"},{"taxonomy":"post_tag","embeddable":true,"href":"https:\/\/up.lublin.pl\/bip\/wp-json\/wp\/v2\/tags?post=92535"}],"curies":[{"name":"wp","href":"https:\/\/api.w.org\/{rel}","templated":true}]}}