{"id":92262,"date":"2026-03-17T14:10:13","date_gmt":"2026-03-17T13:10:13","guid":{"rendered":"https:\/\/up.lublin.pl\/bip\/?p=92262"},"modified":"2026-03-17T14:14:32","modified_gmt":"2026-03-17T13:14:32","slug":"ogloszenie-o-przetargu-na-najem-pomieszczen","status":"publish","type":"post","link":"https:\/\/up.lublin.pl\/bip\/ogloszenie-o-przetargu-na-najem-pomieszczen\/","title":{"rendered":"Og\u0142oszenie o przetargu na najem pomieszcze\u0144"},"content":{"rendered":"\t\t<div data-elementor-type=\"wp-post\" data-elementor-id=\"92262\" class=\"elementor elementor-92262\" data-elementor-settings=\"[]\">\n\t\t\t\t\t\t<div class=\"elementor-inner\">\n\t\t\t\t\t\t\t<div class=\"elementor-section-wrap\">\n\t\t\t\t\t\t\t<section class=\"elementor-section elementor-top-section elementor-element elementor-element-23aa829 elementor-section-boxed elementor-section-height-default elementor-section-height-default\" data-id=\"23aa829\" data-element_type=\"section\">\n\t\t\t\t\t\t<div class=\"elementor-container elementor-column-gap-default\">\n\t\t\t\t\t\t\t<div class=\"elementor-row\">\n\t\t\t\t\t<div class=\"elementor-column elementor-col-100 elementor-top-column elementor-element elementor-element-95cb2a6\" data-id=\"95cb2a6\" data-element_type=\"column\">\n\t\t\t<div class=\"elementor-column-wrap elementor-element-populated\">\n\t\t\t\t\t\t\t<div class=\"elementor-widget-wrap\">\n\t\t\t\t\t\t<div class=\"elementor-element elementor-element-27fac3f elementor-widget elementor-widget-m5c\" data-id=\"27fac3f\" data-element_type=\"widget\" data-widget_type=\"m5c.default\">\n\t\t\t\t<div class=\"elementor-widget-container\">\n\t\t\t<section class=\"mn-m5-c mn-m5-d2 mn-bg-white\">\n\t<div class=\"mn-grid\">\n\t\t\t\t<div class=\"mn-content mn-grid-9\">\n\t\t\t                <div class=\"mn-content-block active\">\n\t                                                        <div class=\"block-text\">\n\t                                        <p style=\"text-align: center;\"><strong>Og\u0142oszenie o&nbsp;przetargu na najem pomieszcze\u0144<\/strong><\/p>\n<p style=\"text-align: center;\">Uniwersytet Przyrodniczy w&nbsp;Lublinie, z&nbsp;siedzib\u0105 w&nbsp;Lublinie\u00a0ul. Akademickiej 13,\u00a0og\u0142asza pisemny przetarg nieograniczony na najem pomieszcze\u0144\u00a0w budynku po\u0142o\u017conym\u00a0przy ul. G\u0142\u0119bokiej 30<\/p>\n<ol style=\"list-style-type: upper-roman;\">\n<li><strong>Przedmiot\u00a0 przetargu<\/strong><br \/>Przedmiotem\u00a0przetargu jest wynajem pomieszcze\u0144 o&nbsp;numerach 101,102, 103, 104, 112, 113, 114, i&nbsp;115\u00a0o \u0142\u0105cznej powierzchni 162,5 m<sup>2<\/sup>, zlokalizowanych w&nbsp;budynku Chirurgii Ma\u0142ych Zwierz\u0105t po\u0142o\u017conym w&nbsp;Lublinie przy ul. G\u0142\u0119bokiej 30, z&nbsp;przeznaczeniem na dzia\u0142alno\u015b\u0107 szkoleniow\u0105\u00a0z zakresu\u00a0najnowszych technologii (automatyzacji, robotyzacji) wykorzystywanych w&nbsp;zabiegach chirurgicznych.<br \/>Przeznaczone do wynajmu pomieszczenia wyposa\u017cone s\u0105 w&nbsp;instalacj\u0119: elektryczn\u0105, ciepln\u0105, wodno-kanalizacyjn\u0105.<br \/>Przewidywany okres wynajmu \u2013 1 rok.<\/li>\n<li><strong>Cena wywo\u0142awcza<\/strong><br \/>Wywo\u0142awcza wysoko\u015b\u0107 miesi\u0119cznego czynszu wynosi 16 000,00 z\u0142<br \/>Powy\u017csza warto\u015b\u0107 powi\u0119kszona b\u0119dzie o&nbsp;podatek VAT w&nbsp;wysoko\u015bci wynikaj\u0105cej z&nbsp;obowi\u0105zuj\u0105cych przepis\u00f3w.<br \/>Powy\u017csza warto\u015b\u0107 obejmuje dodatkowe koszty wynikaj\u0105ce z&nbsp;eksploatacji pomieszcze\u0144 tj. koszty energii cieplnej, energii elektrycznej, zu\u017cycia wody, odbioru odpad\u00f3w oraz podatek od nieruchomo\u015bci.<br \/>Koszty przystosowania \u00a0wynajmowanych pomieszcze\u0144 na potrzeby prowadzonej dzia\u0142alno\u015bci obci\u0105\u017c\u0105 Najemc\u0119 bez prawa domagania si\u0119 ich zwrotu od Wynajmuj\u0105cego.<\/li>\n<li><strong>Dodatkowe wymagania wobec Najemcy<\/strong><br \/>Najemca w&nbsp;okresie wynajmu zagwarantuje bezp\u0142atnie uczestnictwo\u00a0co najmniej 5 pracownik\u00f3w Wynajmuj\u0105cego w&nbsp;szkoleniach\u00a0organizowanych w&nbsp;wynajmowanych pomieszczeniach.<\/li>\n<li><strong>Informacje dodatkowe<\/strong><br \/>Zapoznanie si\u0119 ze stanem technicznym pomieszcze\u0144 przeznaczonych do wynajmu mo\u017cliwe jest od dnia og\u0142oszenia przetargu do dnia 1 kwietnia 2026 r.<\/li>\n<li><strong>Wadium<\/strong><br \/>Wadium w&nbsp;wysoko\u015bci 16 000,00\u00a0z\u0142 nale\u017cy wp\u0142aci\u0107 w&nbsp;terminie do 7 kwietnia 2026 r. na rachunek<br \/>nr 69 1240 5497 1111 0000 5007 1353<br \/>Wadium wniesione przez oferenta, kt\u00f3rego oferta zostanie wybrana zaliczone zostanie na poczet\u00a0kaucji\u00a0zabezpieczaj\u0105cej roszczenia Wynajmuj\u0105cego.<\/li>\n<li><strong>Warunki, termin i&nbsp;miejsce sk\u0142adania ofert<\/strong><br \/>Oferty wy\u0142\u0105cznie na za\u0142\u0105czonym do niniejszego og\u0142oszenia formularzu ofertowym nale\u017cy sk\u0142ada\u0107 w&nbsp;terminie\u00a0do 7 kwietnia 2026 r. w&nbsp;zamkni\u0119tych kopertach\u00a0z dopiskiem \u201eNajem \u2013 Kliniki\u201d w&nbsp;Sekretariacie Uczelni, Lublin ul. Akademicka 13 pok. 261 w&nbsp;godz. 8.00-14.00\u00a0lub \u00a0za po\u015brednictwem poczty na adres Uniwersytet Przyrodniczy w&nbsp;Lublinie ul. Akademicka 13, 20-950 Lublin.<br \/>Oferta powinna zawiera\u0107\u00a0formularz ofertowy wraz z&nbsp;kompletem\u00a0ponumerowanych za\u0142\u0105cznik\u00f3w\u00a0 wymienionych w&nbsp;formularzu. Wszystkie dokumenty\u00a0zwi\u0105zane z&nbsp;ofert\u0105 nale\u017cy sporz\u0105dzi\u0107 w&nbsp;j\u0119zyku polskim oraz podpisa\u0107 wszystkie strony do\u0142\u0105czonych dokument\u00f3w.<\/li>\n<li><strong>Termin i&nbsp;spos\u00f3b rozstrzygni\u0119cia przetargu<\/strong><br \/>Otwarcie ofert nast\u0105pi w&nbsp;dniu 9 kwietnia 2026 r. o&nbsp;godz. 10.00.<br \/>Umowa najmu podpisana zostanie z&nbsp;oferentem, kt\u00f3ry zaoferowa\u0142 najwy\u017csz\u0105 cen\u0119.<\/li>\n<li style=\"text-align: left;\"><strong>Informacje dodatkowe<\/strong><br \/>Wynajmuj\u0105cy zastrzega sobie prawo uniewa\u017cnienia post\u0119powania\u00a0na ka\u017cdym jego etapie\u00a0bez podania przyczyn.<br \/>Informacj\u0119 o&nbsp;wynikach post\u0119powania zostanie przes\u0142ana\u00a0oferentom, na wskazany w&nbsp;ofercie adres e-mail.<\/li>\n<li><strong>Za\u0142\u0105czniki:<\/strong><\/li>\n<\/ol>\n                                        <\/div>\n\t\t\t\t\t\t                                                        <div class=\"mn-cards-list\">\n                                            <div class=\"mn-card-container\">\n                                                <div>\n                                                    <img src=\"https:\/\/up.lublin.pl\/bip\/wp-content\/themes\/up-lublin\/assets\/images\/doc-ico.svg\" alt=\"\" \/>\n                                                    <h5>Za\u0142\u0105cznik nr 1 \u2013 formularz ofertowy (.docx)<\/h5>\n                                                <\/div>\n                                                <a href=\"https:\/\/up.lublin.pl\/bip\/wp-content\/uploads\/sites\/9\/2026\/03\/formularz-ofertowy-kliniki.docx\" class=\"mn-more\" target=\"_blank\">Zobacz<\/a>\n                                            <\/div>\n                                        <\/div>\n\t\t\t\t\t\t                                                        <div class=\"mn-cards-list\">\n                                            <div class=\"mn-card-container\">\n                                                <div>\n                                                    <img src=\"https:\/\/up.lublin.pl\/bip\/wp-content\/themes\/up-lublin\/assets\/images\/doc-ico.svg\" alt=\"\" \/>\n                                                    <h5>Za\u0142\u0105cznik nr 2  - Regulamin zbywania lub oddawania do korzystania przez inne podmioty z&nbsp;nieruchomo\u015bci pozostaj\u0105cych we w\u0142adaniu Uniwersytetu Przyrodniczego w&nbsp;Lublinie (.pdf)<\/h5>\n                                                <\/div>\n                                                <a href=\"https:\/\/up.lublin.pl\/bip\/wp-content\/uploads\/sites\/9\/2024\/10\/Regulamin-zbywania-lub-oddawania-do-korzystania-przez-inne-podmioty-nieruchomosci-pozostajacych-we-wladaniu-Uniwersytetu-Przyrodniczego-w-Lublinie.pdf\" class=\"mn-more\" target=\"_blank\">Zobacz<\/a>\n                                            <\/div>\n                                        <\/div>\n\t\t\t\t\t\t                                                        <div class=\"mn-cards-list\">\n                                            <div class=\"mn-card-container\">\n                                                <div>\n                                                    <img src=\"https:\/\/up.lublin.pl\/bip\/wp-content\/themes\/up-lublin\/assets\/images\/doc-ico.svg\" alt=\"\" \/>\n                                                    <h5>Za\u0142\u0105cznik nr 3 \u2013 projekt umowy najmu (.docx)<\/h5>\n                                                <\/div>\n                                                <a href=\"https:\/\/up.lublin.pl\/bip\/wp-content\/uploads\/sites\/9\/2026\/03\/Umowa-najmu-kliniki.docx\" class=\"mn-more\" target=\"_blank\">Zobacz<\/a>\n                                            <\/div>\n                                        <\/div>\n\t\t\t\t\t\t                                <\/div>\n\t\t\t\t                <div class=\"mn-content-block\">\n\t                                <\/div>\n\t\t\t\t                <div class=\"mn-content-block\">\n\t                                <\/div>\n\t\t\t\t                <div class=\"mn-content-block\">\n\t                                <\/div>\n\t\t\t\t                <div class=\"mn-content-block\">\n\t                                <\/div>\n\t\t\t\t                <div class=\"mn-content-block\">\n\t                                <\/div>\n\t\t\t\t                <div class=\"mn-content-block\">\n\t                                <\/div>\n\t\t\t\t                <div class=\"mn-content-block\">\n\t                                <\/div>\n\t\t\t\t                <div class=\"mn-content-block\">\n\t                                <\/div>\n\t\t\t\t                <div class=\"mn-content-block\">\n\t                                <\/div>\n\t\t\t\t                <div class=\"mn-content-block\">\n\t                                <\/div>\n\t\t\t\t                <div class=\"mn-content-block\">\n\t                                <\/div>\n\t\t\t\t                <div class=\"mn-content-block\">\n\t                                <\/div>\n\t\t\t\t                <div class=\"mn-content-block\">\n\t                                <\/div>\n\t\t\t\t                <div class=\"mn-content-block\">\n\t                                <\/div>\n\t\t\t\t                <div class=\"mn-content-block\">\n\t                                <\/div>\n\t\t\t\t                <div class=\"mn-content-block\">\n\t                                <\/div>\n\t\t\t\t                <div class=\"mn-content-block\">\n\t                                <\/div>\n\t\t\t\t                <div class=\"mn-content-block\">\n\t                                <\/div>\n\t\t\t\t                <div class=\"mn-content-block\">\n\t                                <\/div>\n\t\t\t\t\t\t<\/div>\n\t<\/div>\n<\/section>\n\t\t<\/div>\n\t\t\t\t<\/div>\n\t\t\t\t\t\t<\/div>\n\t\t\t\t\t<\/div>\n\t\t<\/div>\n\t\t\t\t\t\t\t\t<\/div>\n\t\t\t\t\t<\/div>\n\t\t<\/section>\n\t\t\t\t\t\t<\/div>\n\t\t\t\t\t\t<\/div>\n\t\t\t\t\t<\/div>\n\t\t","protected":false},"excerpt":{"rendered":"<p>Og\u0142oszenie o&nbsp;przetargu na najem pomieszcze\u0144 Uniwersytet Przyrodniczy w&nbsp;Lublinie, z&nbsp;siedzib\u0105 w&nbsp;Lublinie\u00a0ul. Akademickiej 13,\u00a0og\u0142asza pisemny przetarg nieograniczony na najem pomieszcze\u0144\u00a0w budynku po\u0142o\u017conym\u00a0przy ul. G\u0142\u0119bokiej 30 Przedmiot\u00a0 przetarguPrzedmiotem\u00a0przetargu jest wynajem pomieszcze\u0144 o&nbsp;numerach 101,102, 103, 104, 112, 113, 114, i&nbsp;115\u00a0o \u0142\u0105cznej powierzchni 162,5 m2, zlokalizowanych w&nbsp;budynku Chirurgii Ma\u0142ych Zwierz\u0105t po\u0142o\u017conym w&nbsp;Lublinie przy ul. G\u0142\u0119bokiej 30, z&nbsp;przeznaczeniem na dzia\u0142alno\u015b\u0107 szkoleniow\u0105\u00a0z [&hellip;]<\/p>\n","protected":false},"author":2,"featured_media":83799,"comment_status":"closed","ping_status":"closed","sticky":false,"template":"elementor_header_footer","format":"standard","meta":{"_monsterinsights_skip_tracking":false,"_monsterinsights_sitenote_active":false,"_monsterinsights_sitenote_note":"","_monsterinsights_sitenote_category":0},"categories":[95],"tags":[],"_links":{"self":[{"href":"https:\/\/up.lublin.pl\/bip\/wp-json\/wp\/v2\/posts\/92262"}],"collection":[{"href":"https:\/\/up.lublin.pl\/bip\/wp-json\/wp\/v2\/posts"}],"about":[{"href":"https:\/\/up.lublin.pl\/bip\/wp-json\/wp\/v2\/types\/post"}],"author":[{"embeddable":true,"href":"https:\/\/up.lublin.pl\/bip\/wp-json\/wp\/v2\/users\/2"}],"replies":[{"embeddable":true,"href":"https:\/\/up.lublin.pl\/bip\/wp-json\/wp\/v2\/comments?post=92262"}],"version-history":[{"count":4,"href":"https:\/\/up.lublin.pl\/bip\/wp-json\/wp\/v2\/posts\/92262\/revisions"}],"predecessor-version":[{"id":92268,"href":"https:\/\/up.lublin.pl\/bip\/wp-json\/wp\/v2\/posts\/92262\/revisions\/92268"}],"wp:featuredmedia":[{"embeddable":true,"href":"https:\/\/up.lublin.pl\/bip\/wp-json\/wp\/v2\/media\/83799"}],"wp:attachment":[{"href":"https:\/\/up.lublin.pl\/bip\/wp-json\/wp\/v2\/media?parent=92262"}],"wp:term":[{"taxonomy":"category","embeddable":true,"href":"https:\/\/up.lublin.pl\/bip\/wp-json\/wp\/v2\/categories?post=92262"},{"taxonomy":"post_tag","embeddable":true,"href":"https:\/\/up.lublin.pl\/bip\/wp-json\/wp\/v2\/tags?post=92262"}],"curies":[{"name":"wp","href":"https:\/\/api.w.org\/{rel}","templated":true}]}}