{"id":91904,"date":"2026-02-03T13:49:06","date_gmt":"2026-02-03T12:49:06","guid":{"rendered":"https:\/\/up.lublin.pl\/bip\/?p=91904"},"modified":"2026-02-27T08:48:27","modified_gmt":"2026-02-27T07:48:27","slug":"ogloszenie-o-otwartym-naborze-partnera-do-projektu-fers-technologie-krytyczne","status":"publish","type":"post","link":"https:\/\/up.lublin.pl\/bip\/ogloszenie-o-otwartym-naborze-partnera-do-projektu-fers-technologie-krytyczne\/","title":{"rendered":"Og\u0142oszenie o otwartym naborze partnera do projektu FERS technologie krytyczne"},"content":{"rendered":"\t\t<div data-elementor-type=\"wp-post\" data-elementor-id=\"91904\" class=\"elementor elementor-91904\" data-elementor-settings=\"[]\">\n\t\t\t\t\t\t<div class=\"elementor-inner\">\n\t\t\t\t\t\t\t<div class=\"elementor-section-wrap\">\n\t\t\t\t\t\t\t<section class=\"elementor-section elementor-top-section elementor-element elementor-element-51a0d90 elementor-section-boxed elementor-section-height-default elementor-section-height-default\" data-id=\"51a0d90\" data-element_type=\"section\">\n\t\t\t\t\t\t<div class=\"elementor-container elementor-column-gap-default\">\n\t\t\t\t\t\t\t<div class=\"elementor-row\">\n\t\t\t\t\t<div class=\"elementor-column elementor-col-100 elementor-top-column elementor-element elementor-element-f6b10ea\" data-id=\"f6b10ea\" data-element_type=\"column\">\n\t\t\t<div class=\"elementor-column-wrap elementor-element-populated\">\n\t\t\t\t\t\t\t<div class=\"elementor-widget-wrap\">\n\t\t\t\t\t\t<div class=\"elementor-element elementor-element-2c1c5e8 elementor-widget elementor-widget-m5c\" data-id=\"2c1c5e8\" data-element_type=\"widget\" data-widget_type=\"m5c.default\">\n\t\t\t\t<div class=\"elementor-widget-container\">\n\t\t\t<section class=\"mn-m5-c mn-m5-d2 mn-bg-white\">\n\t<div class=\"mn-grid\">\n\t\t\t\t<div class=\"mn-content mn-grid-9\">\n\t\t\t                <div class=\"mn-content-block active\">\n\t                                                        <div class=\"block-text\">\n\t                                        <p>Uniwersytet Przyrodniczy w&nbsp;Lublinie, jako Wnioskodawca projektu, dzia\u0142aj\u0105c na podstawie art. 39 ustawy z&nbsp;dnia 28 kwietnia 2022 r. o&nbsp;zasadach realizacji zada\u0144 finansowanych ze \u015brodk\u00f3w europejskich w&nbsp;perspektywie finansowej 2021\u20132027, (Dz. U. 2022 poz. 1079 z&nbsp;p\u00f3\u017an.zm.), og\u0142asza otwarty nab\u00f3r partnera w&nbsp;celu wsp\u00f3lnego przygotowania i&nbsp;realizacji projektu planowanego do z\u0142o\u017cenia w&nbsp;ramach konkursu pn. \u201eKszta\u0142cenie na potrzeby technologii krytycznych\u201d nr FERS.01.05-IP.08-003\/25.<\/p>\n                                        <\/div>\n\t\t\t\t\t\t                                                        <div class=\"mn-cards-list\">\n                                            <div class=\"mn-card-container\">\n                                                <div>\n                                                    <img src=\"https:\/\/up.lublin.pl\/bip\/wp-content\/themes\/up-lublin\/assets\/images\/doc-ico.svg\" alt=\"\" \/>\n                                                    <h5>Regulamin naboru partnera do wsp\u00f3lnego przygotowania i&nbsp;realizacji projektu w&nbsp;ramach konkursu organizowanego przez Narodowe Centrum Bada\u0144 i&nbsp;Rozwoju pn. \u201eKszta\u0142cenie na potrzeby technologii krytycznych\u201d nr FERS.01.05-IP.08-003\/25 (pdf)<\/h5>\n                                                <\/div>\n                                                <a href=\"https:\/\/up.lublin.pl\/bip\/wp-content\/uploads\/sites\/9\/2026\/02\/Regulamin-naboru-Partnera-03.02.2026-r.-sig.pdf\" class=\"mn-more\" target=\"_blank\">Zobacz<\/a>\n                                            <\/div>\n                                        <\/div>\n\t\t\t\t\t\t                                                        <div class=\"mn-cards-list\">\n                                            <div class=\"mn-card-container\">\n                                                <div>\n                                                    <img src=\"https:\/\/up.lublin.pl\/bip\/wp-content\/themes\/up-lublin\/assets\/images\/doc-ico.svg\" alt=\"\" \/>\n                                                    <h5>Formularz ofertowy (.docx)<\/h5>\n                                                <\/div>\n                                                <a href=\"https:\/\/up.lublin.pl\/bip\/wp-content\/uploads\/sites\/9\/2026\/02\/Zal_1_formularz_ofertowy-03.02.2026-r..docx\" class=\"mn-more\" target=\"_blank\">Zobacz<\/a>\n                                            <\/div>\n                                        <\/div>\n\t\t\t\t\t\t                                                        <div class=\"mn-cards-list\">\n                                            <div class=\"mn-card-container\">\n                                                <div>\n                                                    <img src=\"https:\/\/up.lublin.pl\/bip\/wp-content\/themes\/up-lublin\/assets\/images\/doc-ico.svg\" alt=\"\" \/>\n                                                    <h5>Zawiadomienie o&nbsp;wyborze partnera (.pdf)<\/h5>\n                                                <\/div>\n                                                <a href=\"https:\/\/up.lublin.pl\/bip\/wp-content\/uploads\/sites\/9\/2026\/02\/27.02.2026-ZAWIADOMNIENIE-O-WYBORZE-PARTNERA.pdf\" class=\"mn-more\" target=\"_blank\">Zobacz<\/a>\n                                            <\/div>\n                                        <\/div>\n\t\t\t\t\t\t                                <\/div>\n\t\t\t\t                <div class=\"mn-content-block\">\n\t                                <\/div>\n\t\t\t\t                <div class=\"mn-content-block\">\n\t                                <\/div>\n\t\t\t\t                <div class=\"mn-content-block\">\n\t                                <\/div>\n\t\t\t\t                <div class=\"mn-content-block\">\n\t                                <\/div>\n\t\t\t\t                <div class=\"mn-content-block\">\n\t                                <\/div>\n\t\t\t\t                <div class=\"mn-content-block\">\n\t                                <\/div>\n\t\t\t\t                <div class=\"mn-content-block\">\n\t                                <\/div>\n\t\t\t\t                <div class=\"mn-content-block\">\n\t                                <\/div>\n\t\t\t\t                <div class=\"mn-content-block\">\n\t                                <\/div>\n\t\t\t\t                <div class=\"mn-content-block\">\n\t                                <\/div>\n\t\t\t\t                <div class=\"mn-content-block\">\n\t                                <\/div>\n\t\t\t\t                <div class=\"mn-content-block\">\n\t                                <\/div>\n\t\t\t\t                <div class=\"mn-content-block\">\n\t                                <\/div>\n\t\t\t\t                <div class=\"mn-content-block\">\n\t                                <\/div>\n\t\t\t\t                <div class=\"mn-content-block\">\n\t                                <\/div>\n\t\t\t\t                <div class=\"mn-content-block\">\n\t                                <\/div>\n\t\t\t\t                <div class=\"mn-content-block\">\n\t                                <\/div>\n\t\t\t\t                <div class=\"mn-content-block\">\n\t                                <\/div>\n\t\t\t\t                <div class=\"mn-content-block\">\n\t                                <\/div>\n\t\t\t\t\t\t<\/div>\n\t<\/div>\n<\/section>\n\t\t<\/div>\n\t\t\t\t<\/div>\n\t\t\t\t\t\t<\/div>\n\t\t\t\t\t<\/div>\n\t\t<\/div>\n\t\t\t\t\t\t\t\t<\/div>\n\t\t\t\t\t<\/div>\n\t\t<\/section>\n\t\t\t\t\t\t<\/div>\n\t\t\t\t\t\t<\/div>\n\t\t\t\t\t<\/div>\n\t\t","protected":false},"excerpt":{"rendered":"<p>Uniwersytet Przyrodniczy w&nbsp;Lublinie, jako Wnioskodawca projektu, dzia\u0142aj\u0105c na podstawie art. 39 ustawy z&nbsp;dnia 28 kwietnia 2022 r. o&nbsp;zasadach realizacji zada\u0144 finansowanych ze \u015brodk\u00f3w europejskich w&nbsp;perspektywie finansowej 2021\u20132027, (Dz. U. 2022 poz. 1079 z&nbsp;p\u00f3\u017an.zm.), og\u0142asza otwarty nab\u00f3r partnera w&nbsp;celu wsp\u00f3lnego przygotowania i&nbsp;realizacji projektu planowanego do z\u0142o\u017cenia w&nbsp;ramach konkursu pn. \u201eKszta\u0142cenie na potrzeby technologii krytycznych\u201d nr FERS.01.05-IP.08-003\/25. [&hellip;]<\/p>\n","protected":false},"author":2,"featured_media":86426,"comment_status":"closed","ping_status":"closed","sticky":false,"template":"elementor_header_footer","format":"standard","meta":{"_monsterinsights_skip_tracking":false,"_monsterinsights_sitenote_active":false,"_monsterinsights_sitenote_note":"","_monsterinsights_sitenote_category":0},"categories":[95],"tags":[],"_links":{"self":[{"href":"https:\/\/up.lublin.pl\/bip\/wp-json\/wp\/v2\/posts\/91904"}],"collection":[{"href":"https:\/\/up.lublin.pl\/bip\/wp-json\/wp\/v2\/posts"}],"about":[{"href":"https:\/\/up.lublin.pl\/bip\/wp-json\/wp\/v2\/types\/post"}],"author":[{"embeddable":true,"href":"https:\/\/up.lublin.pl\/bip\/wp-json\/wp\/v2\/users\/2"}],"replies":[{"embeddable":true,"href":"https:\/\/up.lublin.pl\/bip\/wp-json\/wp\/v2\/comments?post=91904"}],"version-history":[{"count":7,"href":"https:\/\/up.lublin.pl\/bip\/wp-json\/wp\/v2\/posts\/91904\/revisions"}],"predecessor-version":[{"id":92029,"href":"https:\/\/up.lublin.pl\/bip\/wp-json\/wp\/v2\/posts\/91904\/revisions\/92029"}],"wp:featuredmedia":[{"embeddable":true,"href":"https:\/\/up.lublin.pl\/bip\/wp-json\/wp\/v2\/media\/86426"}],"wp:attachment":[{"href":"https:\/\/up.lublin.pl\/bip\/wp-json\/wp\/v2\/media?parent=91904"}],"wp:term":[{"taxonomy":"category","embeddable":true,"href":"https:\/\/up.lublin.pl\/bip\/wp-json\/wp\/v2\/categories?post=91904"},{"taxonomy":"post_tag","embeddable":true,"href":"https:\/\/up.lublin.pl\/bip\/wp-json\/wp\/v2\/tags?post=91904"}],"curies":[{"name":"wp","href":"https:\/\/api.w.org\/{rel}","templated":true}]}}