{"id":91552,"date":"2025-11-03T14:46:41","date_gmt":"2025-11-03T13:46:41","guid":{"rendered":"https:\/\/up.lublin.pl\/bip\/?p=91552"},"modified":"2025-11-03T14:47:20","modified_gmt":"2025-11-03T13:47:20","slug":"przetarg-nieograniczony-na-sprzedaz-srodkow-trwalych-jeden-kon","status":"publish","type":"post","link":"https:\/\/up.lublin.pl\/bip\/przetarg-nieograniczony-na-sprzedaz-srodkow-trwalych-jeden-kon\/","title":{"rendered":"Przetarg nieograniczony na sprzeda\u017c \u015brodk\u00f3w trwa\u0142ych: jeden ko\u0144"},"content":{"rendered":"\t\t<div data-elementor-type=\"wp-post\" data-elementor-id=\"91552\" class=\"elementor elementor-91552\" data-elementor-settings=\"[]\">\n\t\t\t\t\t\t<div class=\"elementor-inner\">\n\t\t\t\t\t\t\t<div class=\"elementor-section-wrap\">\n\t\t\t\t\t\t\t<section class=\"elementor-section elementor-top-section elementor-element elementor-element-5a5a29b elementor-section-boxed elementor-section-height-default elementor-section-height-default\" data-id=\"5a5a29b\" data-element_type=\"section\">\n\t\t\t\t\t\t<div class=\"elementor-container elementor-column-gap-default\">\n\t\t\t\t\t\t\t<div class=\"elementor-row\">\n\t\t\t\t\t<div class=\"elementor-column elementor-col-100 elementor-top-column elementor-element elementor-element-f071392\" data-id=\"f071392\" data-element_type=\"column\">\n\t\t\t<div class=\"elementor-column-wrap elementor-element-populated\">\n\t\t\t\t\t\t\t<div class=\"elementor-widget-wrap\">\n\t\t\t\t\t\t<div class=\"elementor-element elementor-element-b6eca21 elementor-widget elementor-widget-m5c\" data-id=\"b6eca21\" data-element_type=\"widget\" data-widget_type=\"m5c.default\">\n\t\t\t\t<div class=\"elementor-widget-container\">\n\t\t\t<section class=\"mn-m5-c mn-m5-d2 mn-bg-white\">\n\t<div class=\"mn-grid\">\n\t\t\t\t<div class=\"mn-content mn-grid-9\">\n\t\t\t                <div class=\"mn-content-block active\">\n\t                                                        <div class=\"block-text\">\n\t                                        <p style=\"text-align: center;\"><strong>Uniwersytet Przyrodniczy w&nbsp;Lublinie<\/strong><br \/><strong>og\u0142asza<\/strong><br \/><strong>przetarg nieograniczony na sprzeda\u017c \u015brodk\u00f3w trwa\u0142ych stanowi\u0105cych w\u0142asno\u015b\u0107 Uniwersytetu Przyrodniczego w\u00a0Lublinie, na kt\u00f3re sk\u0142adaj\u0105 si\u0119:<\/strong><br \/><strong>jeden ko\u0144<\/strong><\/p>\n<p>\u015arodki rzeczowe stanowi\u0105ce przedmiot przetargu znajduj\u0105 si\u0119 na terenie Uczelni:<br \/>O\u015brodek Je\u017adziecki Uniwersytetu Przyrodniczego w&nbsp;Lublinie ul. Do\u015bwiadczalna 50, 20-280 Lublin<\/p>\n<p>O\u015brodek Je\u017adziecki Uniwersytetu Przyrodniczego w&nbsp;Lublinie umo\u017cliwia obejrzenie i&nbsp;zapoznanie si\u0119 ze stanem koni w&nbsp;dniu: 12.11.2025 r. w&nbsp;godz. 10-14.<\/p>\n<p>Kontakt: dr hab. Izabela Wilk, prof. uczelni, tel. 661-723-999<\/p>\n<p>Oferty mo\u017cna sk\u0142ada\u0107 do dnia 13.11.2025 r. do godz.10.00 w&nbsp;budynku Rektoratu, Lublin, ul. Akademicka 13, Sekretariat Uczelni pok. 261.<\/p>\n<p>Otwarcie ofert nast\u0105pi w&nbsp;dniu 13.11.2025 r. godz.10.30 w&nbsp;budynku Rektoratu Uniwersytetu Przyrodniczego w&nbsp;Lublinie, ul. Akademicka 13, pok. 501a.<\/p>\n<p>Warunkiem przyst\u0105pienia do przetargu jest z\u0142o\u017cenie oferty z\u00a0podaniem nazwy konia oraz oferowan\u0105 cen\u0105 brutto zakupu.<\/p>\n<p>Informacje o\u00a0przetargu mo\u017cna uzyska\u0107 w\u00a0Katedrze Hodowli i&nbsp;U\u017cytkowania Koni, pok.7, Lublin, ul. Do\u015bwiadczalna 50, tel. 81\u00a0710 24 55 w\u00a0godz. 8 \u2013 14.<\/p>\n<p>Uniwersytet Przyrodniczy w\u00a0Lublinie zastrzega sobie prawo odwo\u0142ania przetargu bez podania przyczyny.<\/p>\n<table style=\"border-collapse: collapse; width: 100%; height: 92px;\">\n<tbody>\n<tr style=\"height: 69px;\">\n<th style=\"width: 2.07895%; height: 69px;\">Lp.<\/th>\n<th style=\"width: 5.02636%; height: 69px;\">Nazwa konia<\/th>\n<th style=\"width: 5.34207%; height: 69px;\">Rasa konia<\/th>\n<th style=\"width: 15.8767%; height: 69px;\">P\u0142e\u0107<\/th>\n<th style=\"width: 8.15827%; height: 69px;\">Numer inwentarzowy<\/th>\n<th style=\"width: 8.45676%; height: 69px;\">Rok urodzenia<\/th>\n<th style=\"width: 31.2046%; height: 69px;\">Warto\u015b\u0107 rynkowa (brutto)<\/th>\n<th style=\"width: 23.8561%; height: 69px;\">Uwagi<\/th>\n<\/tr>\n<tr style=\"height: 23px;\">\n<td style=\"width: 2.07895%; height: 23px; vertical-align: middle;\">1<\/td>\n<td style=\"width: 5.02636%; height: 23px; vertical-align: middle;\">CZAS<\/td>\n<td style=\"width: 5.34207%; height: 23px; vertical-align: middle;\">ma\u0142opolska<\/td>\n<td style=\"width: 15.8767%; height: 23px; vertical-align: middle;\">wa\u0142ach<\/td>\n<td style=\"width: 8.15827%; height: 23px; vertical-align: middle;\">ZKK\/W0514\/7\/00132<\/td>\n<td style=\"width: 8.45676%; height: 23px; vertical-align: middle;\">2004<\/td>\n<td style=\"width: 31.2046%; height: 23px; vertical-align: middle;\">6 000,00<\/td>\n<td style=\"width: 23.8561%; height: 23px;\">ko\u0144 chodzi pod siod\u0142em, ze wzgl\u0119du na zaawansowany wiek mo\u017ce by\u0107 u\u017cytkowany jedynie podczas nieobci\u0105\u017caj\u0105cych jazd rekreacyjnych<\/td>\n<\/tr>\n<\/tbody>\n<\/table>\n                                        <\/div>\n\t\t\t\t\t\t                                                        <div class=\"mn-cards-list\">\n                                            <div class=\"mn-card-container\">\n                                                <div>\n                                                    <img src=\"https:\/\/up.lublin.pl\/bip\/wp-content\/themes\/up-lublin\/assets\/images\/doc-ico.svg\" alt=\"\" \/>\n                                                    <h5>regulamin przetargu (.pdf)<\/h5>\n                                                <\/div>\n                                                <a href=\"https:\/\/up.lublin.pl\/bip\/wp-content\/uploads\/sites\/9\/2025\/11\/Regulamin-Przetargu-Czas.pdf\" class=\"mn-more\" target=\"_blank\">Zobacz<\/a>\n                                            <\/div>\n                                        <\/div>\n\t\t\t\t\t\t                                <\/div>\n\t\t\t\t                <div class=\"mn-content-block\">\n\t                                <\/div>\n\t\t\t\t                <div class=\"mn-content-block\">\n\t                                <\/div>\n\t\t\t\t                <div class=\"mn-content-block\">\n\t                                <\/div>\n\t\t\t\t                <div class=\"mn-content-block\">\n\t                                <\/div>\n\t\t\t\t                <div class=\"mn-content-block\">\n\t                                <\/div>\n\t\t\t\t                <div class=\"mn-content-block\">\n\t                                <\/div>\n\t\t\t\t                <div class=\"mn-content-block\">\n\t                                <\/div>\n\t\t\t\t                <div class=\"mn-content-block\">\n\t                                <\/div>\n\t\t\t\t                <div class=\"mn-content-block\">\n\t                                <\/div>\n\t\t\t\t                <div class=\"mn-content-block\">\n\t                                <\/div>\n\t\t\t\t                <div class=\"mn-content-block\">\n\t                                <\/div>\n\t\t\t\t                <div class=\"mn-content-block\">\n\t                                <\/div>\n\t\t\t\t                <div class=\"mn-content-block\">\n\t                                <\/div>\n\t\t\t\t                <div class=\"mn-content-block\">\n\t                                <\/div>\n\t\t\t\t                <div class=\"mn-content-block\">\n\t                                <\/div>\n\t\t\t\t                <div class=\"mn-content-block\">\n\t                                <\/div>\n\t\t\t\t                <div class=\"mn-content-block\">\n\t                                <\/div>\n\t\t\t\t                <div class=\"mn-content-block\">\n\t                                <\/div>\n\t\t\t\t                <div class=\"mn-content-block\">\n\t                                <\/div>\n\t\t\t\t\t\t<\/div>\n\t<\/div>\n<\/section>\n\t\t<\/div>\n\t\t\t\t<\/div>\n\t\t\t\t\t\t<\/div>\n\t\t\t\t\t<\/div>\n\t\t<\/div>\n\t\t\t\t\t\t\t\t<\/div>\n\t\t\t\t\t<\/div>\n\t\t<\/section>\n\t\t\t\t\t\t<\/div>\n\t\t\t\t\t\t<\/div>\n\t\t\t\t\t<\/div>\n\t\t","protected":false},"excerpt":{"rendered":"<p>Uniwersytet Przyrodniczy w&nbsp;Lublinieog\u0142aszaprzetarg nieograniczony na sprzeda\u017c \u015brodk\u00f3w trwa\u0142ych stanowi\u0105cych w\u0142asno\u015b\u0107 Uniwersytetu Przyrodniczego w\u00a0Lublinie, na kt\u00f3re sk\u0142adaj\u0105 si\u0119:jeden ko\u0144 \u015arodki rzeczowe stanowi\u0105ce przedmiot przetargu znajduj\u0105 si\u0119 na terenie Uczelni:O\u015brodek Je\u017adziecki Uniwersytetu Przyrodniczego w&nbsp;Lublinie ul. Do\u015bwiadczalna 50, 20-280 Lublin O\u015brodek Je\u017adziecki Uniwersytetu Przyrodniczego w&nbsp;Lublinie umo\u017cliwia obejrzenie i&nbsp;zapoznanie si\u0119 ze stanem koni w&nbsp;dniu: 12.11.2025 r. w&nbsp;godz. 10-14. Kontakt: [&hellip;]<\/p>\n","protected":false},"author":2,"featured_media":83799,"comment_status":"closed","ping_status":"closed","sticky":false,"template":"elementor_header_footer","format":"standard","meta":{"_monsterinsights_skip_tracking":false,"_monsterinsights_sitenote_active":false,"_monsterinsights_sitenote_note":"","_monsterinsights_sitenote_category":0},"categories":[95],"tags":[],"_links":{"self":[{"href":"https:\/\/up.lublin.pl\/bip\/wp-json\/wp\/v2\/posts\/91552"}],"collection":[{"href":"https:\/\/up.lublin.pl\/bip\/wp-json\/wp\/v2\/posts"}],"about":[{"href":"https:\/\/up.lublin.pl\/bip\/wp-json\/wp\/v2\/types\/post"}],"author":[{"embeddable":true,"href":"https:\/\/up.lublin.pl\/bip\/wp-json\/wp\/v2\/users\/2"}],"replies":[{"embeddable":true,"href":"https:\/\/up.lublin.pl\/bip\/wp-json\/wp\/v2\/comments?post=91552"}],"version-history":[{"count":4,"href":"https:\/\/up.lublin.pl\/bip\/wp-json\/wp\/v2\/posts\/91552\/revisions"}],"predecessor-version":[{"id":91557,"href":"https:\/\/up.lublin.pl\/bip\/wp-json\/wp\/v2\/posts\/91552\/revisions\/91557"}],"wp:featuredmedia":[{"embeddable":true,"href":"https:\/\/up.lublin.pl\/bip\/wp-json\/wp\/v2\/media\/83799"}],"wp:attachment":[{"href":"https:\/\/up.lublin.pl\/bip\/wp-json\/wp\/v2\/media?parent=91552"}],"wp:term":[{"taxonomy":"category","embeddable":true,"href":"https:\/\/up.lublin.pl\/bip\/wp-json\/wp\/v2\/categories?post=91552"},{"taxonomy":"post_tag","embeddable":true,"href":"https:\/\/up.lublin.pl\/bip\/wp-json\/wp\/v2\/tags?post=91552"}],"curies":[{"name":"wp","href":"https:\/\/api.w.org\/{rel}","templated":true}]}}