{"id":91418,"date":"2025-10-03T12:27:21","date_gmt":"2025-10-03T10:27:21","guid":{"rendered":"https:\/\/up.lublin.pl\/bip\/?p=91418"},"modified":"2025-10-03T12:29:36","modified_gmt":"2025-10-03T10:29:36","slug":"projekt-partnerski-science4business-nauka-dla-biznesu","status":"publish","type":"post","link":"https:\/\/up.lublin.pl\/bip\/projekt-partnerski-science4business-nauka-dla-biznesu\/","title":{"rendered":"Projekt partnerski \u201eScience4Business \u2013 Nauka dla Biznesu\u201d w ramach z programu Fundusze Europejskie dla Nowoczesnej Gospodarki 2021-2027, Dzia\u0142anie 2.5."},"content":{"rendered":"\t\t<div data-elementor-type=\"wp-post\" data-elementor-id=\"91418\" class=\"elementor elementor-91418\" data-elementor-settings=\"[]\">\n\t\t\t\t\t\t<div class=\"elementor-inner\">\n\t\t\t\t\t\t\t<div class=\"elementor-section-wrap\">\n\t\t\t\t\t\t\t<section class=\"elementor-section elementor-top-section elementor-element elementor-element-3a9ead4 elementor-section-boxed elementor-section-height-default elementor-section-height-default\" data-id=\"3a9ead4\" data-element_type=\"section\">\n\t\t\t\t\t\t<div class=\"elementor-container elementor-column-gap-default\">\n\t\t\t\t\t\t\t<div class=\"elementor-row\">\n\t\t\t\t\t<div class=\"elementor-column elementor-col-100 elementor-top-column elementor-element elementor-element-c8245ee\" data-id=\"c8245ee\" data-element_type=\"column\">\n\t\t\t<div class=\"elementor-column-wrap elementor-element-populated\">\n\t\t\t\t\t\t\t<div class=\"elementor-widget-wrap\">\n\t\t\t\t\t\t<div class=\"elementor-element elementor-element-2e7c67e elementor-widget elementor-widget-m5c\" data-id=\"2e7c67e\" data-element_type=\"widget\" data-widget_type=\"m5c.default\">\n\t\t\t\t<div class=\"elementor-widget-container\">\n\t\t\t<section class=\"mn-m5-c mn-m5-d2 mn-bg-white\">\n\t<div class=\"mn-grid\">\n\t\t\t\t<div class=\"mn-content mn-grid-9\">\n\t\t\t                <div class=\"mn-content-block active\">\n\t                                                        <div class=\"block-text\">\n\t                                        <p><a href=\"https:\/\/up.lublin.pl\/bip\/wp-content\/uploads\/sites\/9\/2025\/10\/feng-logo.jpg\"><img loading=\"lazy\" class=\"aligncenter size-full wp-image-91421\" src=\"https:\/\/up.lublin.pl\/bip\/wp-content\/uploads\/sites\/9\/2025\/10\/feng-logo.jpg\" alt=\"w jednym rz\u0119dzie; logotyp Funduszy Europejskich dla Nowoczesnej Gospodarki, flaga Polski i&nbsp;napis Rzeczpospolita Polska, napis Dofinansowane przez Uni\u0119 Europejsk\u0105 oraz flaga UE\" width=\"1890\" height=\"259\" \/><\/a><\/p>\n<p><strong>Informacja o&nbsp;rozpocz\u0119ciu realizacji projektu partnerskiego \u201eScience4Business \u2013 Nauka dla Biznesu\u201d w&nbsp;ramach z&nbsp;programu Fundusze Europejskie dla Nowoczesnej Gospodarki 2021-2027, Dzia\u0142anie 2.5.<\/strong><\/p>\n<p>Zgodnie z&nbsp;art. 39 ust 8 ustawy z&nbsp;dnia 28 kwietnia 2022 r. o&nbsp;zasadach realizacji zada\u0144 finansowanych ze \u015brodk\u00f3w europejskich w&nbsp;perspektywie finansowej 2021-2027 (Dz. U&nbsp;z 2022 r., poz. 1079) podaje si\u0119 do publicznej wiadomo\u015bci informacj\u0119 o&nbsp;rozpocz\u0119ciu realizacji projektu partnerskiego pn. <em>\u201eScience4Business &#8211; Nauka dla biznesu&#8221;<\/em>, kt\u00f3ry jest finansowany z&nbsp;programu Fundusze Europejskie dla Nowoczesnej Gospodarki 2021-2027, Dzia\u0142anie 2.5.<\/p>\n<p>Data rozpocz\u0119cia realizacji projektu: 01.01.2024 r.<\/p>\n<p>Data zako\u0144czenia realizacji projektu: 31.12.2028 r.<\/p>\n<p>Data podpisania umowy: 28.08.2025 r.<\/p>\n<p>Dotacja z&nbsp;Unii Europejskiej i&nbsp;ca\u0142kowita warto\u015b\u0107 projektu: 296\u00a0700\u00a0000 PLN<\/p>\n<p>Dotacja dla konsorcjum: 12 596 622 z\u0142<\/p>\n<p>Dotacja dla Uniwersytetu Przyrodniczego w&nbsp;Lublinie: 2 998 727 z\u0142<\/p>\n<p>Uzasadnienie przyczyn przyst\u0105pienia do projektu:\u00a0<br \/>Celem projektu jest zwi\u0119kszenie efektywno\u015bci dzia\u0142a\u0144 Centr\u00f3w Transferu Technologii (CTT) i&nbsp;Sp\u00f3\u0142ek Celowych (S.C.) nale\u017c\u0105cych do organizacji badawczych w\u00a0zakresie wsp\u00f3\u0142pracy z&nbsp;biznesem, w&nbsp;tym poprzez komercjalizacj\u0119 wynik\u00f3w bada\u0144 naukowych i&nbsp;prac rozwojowych (B+R). Cel ten zostanie osi\u0105gni\u0119ty poprzez rozwijanie i\u00a0wzmacnianie zdolno\u015bci badawczych i&nbsp;innowacyjnych w&nbsp;organizacjach badawczych, w&nbsp;tym w&nbsp;Uniwersytecie Przyrodniczym w&nbsp;Lublinie oraz wykorzystywanie opracowanych rozwi\u0105za\u0144 technologicznych w\u00a0gospodarce. Realizacja Projektu obejmuje m.in. prowadzenie bada\u0144 przemys\u0142owych oraz eksperymentalnych prac rozwojowych; identyfikacj\u0119 rozwi\u0105za\u0144 o&nbsp;wysokim potencjale komercjalizacyjnym oraz ich rozw\u00f3j; promocj\u0119 oferty technologicznej; wzmacnianie wsp\u00f3\u0142pracy mi\u0119dzy \u015brodowiskiem naukowym a&nbsp;otoczeniem gospodarczym.<\/p>\n<p>Partner wiod\u0105cy: Minister Nauki i&nbsp;Szkolnictwa Wy\u017cszego<\/p>\n<p>Partnerzy: Uniwersytet Przyrodniczy w&nbsp;Lublinie w&nbsp;ramach Konsorcjum w&nbsp;sk\u0142adzie: Politechnika Lubelska (Lider Konsorcjum), Uniwersytet Marii Curie-Sk\u0142odowskiej w&nbsp;Lublinie, Uniwersytet Medyczny w&nbsp;Lublinie.<\/p>\n<p>#FunduszeUE #Dotacja #Porozumienie #Science4Business #FENG<\/p>\n                                        <\/div>\n\t\t\t\t\t\t                                <\/div>\n\t\t\t\t                <div class=\"mn-content-block\">\n\t                                <\/div>\n\t\t\t\t                <div class=\"mn-content-block\">\n\t                                <\/div>\n\t\t\t\t                <div class=\"mn-content-block\">\n\t                                <\/div>\n\t\t\t\t                <div class=\"mn-content-block\">\n\t                                <\/div>\n\t\t\t\t                <div class=\"mn-content-block\">\n\t                                <\/div>\n\t\t\t\t                <div class=\"mn-content-block\">\n\t                                <\/div>\n\t\t\t\t                <div class=\"mn-content-block\">\n\t                                <\/div>\n\t\t\t\t                <div class=\"mn-content-block\">\n\t                                <\/div>\n\t\t\t\t                <div class=\"mn-content-block\">\n\t                                <\/div>\n\t\t\t\t                <div class=\"mn-content-block\">\n\t                                <\/div>\n\t\t\t\t                <div class=\"mn-content-block\">\n\t                                <\/div>\n\t\t\t\t                <div class=\"mn-content-block\">\n\t                                <\/div>\n\t\t\t\t                <div class=\"mn-content-block\">\n\t                                <\/div>\n\t\t\t\t                <div class=\"mn-content-block\">\n\t                                <\/div>\n\t\t\t\t                <div class=\"mn-content-block\">\n\t                                <\/div>\n\t\t\t\t                <div class=\"mn-content-block\">\n\t                                <\/div>\n\t\t\t\t                <div class=\"mn-content-block\">\n\t                                <\/div>\n\t\t\t\t                <div class=\"mn-content-block\">\n\t                                <\/div>\n\t\t\t\t                <div class=\"mn-content-block\">\n\t                                <\/div>\n\t\t\t\t\t\t<\/div>\n\t<\/div>\n<\/section>\n\t\t<\/div>\n\t\t\t\t<\/div>\n\t\t\t\t\t\t<\/div>\n\t\t\t\t\t<\/div>\n\t\t<\/div>\n\t\t\t\t\t\t\t\t<\/div>\n\t\t\t\t\t<\/div>\n\t\t<\/section>\n\t\t\t\t\t\t<\/div>\n\t\t\t\t\t\t<\/div>\n\t\t\t\t\t<\/div>\n\t\t","protected":false},"excerpt":{"rendered":"<p>Informacja o&nbsp;rozpocz\u0119ciu realizacji projektu partnerskiego \u201eScience4Business \u2013 Nauka dla Biznesu\u201d w&nbsp;ramach z&nbsp;programu Fundusze Europejskie dla Nowoczesnej Gospodarki 2021-2027, Dzia\u0142anie 2.5. Zgodnie z&nbsp;art. 39 ust 8 ustawy z&nbsp;dnia 28 kwietnia 2022 r. o&nbsp;zasadach realizacji zada\u0144 finansowanych ze \u015brodk\u00f3w europejskich w&nbsp;perspektywie finansowej 2021-2027 (Dz. U&nbsp;z 2022 r., poz. 1079) podaje si\u0119 do publicznej wiadomo\u015bci informacj\u0119 o&nbsp;rozpocz\u0119ciu realizacji [&hellip;]<\/p>\n","protected":false},"author":2,"featured_media":91419,"comment_status":"closed","ping_status":"closed","sticky":false,"template":"elementor_header_footer","format":"standard","meta":{"_monsterinsights_skip_tracking":false,"_monsterinsights_sitenote_active":false,"_monsterinsights_sitenote_note":"","_monsterinsights_sitenote_category":0},"categories":[129],"tags":[],"_links":{"self":[{"href":"https:\/\/up.lublin.pl\/bip\/wp-json\/wp\/v2\/posts\/91418"}],"collection":[{"href":"https:\/\/up.lublin.pl\/bip\/wp-json\/wp\/v2\/posts"}],"about":[{"href":"https:\/\/up.lublin.pl\/bip\/wp-json\/wp\/v2\/types\/post"}],"author":[{"embeddable":true,"href":"https:\/\/up.lublin.pl\/bip\/wp-json\/wp\/v2\/users\/2"}],"replies":[{"embeddable":true,"href":"https:\/\/up.lublin.pl\/bip\/wp-json\/wp\/v2\/comments?post=91418"}],"version-history":[{"count":4,"href":"https:\/\/up.lublin.pl\/bip\/wp-json\/wp\/v2\/posts\/91418\/revisions"}],"predecessor-version":[{"id":91424,"href":"https:\/\/up.lublin.pl\/bip\/wp-json\/wp\/v2\/posts\/91418\/revisions\/91424"}],"wp:featuredmedia":[{"embeddable":true,"href":"https:\/\/up.lublin.pl\/bip\/wp-json\/wp\/v2\/media\/91419"}],"wp:attachment":[{"href":"https:\/\/up.lublin.pl\/bip\/wp-json\/wp\/v2\/media?parent=91418"}],"wp:term":[{"taxonomy":"category","embeddable":true,"href":"https:\/\/up.lublin.pl\/bip\/wp-json\/wp\/v2\/categories?post=91418"},{"taxonomy":"post_tag","embeddable":true,"href":"https:\/\/up.lublin.pl\/bip\/wp-json\/wp\/v2\/tags?post=91418"}],"curies":[{"name":"wp","href":"https:\/\/api.w.org\/{rel}","templated":true}]}}