{"id":90114,"date":"2024-11-28T14:00:20","date_gmt":"2024-11-28T13:00:20","guid":{"rendered":"https:\/\/up.lublin.pl\/bip\/?p=90114"},"modified":"2024-11-28T14:08:46","modified_gmt":"2024-11-28T13:08:46","slug":"przetarg-nieograniczony-up-konie","status":"publish","type":"post","link":"https:\/\/up.lublin.pl\/bip\/przetarg-nieograniczony-up-konie\/","title":{"rendered":"Przetarg nieograniczony na sprzeda\u017c \u015brodk\u00f3w trwa\u0142ych stanowi\u0105cych w\u0142asno\u015b\u0107 Uniwersytetu Przyrodniczego w Lublinie, na kt\u00f3re sk\u0142adaj\u0105 si\u0119: jeden kuc i jeden ko\u0144"},"content":{"rendered":"\t\t<div data-elementor-type=\"wp-post\" data-elementor-id=\"90114\" class=\"elementor elementor-90114\" data-elementor-settings=\"[]\">\n\t\t\t\t\t\t<div class=\"elementor-inner\">\n\t\t\t\t\t\t\t<div class=\"elementor-section-wrap\">\n\t\t\t\t\t\t\t<section class=\"elementor-section elementor-top-section elementor-element elementor-element-adf5c0f elementor-section-boxed elementor-section-height-default elementor-section-height-default\" data-id=\"adf5c0f\" data-element_type=\"section\">\n\t\t\t\t\t\t<div class=\"elementor-container elementor-column-gap-default\">\n\t\t\t\t\t\t\t<div class=\"elementor-row\">\n\t\t\t\t\t<div class=\"elementor-column elementor-col-100 elementor-top-column elementor-element elementor-element-2f1236e\" data-id=\"2f1236e\" data-element_type=\"column\">\n\t\t\t<div class=\"elementor-column-wrap elementor-element-populated\">\n\t\t\t\t\t\t\t<div class=\"elementor-widget-wrap\">\n\t\t\t\t\t\t<div class=\"elementor-element elementor-element-ff2b801 elementor-widget elementor-widget-m5c\" data-id=\"ff2b801\" data-element_type=\"widget\" data-widget_type=\"m5c.default\">\n\t\t\t\t<div class=\"elementor-widget-container\">\n\t\t\t<section class=\"mn-m5-c mn-m5-d2 mn-bg-white\">\n\t<div class=\"mn-grid\">\n\t\t\t\t<div class=\"mn-content mn-grid-9\">\n\t\t\t                <div class=\"mn-content-block active\">\n\t                                                        <div class=\"block-text\">\n\t                                        <p style=\"text-align: center;\"><strong>Uniwersytet Przyrodniczy w&nbsp;Lublinie <br \/>Og\u0142asza <br \/><\/strong><strong>przetarg nieograniczony na sprzeda\u017c \u015brodk\u00f3w trwa\u0142ych stanowi\u0105cych w\u0142asno\u015b\u0107 Uniwersytetu Przyrodniczego w\u00a0Lublinie, na kt\u00f3re sk\u0142adaj\u0105 si\u0119:<\/strong><strong><br \/>jeden kuc i&nbsp;jeden ko\u0144<\/strong><\/p>\n<p>\u015arodki rzeczowe stanowi\u0105ce przedmiot przetargu znajduj\u0105 si\u0119 na terenie Uczelni:<\/p>\n<p>O\u015brodek Je\u017adziecki Uniwersytetu Przyrodniczego w&nbsp;Lublinie ul. Do\u015bwiadczalna 50, 20-280 Lublin<\/p>\n<p>O\u015brodek Je\u017adziecki Uniwersytetu Przyrodniczego w&nbsp;Lublinie umo\u017cliwia obejrzenie <br \/>i zapoznanie si\u0119 ze stanem konia w&nbsp;dniu: 27.11.2024 w&nbsp;godz. 10-14.<\/p>\n<p>Kontakt: dr hab. Izabela Wilk, prof. uczelni, tel. 661-723-999<\/p>\n<p>Oferty mo\u017cna sk\u0142ada\u0107 do dnia 04.12.2024 do godz.10.00 w&nbsp;budynku Rektoratu, Lublin, ul. Akademicka 13, Sekretariat Uczelni pok.261.<\/p>\n<p>Otwarcie ofert nast\u0105pi w&nbsp;dniu 04.12.2024 godz.10.30 w&nbsp;budynku Rektoratu Uniwersytetu Przyrodniczego w&nbsp;Lublinie, ul. Akademicka 13, pok. 501a.<\/p>\n<p>Warunkiem przyst\u0105pienia do przetargu jest z\u0142o\u017cenie oferty z\u00a0podaniem nazwy konia oraz oferowan\u0105 cen\u0105 brutto zakupu.<\/p>\n<p>Informacje o\u00a0przetargu mo\u017cna uzyska\u0107 w\u00a0Katedrze Hodowli i&nbsp;U\u017cytkowania Koni, pok. 7, Lublin, ul. Do\u015bwiadczalna 50, tel. 81\u00a0710 24 55 w\u00a0godz. 8 \u2013 14.<\/p>\n<p>Uniwersytet Przyrodniczy w\u00a0Lublinie zastrzega sobie prawo odwo\u0142ania przetargu bez podania przyczyny.<\/p>\n<table style=\"border-collapse: collapse; width: 100%;\">\n<tbody>\n<tr>\n<th style=\"width: 5.41883%;\">Lp.<\/th>\n<th style=\"width: 16.127%;\">Nazwa konia<\/th>\n<th style=\"width: 10.6001%;\">Rasa konia<\/th>\n<th style=\"width: 11.9819%;\">P\u0142e\u0107<\/th>\n<th style=\"width: 11.6364%;\">Numer inwentarzowy<\/th>\n<th style=\"width: 11.6365%;\">Rok urodzenia<\/th>\n<th style=\"width: 12.8454%;\">Warto\u015b\u0107 rynkowa (brutto)<\/th>\n<th style=\"width: 19.7539%;\">Uwagi<\/th>\n<\/tr>\n<tr>\n<td style=\"width: 5.41883%; vertical-align: middle;\">1.<\/td>\n<td style=\"width: 16.127%; vertical-align: middle;\">ENNA 20.22 FN<\/td>\n<td style=\"width: 10.6001%; vertical-align: middle;\">\u00a0<\/td>\n<td style=\"width: 11.9819%; vertical-align: middle;\">klacz<\/td>\n<td style=\"width: 11.6364%; vertical-align: middle;\">\u00a0<\/td>\n<td style=\"width: 11.6365%; vertical-align: middle;\">2021<\/td>\n<td style=\"width: 12.8454%; vertical-align: middle;\">100,00<\/td>\n<td style=\"width: 19.7539%; vertical-align: middle;\">ko\u0144 trzyletni, nie przyuczony do pracy pod siod\u0142em ani w&nbsp;zaprz\u0119gu, ko\u0144 po chirurgicznym usuni\u0119ciu polipa z&nbsp;dr\u00f3g oddechowych<\/td>\n<\/tr>\n<\/tbody>\n<\/table>\n                                        <\/div>\n\t\t\t\t\t\t                                                        <div class=\"mn-cards-list\">\n                                            <div class=\"mn-card-container\">\n                                                <div>\n                                                    <img src=\"https:\/\/up.lublin.pl\/bip\/wp-content\/themes\/up-lublin\/assets\/images\/doc-ico.svg\" alt=\"\" \/>\n                                                    <h5>regulamin przetargu<\/h5>\n                                                <\/div>\n                                                <a href=\"https:\/\/up.lublin.pl\/bip\/wp-content\/uploads\/sites\/9\/2024\/11\/Regulamin-Przetargu-Koni_1124.pdf\" class=\"mn-more\" target=\"_blank\">Zobacz<\/a>\n                                            <\/div>\n                                        <\/div>\n\t\t\t\t\t\t                                <\/div>\n\t\t\t\t                <div class=\"mn-content-block\">\n\t                                <\/div>\n\t\t\t\t                <div class=\"mn-content-block\">\n\t                                <\/div>\n\t\t\t\t                <div class=\"mn-content-block\">\n\t                                <\/div>\n\t\t\t\t                <div class=\"mn-content-block\">\n\t                                <\/div>\n\t\t\t\t                <div class=\"mn-content-block\">\n\t                                <\/div>\n\t\t\t\t                <div class=\"mn-content-block\">\n\t                                <\/div>\n\t\t\t\t                <div class=\"mn-content-block\">\n\t                                <\/div>\n\t\t\t\t                <div class=\"mn-content-block\">\n\t                                <\/div>\n\t\t\t\t                <div class=\"mn-content-block\">\n\t                                <\/div>\n\t\t\t\t                <div class=\"mn-content-block\">\n\t                                <\/div>\n\t\t\t\t                <div class=\"mn-content-block\">\n\t                                <\/div>\n\t\t\t\t                <div class=\"mn-content-block\">\n\t                                <\/div>\n\t\t\t\t                <div class=\"mn-content-block\">\n\t                                <\/div>\n\t\t\t\t                <div class=\"mn-content-block\">\n\t                                <\/div>\n\t\t\t\t                <div class=\"mn-content-block\">\n\t                                <\/div>\n\t\t\t\t                <div class=\"mn-content-block\">\n\t                                <\/div>\n\t\t\t\t                <div class=\"mn-content-block\">\n\t                                <\/div>\n\t\t\t\t                <div class=\"mn-content-block\">\n\t                                <\/div>\n\t\t\t\t                <div class=\"mn-content-block\">\n\t                                <\/div>\n\t\t\t\t\t\t<\/div>\n\t<\/div>\n<\/section>\n\t\t<\/div>\n\t\t\t\t<\/div>\n\t\t\t\t\t\t<\/div>\n\t\t\t\t\t<\/div>\n\t\t<\/div>\n\t\t\t\t\t\t\t\t<\/div>\n\t\t\t\t\t<\/div>\n\t\t<\/section>\n\t\t\t\t\t\t<\/div>\n\t\t\t\t\t\t<\/div>\n\t\t\t\t\t<\/div>\n\t\t","protected":false},"excerpt":{"rendered":"<p>Uniwersytet Przyrodniczy w\u00a0Lublinie Og\u0142asza przetarg nieograniczony na sprzeda\u017c \u015brodk\u00f3w trwa\u0142ych stanowi\u0105cych w\u0142asno\u015b\u0107 Uniwersytetu Przyrodniczego w\u00a0Lublinie, na kt\u00f3re sk\u0142adaj\u0105 si\u0119: jeden kuc i\u00a0jeden ko\u0144 \u015arodki rzeczowe stanowi\u0105ce przedmiot przetargu znajduj\u0105 si\u0119 na terenie Uczelni: O\u015brodek Je\u017adziecki Uniwersytetu Przyrodniczego w\u00a0Lublinie ul. Do\u015bwiadczalna 50, 20-280 Lublin O\u015brodek Je\u017adziecki Uniwersytetu Przyrodniczego w\u00a0Lublinie umo\u017cliwia obejrzenie i zapoznanie si\u0119 ze stanem [&hellip;]<\/p>\n","protected":false},"author":2,"featured_media":83799,"comment_status":"closed","ping_status":"closed","sticky":false,"template":"elementor_header_footer","format":"standard","meta":{"_monsterinsights_skip_tracking":false,"_monsterinsights_sitenote_active":false,"_monsterinsights_sitenote_note":"","_monsterinsights_sitenote_category":0},"categories":[95],"tags":[],"_links":{"self":[{"href":"https:\/\/up.lublin.pl\/bip\/wp-json\/wp\/v2\/posts\/90114"}],"collection":[{"href":"https:\/\/up.lublin.pl\/bip\/wp-json\/wp\/v2\/posts"}],"about":[{"href":"https:\/\/up.lublin.pl\/bip\/wp-json\/wp\/v2\/types\/post"}],"author":[{"embeddable":true,"href":"https:\/\/up.lublin.pl\/bip\/wp-json\/wp\/v2\/users\/2"}],"replies":[{"embeddable":true,"href":"https:\/\/up.lublin.pl\/bip\/wp-json\/wp\/v2\/comments?post=90114"}],"version-history":[{"count":8,"href":"https:\/\/up.lublin.pl\/bip\/wp-json\/wp\/v2\/posts\/90114\/revisions"}],"predecessor-version":[{"id":90123,"href":"https:\/\/up.lublin.pl\/bip\/wp-json\/wp\/v2\/posts\/90114\/revisions\/90123"}],"wp:featuredmedia":[{"embeddable":true,"href":"https:\/\/up.lublin.pl\/bip\/wp-json\/wp\/v2\/media\/83799"}],"wp:attachment":[{"href":"https:\/\/up.lublin.pl\/bip\/wp-json\/wp\/v2\/media?parent=90114"}],"wp:term":[{"taxonomy":"category","embeddable":true,"href":"https:\/\/up.lublin.pl\/bip\/wp-json\/wp\/v2\/categories?post=90114"},{"taxonomy":"post_tag","embeddable":true,"href":"https:\/\/up.lublin.pl\/bip\/wp-json\/wp\/v2\/tags?post=90114"}],"curies":[{"name":"wp","href":"https:\/\/api.w.org\/{rel}","templated":true}]}}