{"id":89733,"date":"2024-09-18T09:38:52","date_gmt":"2024-09-18T07:38:52","guid":{"rendered":"https:\/\/up.lublin.pl\/bip\/?p=89733"},"modified":"2024-09-27T12:09:40","modified_gmt":"2024-09-27T10:09:40","slug":"rozpoznanie-cenowe-dotyczace-uslugi-prania-i-czyszczenia-na-sucho-uslugi-czyszczenia-wyrobow-wlokienniczych-uslugi-impregnowania-wyrobow-wlokienniczych-uslugi-prasowania-oraz-uslugi-odbier","status":"publish","type":"post","link":"https:\/\/up.lublin.pl\/bip\/rozpoznanie-cenowe-dotyczace-uslugi-prania-i-czyszczenia-na-sucho-uslugi-czyszczenia-wyrobow-wlokienniczych-uslugi-impregnowania-wyrobow-wlokienniczych-uslugi-prasowania-oraz-uslugi-odbier\/","title":{"rendered":"Rozpoznanie cenowe dotycz\u0105ce \u201eUs\u0142ugi prania i czyszczenia na sucho, us\u0142ugi czyszczenia wyrob\u00f3w w\u0142\u00f3kienniczych, us\u0142ugi impregnowania wyrob\u00f3w w\u0142\u00f3kienniczych, us\u0142ugi prasowania oraz us\u0142ugi odbierania prania\u201d"},"content":{"rendered":"\t\t<div data-elementor-type=\"wp-post\" data-elementor-id=\"89733\" class=\"elementor elementor-89733\" data-elementor-settings=\"[]\">\n\t\t\t\t\t\t<div class=\"elementor-inner\">\n\t\t\t\t\t\t\t<div class=\"elementor-section-wrap\">\n\t\t\t\t\t\t\t<section class=\"elementor-section elementor-top-section elementor-element elementor-element-6160989 elementor-section-boxed elementor-section-height-default elementor-section-height-default\" data-id=\"6160989\" data-element_type=\"section\">\n\t\t\t\t\t\t<div class=\"elementor-container elementor-column-gap-default\">\n\t\t\t\t\t\t\t<div class=\"elementor-row\">\n\t\t\t\t\t<div class=\"elementor-column elementor-col-100 elementor-top-column elementor-element elementor-element-61a433e\" data-id=\"61a433e\" data-element_type=\"column\">\n\t\t\t<div class=\"elementor-column-wrap elementor-element-populated\">\n\t\t\t\t\t\t\t<div class=\"elementor-widget-wrap\">\n\t\t\t\t\t\t<div class=\"elementor-element elementor-element-cb7c239 elementor-widget elementor-widget-m5c\" data-id=\"cb7c239\" data-element_type=\"widget\" data-widget_type=\"m5c.default\">\n\t\t\t\t<div class=\"elementor-widget-container\">\n\t\t\t<section class=\"mn-m5-c mn-m5-d2 mn-bg-white\">\n\t<div class=\"mn-grid\">\n\t\t\t\t<div class=\"mn-content mn-grid-9\">\n\t\t\t                <div class=\"mn-content-block active\">\n\t                                                        <div class=\"block-text\">\n\t                                        <p style=\"text-align: center;\"><strong>ZAPYTANIE OFERTOWE<\/strong><\/p>\n<p style=\"text-align: center;\"><strong>Uniwersytet Przyrodniczy w&nbsp;Lublinie, 20-950 Lublin, ul. Akademicka 13<\/strong><\/p>\n<p style=\"text-align: center;\"><strong>ZAPRASZA<\/strong><\/p>\n<p style=\"text-align: center;\"><strong>do z\u0142o\u017cenia oferty w&nbsp;sprawie wykonania:<\/strong><\/p>\n<p style=\"text-align: center;\"><strong>\u201eUs\u0142ugi prania i&nbsp;czyszczenia na sucho, us\u0142ugi czyszczenia wyrob\u00f3w w\u0142\u00f3kienniczych, us\u0142ugi impregnowania wyrob\u00f3w w\u0142\u00f3kienniczych, us\u0142ugi prasowania oraz us\u0142ugi odbierania prania\u201d<\/strong><\/p>\n<p style=\"text-align: center;\"><em>\u00a0(post\u0119powanie realizowane na podstawie Instrukcji udzielania zam\u00f3wie\u0144 na dostawy, us\u0142ugi i&nbsp;roboty budowlane w&nbsp;Uniwersytecie Przyrodniczym w&nbsp;Lublinie o&nbsp;warto\u015bci mniejszej ni\u017c kwota 130 000 z\u0142otych)<\/em><\/p>\n<p style=\"text-align: center;\"><strong>\u00a0<\/strong><\/p>\n<ol>\n<li><strong> Opis sposobu przygotowania oferty:<\/strong><\/li>\n<\/ol>\n<p>1\/ nale\u017cy j\u0105 z\u0142o\u017cy\u0107*:<\/p>\n<p>a\/ w&nbsp;jednej zamkni\u0119tej kopercie,<\/p>\n<p>b\/ e-mailem na adres: olga.michalska@up.lublin.pl<\/p>\n<p>2\/ na kopercie \/ w&nbsp;e-mailu* nale\u017cy umie\u015bci\u0107 nazw\u0119 i&nbsp;adres Zamawiaj\u0105cego, nazw\u0119 i\u00a0adres Wykonawcy oraz napis: Zapytanie ofertowe na:<\/p>\n<p>\u00a0<strong><u>\u201eUs\u0142ugi prania i&nbsp;czyszczenia na sucho, us\u0142ugi czyszczenia wyrob\u00f3w w\u0142\u00f3kienniczych, us\u0142ugi impregnowania wyrob\u00f3w w\u0142\u00f3kienniczych, us\u0142ugi prasowania oraz us\u0142ugi odbierania prania\u201d<\/u><\/strong><\/p>\n<p>3\/ ceny w&nbsp;niej podane maj\u0105 by\u0107 wyra\u017cone cyfr\u0105 i&nbsp;s\u0142ownie,<\/p>\n<p>4\/ ma by\u0107 napisana w&nbsp;j\u0119zyku polskim, czytelnie, trwa\u0142\u0105 technik\u0105,<\/p>\n<p>5\/ ma obejmowa\u0107 ca\u0142o\u015b\u0107 zam\u00f3wienia.<\/p>\n<ol start=\"2\">\n<li><strong> Opis przedmiotu zam\u00f3wienia:<\/strong><\/li>\n<\/ol>\n<p>Przedmiotem zam\u00f3wienia jest wykonanie us\u0142ug pralniczych obejmuj\u0105cych pranie, suszenie, maglowanie, prasowanie oraz transport poni\u017cej wymienionego asortymentu dla jednostek Uniwersytetu Przyrodniczego w&nbsp;Lublinie. Zakres zam\u00f3wienia obejmuje: bielizn\u0119 po\u015bcielow\u0105, obrusy, \u015bcierki, zas\u0142ony, firany, fartuchy, koce, r\u0119czniki, narzuty na kanap\u0119, ko\u0142dry, poduszki i&nbsp;odzie\u017c robocz\u0105.<\/p>\n<p><strong>\u00a0<\/strong><\/p>\n<ol start=\"3\">\n<li><strong>Wymagany termin realizacji zam\u00f3wienia:<\/strong><\/li>\n<\/ol>\n<p>Od 15.10.2024 r. do 14.10.2025 r.<\/p>\n<ol start=\"4\">\n<li><strong>Przy wyborze oferty Zamawiaj\u0105cy b\u0119dzie si\u0119 kierowa\u0142 nast\u0119puj\u0105cymi kryteriami: <\/strong><\/li>\n<\/ol>\n<p>1\/ Cena\u00a0 \u2013\u00a0 100 %,<\/p>\n<ol start=\"5\">\n<li><strong>Oferta wykonawcy ma zawiera\u0107 nast\u0119puj\u0105ce dokumenty:<\/strong><\/li>\n<\/ol>\n<p>1\/ formularz oferty wykonawcy wg za\u0142\u0105czonego do Zapytania ofertowego wzoru wraz z&nbsp;wype\u0142nion\u0105 tabel\u0105 \u00a0\u00a0\u00a0\u00a0\u00a0\u00a0\u00a0\u00a0\u00a0<br \/>\u00a0\u00a0\u00a0\u00a0\u00a0 kalkulacji cen us\u0142ugi pralniczej.<\/p>\n<p>2<strong>\/ <\/strong>dokumenty wyszczeg\u00f3lnione w&nbsp;za\u0142\u0105czniku nr 2 do zapytania ofertowego.<\/p>\n<p><strong>\u00a0<\/strong><\/p>\n<ol start=\"6\">\n<li><strong>Opis sposobu obliczenia ceny:<\/strong><\/li>\n<\/ol>\n<p>W cen\u0119 oferty nale\u017cy wliczy\u0107:<\/p>\n<p>1\/ warto\u015b\u0107 us\u0142ugi okre\u015blon\u0105 w&nbsp;oparciu o&nbsp;przedmiot zam\u00f3wienia,<\/p>\n<p>2\/ obowi\u0105zuj\u0105cy podatek od towar\u00f3w i&nbsp;us\u0142ug VAT.<\/p>\n<p><strong>Cena<\/strong> podana przez Wykonawc\u0119 jest sta\u0142a i&nbsp;nie b\u0119dzie podlega\u0142a waloryzacji w&nbsp;okresie realizacji zam\u00f3wienia.<\/p>\n<p>Zamawiaj\u0105cy wybierze ofert\u0119 najkorzystniejsz\u0105, odpowiadaj\u0105c\u0105 wszystkim postawionym przez niego wymogom.<\/p>\n<ol start=\"7\">\n<li><strong>Miejsce i&nbsp;termin z\u0142o\u017cenia oferty:<\/strong><\/li>\n<\/ol>\n<p>Ofert\u0119 nale\u017cy z\u0142o\u017cy\u0107 w&nbsp;terminie do dnia 23.09.2024 roku, do godz. 9.00 w&nbsp;jednej z&nbsp;dopuszczonych form, tj. <br \/>w zaklejonej kopercie* w&nbsp;siedzibie Zamawiaj\u0105cego, 20-950 Lublin, ul. Akademicka 13, pok. nr 175 \/lub<\/p>\n<p>e-mailem* na adres olga.michalska@up.lublin.pl.<\/p>\n<p>Oferta otrzymana przez Zamawiaj\u0105cego po terminie podanym powy\u017cej, nie b\u0119dzie oceniana, a&nbsp;je\u015bli zosta\u0142a z\u0142o\u017cona w&nbsp;zaklejonej kopercie, zostanie zwr\u00f3cona wykonawcy bez otwierania.\u00a0<\/p>\n<ol start=\"8\">\n<li><strong>Osobami uprawnionymi do kontakt\u00f3w z&nbsp;Wykonawcami jest:<\/strong><\/li>\n<\/ol>\n<p><strong>Pani Teresa Rusinek, \u00a0tel. 81\u00a0445-60-60, ul. Akademicka 13, pok. nr 176.<\/strong><\/p>\n<p><strong>Pani Magdalena Hetman, tel. 81\u00a0441-14-80, tel. 81\u00a0441-14-91 ul. Langiewicza 12, <\/strong><\/p>\n<p><strong>Dom Studencki \u201eESKULAP\u201d<\/strong><\/p>\n<p><strong>\u00a0<\/strong><\/p>\n<ol start=\"9\">\n<li><strong>Informacje dotycz\u0105ce udzielenia zam\u00f3wienia:<\/strong><\/li>\n<\/ol>\n<p>Niezw\u0142ocznie po wyborze najkorzystniejszej oferty Zamawiaj\u0105cy wy\u015ble do Wykonawcy umow\u0119\u00a0 w\u00a0 sprawie zam\u00f3wienia publicznego.*<\/p>\n<p><strong>\u00a0 \u00a0 \u00a0 \u00a0\u00a0<\/strong><\/p>\n<p><strong>Przygotowa\u0142a:\u00a0 Olga Michalska<\/strong><\/p>\n<p>\u00a0<\/p>\n<p><strong>\u00a0\u00a0\u00a0\u00a0\u00a0\u00a0\u00a0\u00a0\u00a0\u00a0\u00a0\u00a0\u00a0\u00a0\u00a0\u00a0\u00a0\u00a0\u00a0\u00a0\u00a0\u00a0\u00a0\u00a0\u00a0\u00a0\u00a0\u00a0\u00a0\u00a0\u00a0\u00a0\u00a0\u00a0\u00a0\u00a0\u00a0\u00a0\u00a0\u00a0\u00a0 <\/strong><\/p>\n<p>\u00a0<\/p>\n                                        <\/div>\n\t\t\t\t\t\t                                                        <div class=\"mn-cards-list\">\n                                            <div class=\"mn-card-container\">\n                                                <div>\n                                                    <img src=\"https:\/\/up.lublin.pl\/bip\/wp-content\/themes\/up-lublin\/assets\/images\/doc-ico.svg\" alt=\"\" \/>\n                                                    <h5>Informacja o&nbsp;rozstrzygni\u0119ciu<\/h5>\n                                                <\/div>\n                                                <a href=\"https:\/\/up.lublin.pl\/bip\/wp-content\/uploads\/sites\/9\/2024\/09\/informacja-o-rozstrzygnieciu.pdf\" class=\"mn-more\" target=\"_blank\">Zobacz<\/a>\n                                            <\/div>\n                                        <\/div>\n\t\t\t\t\t\t                                                        <div class=\"mn-cards-list\">\n                                            <div class=\"mn-card-container\">\n                                                <div>\n                                                    <img src=\"https:\/\/up.lublin.pl\/bip\/wp-content\/themes\/up-lublin\/assets\/images\/doc-ico.svg\" alt=\"\" \/>\n                                                    <h5>Szczeg\u00f3\u0142owy opis przedmiotu zam\u00f3wienia us\u0142ugi pralnicze<\/h5>\n                                                <\/div>\n                                                <a href=\"https:\/\/up.lublin.pl\/bip\/wp-content\/uploads\/sites\/9\/2024\/09\/2.-Szczegolowy-opis-przedmiotu-zamowienia-uslugi-pralnicze.doc\" class=\"mn-more\" target=\"_blank\">Zobacz<\/a>\n                                            <\/div>\n                                        <\/div>\n\t\t\t\t\t\t                                                        <div class=\"mn-cards-list\">\n                                            <div class=\"mn-card-container\">\n                                                <div>\n                                                    <img src=\"https:\/\/up.lublin.pl\/bip\/wp-content\/themes\/up-lublin\/assets\/images\/doc-ico.svg\" alt=\"\" \/>\n                                                    <h5>Szczeg\u00f3\u0142owa wycena us\u0142ugi tabela<\/h5>\n                                                <\/div>\n                                                <a href=\"https:\/\/up.lublin.pl\/bip\/wp-content\/uploads\/sites\/9\/2024\/09\/3.-Szczegolowa-wycena-uslugi-tabela.xlsx\" class=\"mn-more\" target=\"_blank\">Zobacz<\/a>\n                                            <\/div>\n                                        <\/div>\n\t\t\t\t\t\t                                                        <div class=\"mn-cards-list\">\n                                            <div class=\"mn-card-container\">\n                                                <div>\n                                                    <img src=\"https:\/\/up.lublin.pl\/bip\/wp-content\/themes\/up-lublin\/assets\/images\/doc-ico.svg\" alt=\"\" \/>\n                                                    <h5>Wykaz niezb\u0119dnych dokument\u00f3w 2024<\/h5>\n                                                <\/div>\n                                                <a href=\"https:\/\/up.lublin.pl\/bip\/wp-content\/uploads\/sites\/9\/2024\/09\/4.Wykaz-niezbednych-dokumentow-2024.doc\" class=\"mn-more\" target=\"_blank\">Zobacz<\/a>\n                                            <\/div>\n                                        <\/div>\n\t\t\t\t\t\t                                                        <div class=\"mn-cards-list\">\n                                            <div class=\"mn-card-container\">\n                                                <div>\n                                                    <img src=\"https:\/\/up.lublin.pl\/bip\/wp-content\/themes\/up-lublin\/assets\/images\/doc-ico.svg\" alt=\"\" \/>\n                                                    <h5>Oferta wykonawcy<\/h5>\n                                                <\/div>\n                                                <a href=\"https:\/\/up.lublin.pl\/bip\/wp-content\/uploads\/sites\/9\/2024\/09\/5.-OFERTA-WYKONAWCY.docx\" class=\"mn-more\" target=\"_blank\">Zobacz<\/a>\n                                            <\/div>\n                                        <\/div>\n\t\t\t\t\t\t                                                        <div class=\"mn-cards-list\">\n                                            <div class=\"mn-card-container\">\n                                                <div>\n                                                    <img src=\"https:\/\/up.lublin.pl\/bip\/wp-content\/themes\/up-lublin\/assets\/images\/doc-ico.svg\" alt=\"\" \/>\n                                                    <h5>O\u015bwiadczenie o&nbsp;niepodleganiu wykluczeniu<\/h5>\n                                                <\/div>\n                                                <a href=\"https:\/\/up.lublin.pl\/bip\/wp-content\/uploads\/sites\/9\/2024\/09\/6.Oswiadczenie-o-niepodleganiu-wykluczeniu.docx\" class=\"mn-more\" target=\"_blank\">Zobacz<\/a>\n                                            <\/div>\n                                        <\/div>\n\t\t\t\t\t\t                                                        <div class=\"mn-cards-list\">\n                                            <div class=\"mn-card-container\">\n                                                <div>\n                                                    <img src=\"https:\/\/up.lublin.pl\/bip\/wp-content\/themes\/up-lublin\/assets\/images\/doc-ico.svg\" alt=\"\" \/>\n                                                    <h5>Umowa pralnia wz\u00f3r<\/h5>\n                                                <\/div>\n                                                <a href=\"https:\/\/up.lublin.pl\/bip\/wp-content\/uploads\/sites\/9\/2024\/09\/7.Umowa-Pralnia-wzor.docx\" class=\"mn-more\" target=\"_blank\">Zobacz<\/a>\n                                            <\/div>\n                                        <\/div>\n\t\t\t\t\t\t                                <\/div>\n\t\t\t\t                <div class=\"mn-content-block\">\n\t                                <\/div>\n\t\t\t\t                <div class=\"mn-content-block\">\n\t                                <\/div>\n\t\t\t\t                <div class=\"mn-content-block\">\n\t                                <\/div>\n\t\t\t\t                <div class=\"mn-content-block\">\n\t                                <\/div>\n\t\t\t\t                <div class=\"mn-content-block\">\n\t                                <\/div>\n\t\t\t\t                <div class=\"mn-content-block\">\n\t                                <\/div>\n\t\t\t\t                <div class=\"mn-content-block\">\n\t                                <\/div>\n\t\t\t\t                <div class=\"mn-content-block\">\n\t                                <\/div>\n\t\t\t\t                <div class=\"mn-content-block\">\n\t                                <\/div>\n\t\t\t\t                <div class=\"mn-content-block\">\n\t                                <\/div>\n\t\t\t\t                <div class=\"mn-content-block\">\n\t                                <\/div>\n\t\t\t\t                <div class=\"mn-content-block\">\n\t                                <\/div>\n\t\t\t\t                <div class=\"mn-content-block\">\n\t                                <\/div>\n\t\t\t\t                <div class=\"mn-content-block\">\n\t                                <\/div>\n\t\t\t\t                <div class=\"mn-content-block\">\n\t                                <\/div>\n\t\t\t\t                <div class=\"mn-content-block\">\n\t                                <\/div>\n\t\t\t\t                <div class=\"mn-content-block\">\n\t                                <\/div>\n\t\t\t\t                <div class=\"mn-content-block\">\n\t                                <\/div>\n\t\t\t\t                <div class=\"mn-content-block\">\n\t                                <\/div>\n\t\t\t\t\t\t<\/div>\n\t<\/div>\n<\/section>\n\t\t<\/div>\n\t\t\t\t<\/div>\n\t\t\t\t\t\t<\/div>\n\t\t\t\t\t<\/div>\n\t\t<\/div>\n\t\t\t\t\t\t\t\t<\/div>\n\t\t\t\t\t<\/div>\n\t\t<\/section>\n\t\t\t\t\t\t<\/div>\n\t\t\t\t\t\t<\/div>\n\t\t\t\t\t<\/div>\n\t\t","protected":false},"excerpt":{"rendered":"<p>ZAPYTANIE OFERTOWE Uniwersytet Przyrodniczy w&nbsp;Lublinie, 20-950 Lublin, ul. Akademicka 13 ZAPRASZA do z\u0142o\u017cenia oferty w&nbsp;sprawie wykonania: \u201eUs\u0142ugi prania i&nbsp;czyszczenia na sucho, us\u0142ugi czyszczenia wyrob\u00f3w w\u0142\u00f3kienniczych, us\u0142ugi impregnowania wyrob\u00f3w w\u0142\u00f3kienniczych, us\u0142ugi prasowania oraz us\u0142ugi odbierania prania\u201d \u00a0(post\u0119powanie realizowane na podstawie Instrukcji udzielania zam\u00f3wie\u0144 na dostawy, us\u0142ugi i&nbsp;roboty budowlane w&nbsp;Uniwersytecie Przyrodniczym w&nbsp;Lublinie o&nbsp;warto\u015bci mniejszej ni\u017c kwota 130 [&hellip;]<\/p>\n","protected":false},"author":228,"featured_media":89713,"comment_status":"closed","ping_status":"closed","sticky":false,"template":"elementor_header_footer","format":"standard","meta":{"_monsterinsights_skip_tracking":false,"_monsterinsights_sitenote_active":false,"_monsterinsights_sitenote_note":"","_monsterinsights_sitenote_category":0},"categories":[95,1],"tags":[],"_links":{"self":[{"href":"https:\/\/up.lublin.pl\/bip\/wp-json\/wp\/v2\/posts\/89733"}],"collection":[{"href":"https:\/\/up.lublin.pl\/bip\/wp-json\/wp\/v2\/posts"}],"about":[{"href":"https:\/\/up.lublin.pl\/bip\/wp-json\/wp\/v2\/types\/post"}],"author":[{"embeddable":true,"href":"https:\/\/up.lublin.pl\/bip\/wp-json\/wp\/v2\/users\/228"}],"replies":[{"embeddable":true,"href":"https:\/\/up.lublin.pl\/bip\/wp-json\/wp\/v2\/comments?post=89733"}],"version-history":[{"count":29,"href":"https:\/\/up.lublin.pl\/bip\/wp-json\/wp\/v2\/posts\/89733\/revisions"}],"predecessor-version":[{"id":89812,"href":"https:\/\/up.lublin.pl\/bip\/wp-json\/wp\/v2\/posts\/89733\/revisions\/89812"}],"wp:featuredmedia":[{"embeddable":true,"href":"https:\/\/up.lublin.pl\/bip\/wp-json\/wp\/v2\/media\/89713"}],"wp:attachment":[{"href":"https:\/\/up.lublin.pl\/bip\/wp-json\/wp\/v2\/media?parent=89733"}],"wp:term":[{"taxonomy":"category","embeddable":true,"href":"https:\/\/up.lublin.pl\/bip\/wp-json\/wp\/v2\/categories?post=89733"},{"taxonomy":"post_tag","embeddable":true,"href":"https:\/\/up.lublin.pl\/bip\/wp-json\/wp\/v2\/tags?post=89733"}],"curies":[{"name":"wp","href":"https:\/\/api.w.org\/{rel}","templated":true}]}}