{"id":89533,"date":"2024-07-05T12:32:58","date_gmt":"2024-07-05T10:32:58","guid":{"rendered":"https:\/\/up.lublin.pl\/bip\/?p=89533"},"modified":"2024-07-05T12:42:46","modified_gmt":"2024-07-05T10:42:46","slug":"przetarg-nieograniczony-na-sprzedaz-srodkow-trwalych-stanowiacych-wlasnosc-uniwersytetu-przyrodniczego-w-lublinie-na-ktore-skladaja-sie-jeden-kuc-i-jeden-kon","status":"publish","type":"post","link":"https:\/\/up.lublin.pl\/bip\/przetarg-nieograniczony-na-sprzedaz-srodkow-trwalych-stanowiacych-wlasnosc-uniwersytetu-przyrodniczego-w-lublinie-na-ktore-skladaja-sie-jeden-kuc-i-jeden-kon\/","title":{"rendered":"Przetarg nieograniczony na sprzeda\u017c \u015brodk\u00f3w trwa\u0142ych stanowi\u0105cych w\u0142asno\u015b\u0107 Uniwersytetu Przyrodniczego w Lublinie, na kt\u00f3re sk\u0142adaj\u0105 si\u0119: jeden kuc i jeden ko\u0144"},"content":{"rendered":"\t\t<div data-elementor-type=\"wp-post\" data-elementor-id=\"89533\" class=\"elementor elementor-89533\" data-elementor-settings=\"[]\">\n\t\t\t\t\t\t<div class=\"elementor-inner\">\n\t\t\t\t\t\t\t<div class=\"elementor-section-wrap\">\n\t\t\t\t\t\t\t<section class=\"elementor-section elementor-top-section elementor-element elementor-element-675e8b6 elementor-section-boxed elementor-section-height-default elementor-section-height-default\" data-id=\"675e8b6\" data-element_type=\"section\">\n\t\t\t\t\t\t<div class=\"elementor-container elementor-column-gap-default\">\n\t\t\t\t\t\t\t<div class=\"elementor-row\">\n\t\t\t\t\t<div class=\"elementor-column elementor-col-100 elementor-top-column elementor-element elementor-element-b2238c5\" data-id=\"b2238c5\" data-element_type=\"column\">\n\t\t\t<div class=\"elementor-column-wrap elementor-element-populated\">\n\t\t\t\t\t\t\t<div class=\"elementor-widget-wrap\">\n\t\t\t\t\t\t<div class=\"elementor-element elementor-element-ed36527 elementor-widget elementor-widget-m5c\" data-id=\"ed36527\" data-element_type=\"widget\" data-widget_type=\"m5c.default\">\n\t\t\t\t<div class=\"elementor-widget-container\">\n\t\t\t<section class=\"mn-m5-c mn-m5-d2 mn-bg-white\">\n\t<div class=\"mn-grid\">\n\t\t\t\t<div class=\"mn-content mn-grid-9\">\n\t\t\t                <div class=\"mn-content-block active\">\n\t                                                        <div class=\"block-text\">\n\t                                        <p style=\"text-align: center;\"><strong>Uniwersytet Przyrodniczy w\u00a0Lublinie <\/strong><br \/><strong>og\u0142asza <\/strong><br \/><strong>przetarg nieograniczony na sprzeda\u017c \u015brodk\u00f3w trwa\u0142ych stanowi\u0105cych w\u0142asno\u015b\u0107 Uniwersytetu Przyrodniczego w\u00a0Lublinie, na kt\u00f3re sk\u0142adaj\u0105 si\u0119:<\/strong><br \/><strong>jeden kuc i&nbsp;jeden ko\u0144<\/strong><\/p>\n<p>\u015arodki rzeczowe stanowi\u0105ce przedmiot przetargu znajduj\u0105 si\u0119 na terenie Uczelni:<\/p>\n<p>O\u015brodek Je\u017adziecki Uniwersytetu Przyrodniczego w&nbsp;Lublinie ul. Do\u015bwiadczalna 50, 20-280 Lublin<\/p>\n<p>O\u015brodek Je\u017adziecki Uniwersytetu Przyrodniczego w&nbsp;Lublinie umo\u017cliwia obejrzenie i&nbsp;zapoznanie si\u0119 ze stanem koni w&nbsp;dniu: 10.07.2024 w&nbsp;godz. 10-14.<\/p>\n<p><strong>Kontakt<\/strong>: dr hab. Izabela Wilk, prof. uczelni, tel. 661-723-999<\/p>\n<p>Oferty mo\u017cna sk\u0142ada\u0107 d<strong>o dnia 11.07.2024 do godz. 10.00<\/strong> w&nbsp;budynku Rektoratu, Lublin, ul. Akademicka 13, Sekretariat Uczelni pok. 261.<\/p>\n<p>Otwarcie ofert nast\u0105pi w&nbsp;dniu 11.07.2024 godz. 10.30 w&nbsp;budynku Rektoratu Uniwersytetu Przyrodniczego w&nbsp;Lublinie, ul. Akademicka 13, pok. 501a.<\/p>\n<p>Warunkiem przyst\u0105pienia do przetargu jest z\u0142o\u017cenie oferty z\u00a0podaniem nazwy konia oraz oferowan\u0105 cen\u0105 brutto zakupu.<\/p>\n<p>Informacje o\u00a0przetargu mo\u017cna uzyska\u0107 w\u00a0Katedrze Hodowli i&nbsp;U\u017cytkowania Koni, pok. 7, Lublin, ul. Do\u015bwiadczalna 50, tel. 81\u00a0710 24 55 w\u00a0godz. 8 \u2013 14.<\/p>\n<p>Uniwersytet Przyrodniczy w\u00a0Lublinie zastrzega sobie prawo odwo\u0142ania przetargu bez podania przyczyny.<\/p>\n<table style=\"border-collapse: collapse; width: 100%; margin-bottom: 20px;\">\n<tbody>\n<tr>\n<th style=\"width: 4.87918%;\">Lp.<\/th>\n<th style=\"width: 14.9164%;\">Naza konia<\/th>\n<th style=\"width: 9.71184%;\">Rasa konia<\/th>\n<th style=\"width: 10.2695%;\">P\u0142e\u0107<\/th>\n<th style=\"width: 15.474%;\">Numer inwentarzowy<\/th>\n<th style=\"width: 8.41081%;\">Rok urodzenia<\/th>\n<th style=\"width: 13.6152%;\">Warto\u015b\u0107 rynkowa (brutto)<\/th>\n<th style=\"width: 22.7231%;\">Uwagi<\/th>\n<\/tr>\n<tr>\n<td style=\"width: 4.87918%; text-align: left; vertical-align: middle;\">1.<\/td>\n<td style=\"width: 14.9164%; vertical-align: middle; text-align: center;\">EMOZA<\/td>\n<td style=\"width: 9.71184%; text-align: left; vertical-align: middle;\">ma\u0142opolska<\/td>\n<td style=\"width: 10.2695%; vertical-align: middle; text-align: center;\">klacz<\/td>\n<td style=\"width: 15.474%; vertical-align: middle; text-align: center;\">W0514- ZKK 7\/167<\/td>\n<td style=\"width: 8.41081%; vertical-align: middle; text-align: center;\">2008<\/td>\n<td style=\"width: 13.6152%; vertical-align: middle; text-align: center;\">15 000,00<\/td>\n<td style=\"width: 22.7231%; text-align: left; vertical-align: middle;\">ko\u0144 chodzi pod siod\u0142em, skacze niewielkie przeszkody, nie mo\u017ce wychodzi\u0107 w&nbsp;stadzie z&nbsp;innymi ko\u0144mi<\/td>\n<\/tr>\n<tr>\n<td style=\"width: 4.87918%; vertical-align: middle; text-align: left;\">2.<\/td>\n<td style=\"width: 14.9164%; text-align: center; vertical-align: middle;\">MATAPAN 20.20.FN<\/td>\n<td style=\"width: 9.71184%; text-align: center; vertical-align: middle;\">kuc feli\u0144ski<\/td>\n<td style=\"width: 10.2695%; text-align: center; vertical-align: middle;\">ogier<\/td>\n<td style=\"width: 15.474%; text-align: center; vertical-align: middle;\">PZ 1\/2020<\/td>\n<td style=\"width: 8.41081%; text-align: center; vertical-align: middle;\">2020<\/td>\n<td style=\"width: 13.6152%; text-align: center; vertical-align: middle;\">10 000,00<\/td>\n<td style=\"width: 22.7231%; text-align: left;\">ko\u0144 m\u0142ody, nie przygotowany do pracy pod siod\u0142em i&nbsp;w zaprz\u0119gu, chodzi na uwi\u0105zie, podaje nogi<\/td>\n<\/tr>\n<\/tbody>\n<\/table>\n<p><strong>Do pobrania:<\/strong><\/p>\n                                        <\/div>\n\t\t\t\t\t\t                                                        <div class=\"mn-cards-list\">\n                                            <div class=\"mn-card-container\">\n                                                <div>\n                                                    <img src=\"https:\/\/up.lublin.pl\/bip\/wp-content\/themes\/up-lublin\/assets\/images\/doc-ico.svg\" alt=\"\" \/>\n                                                    <h5>Regulamin przetargu (.pdf)<\/h5>\n                                                <\/div>\n                                                <a href=\"https:\/\/up.lublin.pl\/bip\/wp-content\/uploads\/sites\/9\/2024\/07\/Regulamin-Przetargu-Koni-Emoza-Matapan.pdf\" class=\"mn-more\" target=\"_blank\">Zobacz<\/a>\n                                            <\/div>\n                                        <\/div>\n\t\t\t\t\t\t                                <\/div>\n\t\t\t\t                <div class=\"mn-content-block\">\n\t                                <\/div>\n\t\t\t\t                <div class=\"mn-content-block\">\n\t                                <\/div>\n\t\t\t\t                <div class=\"mn-content-block\">\n\t                                <\/div>\n\t\t\t\t                <div class=\"mn-content-block\">\n\t                                <\/div>\n\t\t\t\t                <div class=\"mn-content-block\">\n\t                                <\/div>\n\t\t\t\t                <div class=\"mn-content-block\">\n\t                                <\/div>\n\t\t\t\t                <div class=\"mn-content-block\">\n\t                                <\/div>\n\t\t\t\t                <div class=\"mn-content-block\">\n\t                                <\/div>\n\t\t\t\t                <div class=\"mn-content-block\">\n\t                                <\/div>\n\t\t\t\t                <div class=\"mn-content-block\">\n\t                                <\/div>\n\t\t\t\t                <div class=\"mn-content-block\">\n\t                                <\/div>\n\t\t\t\t                <div class=\"mn-content-block\">\n\t                                <\/div>\n\t\t\t\t                <div class=\"mn-content-block\">\n\t                                <\/div>\n\t\t\t\t                <div class=\"mn-content-block\">\n\t                                <\/div>\n\t\t\t\t                <div class=\"mn-content-block\">\n\t                                <\/div>\n\t\t\t\t                <div class=\"mn-content-block\">\n\t                                <\/div>\n\t\t\t\t                <div class=\"mn-content-block\">\n\t                                <\/div>\n\t\t\t\t                <div class=\"mn-content-block\">\n\t                                <\/div>\n\t\t\t\t                <div class=\"mn-content-block\">\n\t                                <\/div>\n\t\t\t\t\t\t<\/div>\n\t<\/div>\n<\/section>\n\t\t<\/div>\n\t\t\t\t<\/div>\n\t\t\t\t\t\t<\/div>\n\t\t\t\t\t<\/div>\n\t\t<\/div>\n\t\t\t\t\t\t\t\t<\/div>\n\t\t\t\t\t<\/div>\n\t\t<\/section>\n\t\t\t\t\t\t<\/div>\n\t\t\t\t\t\t<\/div>\n\t\t\t\t\t<\/div>\n\t\t","protected":false},"excerpt":{"rendered":"<p>Uniwersytet Przyrodniczy w\u00a0Lublinie og\u0142asza przetarg nieograniczony na sprzeda\u017c \u015brodk\u00f3w trwa\u0142ych stanowi\u0105cych w\u0142asno\u015b\u0107 Uniwersytetu Przyrodniczego w\u00a0Lublinie, na kt\u00f3re sk\u0142adaj\u0105 si\u0119:jeden kuc i&nbsp;jeden ko\u0144 \u015arodki rzeczowe stanowi\u0105ce przedmiot przetargu znajduj\u0105 si\u0119 na terenie Uczelni: O\u015brodek Je\u017adziecki Uniwersytetu Przyrodniczego w&nbsp;Lublinie ul. Do\u015bwiadczalna 50, 20-280 Lublin O\u015brodek Je\u017adziecki Uniwersytetu Przyrodniczego w&nbsp;Lublinie umo\u017cliwia obejrzenie i&nbsp;zapoznanie si\u0119 ze stanem koni w&nbsp;dniu: [&hellip;]<\/p>\n","protected":false},"author":2,"featured_media":86305,"comment_status":"closed","ping_status":"closed","sticky":false,"template":"elementor_header_footer","format":"standard","meta":{"_monsterinsights_skip_tracking":false,"_monsterinsights_sitenote_active":false,"_monsterinsights_sitenote_note":"","_monsterinsights_sitenote_category":0},"categories":[95],"tags":[],"_links":{"self":[{"href":"https:\/\/up.lublin.pl\/bip\/wp-json\/wp\/v2\/posts\/89533"}],"collection":[{"href":"https:\/\/up.lublin.pl\/bip\/wp-json\/wp\/v2\/posts"}],"about":[{"href":"https:\/\/up.lublin.pl\/bip\/wp-json\/wp\/v2\/types\/post"}],"author":[{"embeddable":true,"href":"https:\/\/up.lublin.pl\/bip\/wp-json\/wp\/v2\/users\/2"}],"replies":[{"embeddable":true,"href":"https:\/\/up.lublin.pl\/bip\/wp-json\/wp\/v2\/comments?post=89533"}],"version-history":[{"count":4,"href":"https:\/\/up.lublin.pl\/bip\/wp-json\/wp\/v2\/posts\/89533\/revisions"}],"predecessor-version":[{"id":89538,"href":"https:\/\/up.lublin.pl\/bip\/wp-json\/wp\/v2\/posts\/89533\/revisions\/89538"}],"wp:featuredmedia":[{"embeddable":true,"href":"https:\/\/up.lublin.pl\/bip\/wp-json\/wp\/v2\/media\/86305"}],"wp:attachment":[{"href":"https:\/\/up.lublin.pl\/bip\/wp-json\/wp\/v2\/media?parent=89533"}],"wp:term":[{"taxonomy":"category","embeddable":true,"href":"https:\/\/up.lublin.pl\/bip\/wp-json\/wp\/v2\/categories?post=89533"},{"taxonomy":"post_tag","embeddable":true,"href":"https:\/\/up.lublin.pl\/bip\/wp-json\/wp\/v2\/tags?post=89533"}],"curies":[{"name":"wp","href":"https:\/\/api.w.org\/{rel}","templated":true}]}}